{"id":315,"date":"2023-08-07T20:57:33","date_gmt":"2023-08-07T23:57:33","guid":{"rendered":"http:\/\/superinteressantes.com.br\/index.php\/2023\/08\/07\/agencia-minas-gerais-tribunal-de-justica-inicia-comemoracoes-dos-150-anos\/"},"modified":"2023-08-07T20:57:33","modified_gmt":"2023-08-07T23:57:33","slug":"agencia-minas-gerais-tribunal-de-justica-inicia-comemoracoes-dos-150-anos","status":"publish","type":"post","link":"https:\/\/superinteressantes.com.br\/index.php\/2023\/08\/07\/agencia-minas-gerais-tribunal-de-justica-inicia-comemoracoes-dos-150-anos\/","title":{"rendered":"Ag\u00eancia Minas Gerais | Tribunal de Justi\u00e7a inicia comemora\u00e7\u00f5es dos 150 anos"},"content":{"rendered":"<p><\/p>\n<div>\n<p>O governador Romeu Zema participou da solenidade de abertura das comemora\u00e7\u00f5es dos 150 anos do Tribunal de Justi\u00e7a de Minas Gerais (TJMG), nesta segunda-feira (8\/7). Ao parabenizar a Casa por esse marco de um s\u00e9culo e meio, Zema destacou o papel institucional da corte.<\/p>\n<figure class=\"image\" style=\"float:left\">&#13;<figcaption><em><sup>Cristiano Machado \/ Imprensa MG<\/sup><\/em><\/figcaption>&#13;<br \/>\n<\/figure>\n<p>\u201cQuero prezar o trabalho do Tribunal em rela\u00e7\u00e3o \u00e0 manuten\u00e7\u00e3o da nossa democracia e dos bons servi\u00e7os p\u00fablicos, um trabalho que a Justi\u00e7a tem feito, de um modo geral, e aqui n\u00e3o \u00e9 diferente\u201d, afirmou Zema, lembrando a coopera\u00e7\u00e3o entre os poderes ao longo dos \u00faltimos anos. \u201cRessalto o grande trabalho em conjunto entre o Executivo e este Tribunal de Justi\u00e7a, melhorando diversos servi\u00e7os p\u00fablicos prestados no estado em uma parceria a quatro m\u00e3os, que tem dado muitos frutos e novos projetos vir\u00e3o\u201d, assinalou o governador.<\/p>\n<p><strong>Cria\u00e7\u00e3o<\/strong><\/p>\n<p>O Tribunal de Rela\u00e7\u00e3o de Minas foi criado por publica\u00e7\u00e3o de decreto imperial de Dom Pedro II, no dia 6 de agosto de 1873, com sede em Ouro Preto, na ent\u00e3o capital da prov\u00edncia de Minas Gerais. Romeu Zema, o presidente do TJMG, Jos\u00e9 Arthur Filho, e o vice presidente da Assembleia Legislativa de Minas Gerais (ALMG), Duarte Bechir, enfeitaram a herma de Dom Pedro II com uma corbelha de flores.<\/p>\n<p>O presidente do TJMG relembrou a trajet\u00f3ria da corte at\u00e9 se tornar a segunda maior corte estadual do pa\u00eds, com 298 comarcas, 150 desembargadores, cerca de 900 ju\u00edzes e mais de 14 mil servidores. \u201c\u00c9 uma imensa honra presidir o Tribunal de Justi\u00e7a de Minas na ocasi\u00e3o em que celebramos o sesquicenten\u00e1rio de sua cria\u00e7\u00e3o\u201d, frisou Jos\u00e9 Arthur Filho.<\/p>\n<p>Ao longo dos anos o Poder Judici\u00e1rio mineiro recebeu o nome de Corte de Apela\u00e7\u00e3o, Tribunal de Apela\u00e7\u00e3o e, em 1946, recebeu a denomina\u00e7\u00e3o atual de Tribunal de Justi\u00e7a do Estado de Minas Gerais.<\/p>\n<p>\u00a0<\/p>\n<\/p><\/div>\n","protected":false},"excerpt":{"rendered":"<p>O governador Romeu Zema participou da solenidade de abertura das comemora\u00e7\u00f5es dos 150 anos do Tribunal de Justi\u00e7a de Minas Gerais (TJMG), nesta segunda-feira (8\/7). Ao parabenizar a Casa por esse marco de um s\u00e9culo e meio, Zema destacou o papel institucional da corte. &#13;Cristiano Machado \/ Imprensa MG&#13; \u201cQuero prezar o trabalho do Tribunal &#8230; <a title=\"Ag\u00eancia Minas Gerais | Tribunal de Justi\u00e7a inicia comemora\u00e7\u00f5es dos 150 anos\" class=\"read-more\" href=\"https:\/\/superinteressantes.com.br\/index.php\/2023\/08\/07\/agencia-minas-gerais-tribunal-de-justica-inicia-comemoracoes-dos-150-anos\/\" aria-label=\"More on Ag\u00eancia Minas Gerais | Tribunal de Justi\u00e7a inicia comemora\u00e7\u00f5es dos 150 anos\">Ler mais<\/a><\/p>\n","protected":false},"author":1,"featured_media":0,"comment_status":"open","ping_status":"open","sticky":false,"template":"","format":"standard","meta":{"footnotes":""},"categories":[1],"tags":[],"class_list":["post-315","post","type-post","status-publish","format-standard","hentry","category-sem-categoria"],"amp_enabled":true,"_links":{"self":[{"href":"https:\/\/superinteressantes.com.br\/index.php\/wp-json\/wp\/v2\/posts\/315","targetHints":{"allow":["GET"]}}],"collection":[{"href":"https:\/\/superinteressantes.com.br\/index.php\/wp-json\/wp\/v2\/posts"}],"about":[{"href":"https:\/\/superinteressantes.com.br\/index.php\/wp-json\/wp\/v2\/types\/post"}],"author":[{"embeddable":true,"href":"https:\/\/superinteressantes.com.br\/index.php\/wp-json\/wp\/v2\/users\/1"}],"replies":[{"embeddable":true,"href":"https:\/\/superinteressantes.com.br\/index.php\/wp-json\/wp\/v2\/comments?post=315"}],"version-history":[{"count":0,"href":"https:\/\/superinteressantes.com.br\/index.php\/wp-json\/wp\/v2\/posts\/315\/revisions"}],"wp:attachment":[{"href":"https:\/\/superinteressantes.com.br\/index.php\/wp-json\/wp\/v2\/media?parent=315"}],"wp:term":[{"taxonomy":"category","embeddable":true,"href":"https:\/\/superinteressantes.com.br\/index.php\/wp-json\/wp\/v2\/categories?post=315"},{"taxonomy":"post_tag","embeddable":true,"href":"https:\/\/superinteressantes.com.br\/index.php\/wp-json\/wp\/v2\/tags?post=315"}],"curies":[{"name":"wp","href":"https:\/\/api.w.org\/{rel}","templated":true}]}}