{"id":310,"date":"2023-08-07T17:37:18","date_gmt":"2023-08-07T20:37:18","guid":{"rendered":"http:\/\/superinteressantes.com.br\/index.php\/2023\/08\/07\/ingresso-solidario-arrecada-mais-de-2-000-quilos-de-alimentos\/"},"modified":"2023-08-07T17:37:18","modified_gmt":"2023-08-07T20:37:18","slug":"ingresso-solidario-arrecada-mais-de-2-000-quilos-de-alimentos","status":"publish","type":"post","link":"https:\/\/superinteressantes.com.br\/index.php\/2023\/08\/07\/ingresso-solidario-arrecada-mais-de-2-000-quilos-de-alimentos\/","title":{"rendered":"Ingresso Solid\u00e1rio arrecada mais de 2.000 quilos de alimentos"},"content":{"rendered":"<p><\/p>\n<div>\n<p><b>Paula Paz<\/b><br \/>&#13;<br \/>\n&#13;<br \/>\n                <span style=\"font-weight: bold;\">Fundo Social de Solidariedade<\/span><\/p>\n<p>Divers\u00e3o e solidariedade podem caminhar juntas. \u00c9 isso o que acontece com o\u00a0ingresso solid\u00e1rio.\u00a0Parceria do Fundo Social de Solidariedade com produtoras culturais possibilita que se ofere\u00e7a desconto na compra de ingresso mediante doa\u00e7\u00e3o de alimentos n\u00e3o perec\u00edveis.<\/p>\n<p>O Fundo arrecadou, neste fim de semana, por meio do ingresso solid\u00e1rio, mais de 2.000 quilos de alimentos.<\/p>\n<p>Para os produtores J\u00falio Moraes e S\u00e9rgio Nunes, organizadores dos eventos deste fim de semana, a parceria com o Fundo Social \u00e9 uma oportunidade de exercer a responsabilidade social e contribuir para um mundo melhor.<\/p>\n<p>O Fundo Social \u00e9 respons\u00e1vel por distribuir os alimentos \u00e0s entidades sociais cadastradas e, assim, atender \u00e0 popula\u00e7\u00e3o de vulnerabilidade social da cidade.<\/p>\n<p>Em raz\u00e3o do intenso trabalho do Fundo, S\u00e3o Jos\u00e9 dos Campos vem se consolidando como \u201cCidade Solid\u00e1ria\u201d a medida em que os eventos esportivos e culturais, sejam p\u00fablicos ou particulares, j\u00e1 se mostram preocupados com a responsabilidade social.<\/p>\n<p><strong>Mais\u00a0<\/strong><strong>informa\u00e7\u00f5es<\/strong><strong><br \/><\/strong>Telefone (012) 3911-8060<\/p>\n<p>\u00a0<\/p>\n<p>\u00a0<\/p>\n<p>\u00a0<\/p>\n<p>\u00a0<\/p>\n<p>&#13;<br \/>\n                        <strong>MAIS NOT\u00cdCIAS<\/strong><br \/>&#13;<br \/>\n                        Fundo Social de Solidariedade&#13;\n                    <\/p>\n<\/p><\/div>\n","protected":false},"excerpt":{"rendered":"<p>Paula Paz&#13; &#13; Fundo Social de Solidariedade Divers\u00e3o e solidariedade podem caminhar juntas. \u00c9 isso o que acontece com o\u00a0ingresso solid\u00e1rio.\u00a0Parceria do Fundo Social de Solidariedade com produtoras culturais possibilita que se ofere\u00e7a desconto na compra de ingresso mediante doa\u00e7\u00e3o de alimentos n\u00e3o perec\u00edveis. O Fundo arrecadou, neste fim de semana, por meio do ingresso &#8230; <a title=\"Ingresso Solid\u00e1rio arrecada mais de 2.000 quilos de alimentos\" class=\"read-more\" href=\"https:\/\/superinteressantes.com.br\/index.php\/2023\/08\/07\/ingresso-solidario-arrecada-mais-de-2-000-quilos-de-alimentos\/\" aria-label=\"More on Ingresso Solid\u00e1rio arrecada mais de 2.000 quilos de alimentos\">Ler mais<\/a><\/p>\n","protected":false},"author":1,"featured_media":0,"comment_status":"open","ping_status":"open","sticky":false,"template":"","format":"standard","meta":{"footnotes":""},"categories":[1],"tags":[],"class_list":["post-310","post","type-post","status-publish","format-standard","hentry","category-sem-categoria"],"amp_enabled":true,"_links":{"self":[{"href":"https:\/\/superinteressantes.com.br\/index.php\/wp-json\/wp\/v2\/posts\/310","targetHints":{"allow":["GET"]}}],"collection":[{"href":"https:\/\/superinteressantes.com.br\/index.php\/wp-json\/wp\/v2\/posts"}],"about":[{"href":"https:\/\/superinteressantes.com.br\/index.php\/wp-json\/wp\/v2\/types\/post"}],"author":[{"embeddable":true,"href":"https:\/\/superinteressantes.com.br\/index.php\/wp-json\/wp\/v2\/users\/1"}],"replies":[{"embeddable":true,"href":"https:\/\/superinteressantes.com.br\/index.php\/wp-json\/wp\/v2\/comments?post=310"}],"version-history":[{"count":0,"href":"https:\/\/superinteressantes.com.br\/index.php\/wp-json\/wp\/v2\/posts\/310\/revisions"}],"wp:attachment":[{"href":"https:\/\/superinteressantes.com.br\/index.php\/wp-json\/wp\/v2\/media?parent=310"}],"wp:term":[{"taxonomy":"category","embeddable":true,"href":"https:\/\/superinteressantes.com.br\/index.php\/wp-json\/wp\/v2\/categories?post=310"},{"taxonomy":"post_tag","embeddable":true,"href":"https:\/\/superinteressantes.com.br\/index.php\/wp-json\/wp\/v2\/tags?post=310"}],"curies":[{"name":"wp","href":"https:\/\/api.w.org\/{rel}","templated":true}]}}