{"id":308,"date":"2023-08-07T16:43:56","date_gmt":"2023-08-07T19:43:56","guid":{"rendered":"http:\/\/superinteressantes.com.br\/index.php\/2023\/08\/07\/prefeitura-de-cuiab-van-do-sine-da-gente-leva-oportunidades-de-emprego-ao-bairro-santa-isabel-e-regio\/"},"modified":"2023-08-07T16:43:56","modified_gmt":"2023-08-07T19:43:56","slug":"prefeitura-de-cuiab-van-do-sine-da-gente-leva-oportunidades-de-emprego-ao-bairro-santa-isabel-e-regio","status":"publish","type":"post","link":"https:\/\/superinteressantes.com.br\/index.php\/2023\/08\/07\/prefeitura-de-cuiab-van-do-sine-da-gente-leva-oportunidades-de-emprego-ao-bairro-santa-isabel-e-regio\/","title":{"rendered":"Prefeitura de Cuiab | Van do Sine da Gente leva oportunidades de emprego ao bairro Santa Isabel e regio"},"content":{"rendered":"<p><\/p>\n<div id=\"texto\" style=\" width:100%\">\n<div itemprop=\"articleBody\" class=\"textBody\">\n<p>Nesta ter\u00e7a-feira (8), quarta-feira (9) e quinta-feira (10), a comunidade do bairro Santa Isabel e regi\u00e3o ter\u00e1 acesso a diversas oportunidades de emprego atrav\u00e9s da van itinerante do Sine da Gente. A van estar\u00e1 estacionada no espa\u00e7o do Centro Familiar Jo\u00e3o Rossineto, na rua Dep. Celso Mendes Quintela s\/n, das 9h \u00e0s 12h e das 13h \u00e0s 16h.<\/p>\n<p>A iniciativa faz parte do programa Pra Frente Cuiab\u00e1, coordenado pela Secretaria de Agricultura, Trabalho e Desenvolvimento Econ\u00f4mico, que visa levar servi\u00e7os de empregabilidade aos bairros da Capital. A equipe do Sine da Gente disponibilizar\u00e1 mais de 700 vagas de emprego para diversos cargos e especialidades, incluindo vagas exclusivas para Pessoas com Defici\u00eancia (PCDs).<\/p>\n<p>Entre os servi\u00e7os oferecidos pela van est\u00e3o o balc\u00e3o de empregos, cadastro e capta\u00e7\u00e3o de vagas do com\u00e9rcio local, emiss\u00e3o da Carteira de Trabalho Digital e orienta\u00e7\u00e3o no Seguro Desemprego. Os interessados podem se candidatar atrav\u00e9s do aplicativo &#8220;Sine F\u00e1cil&#8221; ou acessando a p\u00e1gina virtual do Emprega Brasil em empregabrasil.mte.gov.br.<\/p>\n<p><strong>Canais de atendimento Sine Municipal de Cuiab\u00e1:<\/strong><\/p>\n<p>Sine Shopping Popular: das 9h \u00e0s 17h -Telefone e WhatsApp: (65) 3664-1503\/ 99251-7480<\/p>\n<p>Sine Coxip\u00f3: das 7h \u00e0s 17h &#8211; Telefone e WhatsApp: (65) 3675-3113\/ 99337-2799<\/p>\n<p>Sine Centro: das 9h \u00e0s 16h &#8211; Telefone: (65) 3321-0572<\/p>\n<p>Sine da Gente (Sine m\u00f3vel): toda semana em um bairro diferente de Cuiab\u00e1<\/p>\n<p>\u00a0<\/p>\n<\/div><\/div>\n","protected":false},"excerpt":{"rendered":"<p>Nesta ter\u00e7a-feira (8), quarta-feira (9) e quinta-feira (10), a comunidade do bairro Santa Isabel e regi\u00e3o ter\u00e1 acesso a diversas oportunidades de emprego atrav\u00e9s da van itinerante do Sine da Gente. A van estar\u00e1 estacionada no espa\u00e7o do Centro Familiar Jo\u00e3o Rossineto, na rua Dep. Celso Mendes Quintela s\/n, das 9h \u00e0s 12h e das &#8230; <a title=\"Prefeitura de Cuiab | Van do Sine da Gente leva oportunidades de emprego ao bairro Santa Isabel e regio\" class=\"read-more\" href=\"https:\/\/superinteressantes.com.br\/index.php\/2023\/08\/07\/prefeitura-de-cuiab-van-do-sine-da-gente-leva-oportunidades-de-emprego-ao-bairro-santa-isabel-e-regio\/\" aria-label=\"More on Prefeitura de Cuiab | Van do Sine da Gente leva oportunidades de emprego ao bairro Santa Isabel e regio\">Ler mais<\/a><\/p>\n","protected":false},"author":1,"featured_media":0,"comment_status":"open","ping_status":"open","sticky":false,"template":"","format":"standard","meta":{"footnotes":""},"categories":[1],"tags":[],"class_list":["post-308","post","type-post","status-publish","format-standard","hentry","category-sem-categoria"],"amp_enabled":true,"_links":{"self":[{"href":"https:\/\/superinteressantes.com.br\/index.php\/wp-json\/wp\/v2\/posts\/308","targetHints":{"allow":["GET"]}}],"collection":[{"href":"https:\/\/superinteressantes.com.br\/index.php\/wp-json\/wp\/v2\/posts"}],"about":[{"href":"https:\/\/superinteressantes.com.br\/index.php\/wp-json\/wp\/v2\/types\/post"}],"author":[{"embeddable":true,"href":"https:\/\/superinteressantes.com.br\/index.php\/wp-json\/wp\/v2\/users\/1"}],"replies":[{"embeddable":true,"href":"https:\/\/superinteressantes.com.br\/index.php\/wp-json\/wp\/v2\/comments?post=308"}],"version-history":[{"count":0,"href":"https:\/\/superinteressantes.com.br\/index.php\/wp-json\/wp\/v2\/posts\/308\/revisions"}],"wp:attachment":[{"href":"https:\/\/superinteressantes.com.br\/index.php\/wp-json\/wp\/v2\/media?parent=308"}],"wp:term":[{"taxonomy":"category","embeddable":true,"href":"https:\/\/superinteressantes.com.br\/index.php\/wp-json\/wp\/v2\/categories?post=308"},{"taxonomy":"post_tag","embeddable":true,"href":"https:\/\/superinteressantes.com.br\/index.php\/wp-json\/wp\/v2\/tags?post=308"}],"curies":[{"name":"wp","href":"https:\/\/api.w.org\/{rel}","templated":true}]}}