{"id":307,"date":"2023-08-07T15:55:58","date_gmt":"2023-08-07T18:55:58","guid":{"rendered":"http:\/\/superinteressantes.com.br\/index.php\/2023\/08\/07\/estudantes-do-ifsp-disputam-as-finais-estaduais-dos-jif-a-partir-desta-segunda-feira-ifsp\/"},"modified":"2023-08-07T15:55:58","modified_gmt":"2023-08-07T18:55:58","slug":"estudantes-do-ifsp-disputam-as-finais-estaduais-dos-jif-a-partir-desta-segunda-feira-ifsp","status":"publish","type":"post","link":"https:\/\/superinteressantes.com.br\/index.php\/2023\/08\/07\/estudantes-do-ifsp-disputam-as-finais-estaduais-dos-jif-a-partir-desta-segunda-feira-ifsp\/","title":{"rendered":"Estudantes do IFSP disputam as finais estaduais dos JIF a partir desta segunda-feira &#8211; IFSP"},"content":{"rendered":"<p><\/p>\n<div>\n<div class=\"subtitle\">\n<p><span data-contrast=\"auto\">Cerim\u00f4nia de abertura, realizada no gin\u00e1sio do Campus Barretos, contou com representantes de 30 delega\u00e7\u00f5es<\/span><span data-ccp-props=\"{&quot;201341983&quot;:0,&quot;335559739&quot;:160,&quot;335559740&quot;:259}\">\u00a0<\/span><\/p>\n<\/div>\n<p><!-- fim .content-header-options-1 --><\/p>\n<p><span data-ccp-props=\"{&quot;201341983&quot;:0,&quot;335559739&quot;:160,&quot;335559740&quot;:259}\"><\/span><span data-contrast=\"auto\">Foi realizada na noite deste domingo, 6 de agosto, no gin\u00e1sio do Campus Barretos, a cerim\u00f4nia de abertura das finais estaduais dos Jogos das Institui\u00e7\u00f5es Federais (JIF). Estiveram presentes representantes de 30 delega\u00e7\u00f5es entre os 33 campi que participar\u00e3o das disputas. A solenidade contou com a presen\u00e7a do reitor do IFSP, Silm\u00e1rio Batista dos Santos, do pr\u00f3-reitor de Ensino e presidente da comiss\u00e3o organizadora dos jogos, Carlos Proc\u00f3pio, da diretora-geral do Campus Barretos, Juliana de Carvalho Pimenta, e do secret\u00e1rio municipal de esportes Tony Vieira Carvalho.<\/span><span data-ccp-props=\"{&quot;201341983&quot;:0,&quot;335559739&quot;:160,&quot;335559740&quot;:259}\">\u00a0<\/span><\/p>\n<p><span data-contrast=\"auto\">O primeiro da mesa a falar sobre os JIF foi Carlos Proc\u00f3pio. Ele destacou que os jogos significam, acima de tudo, oportunidade. Uma experi\u00eancia para quem est\u00e1 \u00e0 frente da organiza\u00e7\u00e3o, pois representa um grande desafio mobilizar in\u00fameras pessoas para realizar um evento grandioso que conta com a participa\u00e7\u00e3o de centenas de discentes. \u201cOportunidade para os nossos estudantes de praticar esportes, de fazer amigos, de serem protagonistas. Os JIF s\u00e3o tamb\u00e9m uma importante ferramenta para promover a perman\u00eancia e o \u00eaxito dos nossos alunos\u201d, afirmou.<\/span><span data-ccp-props=\"{&quot;201341983&quot;:0,&quot;335559739&quot;:160,&quot;335559740&quot;:259}\">\u00a0<\/span><\/p>\n<p><span data-contrast=\"auto\"><span class=\"easy_img_caption\" style=\"display:inline-table;max-width:100%;box-sizing:border-box;vertical-align:top;background-color:#F2F2F2;padding:6px 6px 0px 6px;width:408px;float:right;margin: 10px;\"><span class=\"easy_img_caption_inner\" style=\"display:block;\"><span style=\"display:block;color:#000000;font-size:13px;line-height:1.3;font-weight:normal;font-style:normal;text-align:left;padding:4px 0px 4px 0px;margin:0px;\">Estudante-atleta Julya Oliveira proferindo o juramento dos jogos<\/span><\/span><\/span>Chance para mostrar seu talento no esporte e fazer novas amizades \u00e9 justamente o que a estudante Julya de Oliveira, aluna do 1\u00ba ano do Curso T\u00e9cnico Integrado em Alimentos do Campus Barretos, espera deste JIF. Ela, que foi a atleta respons\u00e1vel por proferir o juramento dos jogos, contou que \u00e9 apaixonada por esportes e que ir\u00e1 disputar tr\u00eas modalidades. \u201cVou competir no v\u00f4lei, no futsal e no t\u00eanis de mesa e quero brigar por medalha em todos. Todo mundo quer ganhar, mas acho que o mais importante, a melhor parte, s\u00e3o os amigos que a gente faz durante os jogos\u201d.<\/span><span data-ccp-props=\"{&quot;201341983&quot;:0,&quot;335559739&quot;:160,&quot;335559740&quot;:259}\">\u00a0<\/span><\/p>\n<p><span data-contrast=\"auto\">A diretora Juliana Pimenta contou que apesar de muito desafiador, por toda a log\u00edstica que envolve o fato de receber centenas de estudantes, est\u00e1 sendo muito gratificante para o Campus Barretos poder sediar as finais dos JIF. \u201c\u00c9 uma experi\u00eancia incr\u00edvel ver a alegria desses jovens, o engajamento dos servidores, \u00e9 algo fant\u00e1stico que vai ficar na nossa mem\u00f3ria\u201d.<\/span><span data-ccp-props=\"{&quot;201341983&quot;:0,&quot;335559739&quot;:160,&quot;335559740&quot;:259}\">\u00a0<\/span><\/p>\n<p><span data-contrast=\"auto\">O reitor Silm\u00e1rio Santos afirmou que os jogos s\u00e3o muito mais que uma competi\u00e7\u00e3o. \u201c\u00c9 algo de uma riqueza, \u00e9 uma oportunidade de entrela\u00e7amento de culturas. \u00c9 sem d\u00favida uma etapa importante da forma\u00e7\u00e3o dos nossos educandos. Eu s\u00f3 tenho a agradecer a toda a equipe envolvida na organiza\u00e7\u00e3o dessa grande festa, que selecionar\u00e1 os representantes do IFSP para a etapa regional, em Guarapari \u00a0\u2013\u00a0ES, e finalmente para a fase nacional, em Fortaleza \u2013 CE&#8221;.<\/span><span data-ccp-props=\"{&quot;201341983&quot;:0,&quot;335559739&quot;:160,&quot;335559740&quot;:259}\">\u00a0<\/span><\/p>\n<p><span data-contrast=\"auto\"><span class=\"easy_img_caption\" style=\"display:inline-table;max-width:100%;box-sizing:border-box;vertical-align:top;background-color:#F2F2F2;padding:6px 6px 0px 6px;width:438px;float:left;margin: 10px;\"><span class=\"easy_img_caption_inner\" style=\"display:block;\"><span style=\"display:block;color:#000000;font-size:13px;line-height:1.3;font-weight:normal;font-style:normal;text-align:left;padding:4px 0px 4px 0px;margin:0px;\">Matheus \u00e9 atleta do basquete e tamb\u00e9m faz bonito no breakdance<\/span><\/span><\/span>Ap\u00f3s a abertura oficial, os estudantes puderam dan\u00e7ar, se divertir e se confraternizar ao som da Banda Trecho Urbano, atra\u00e7\u00e3o cultural da noite. Um dos dan\u00e7arinos mais animados era o estudante Matheus Ara\u00fajo Greg\u00f3rio, aluno do 1\u00ba ano do Curso T\u00e9cnico Integrado em Desenvolvimento de Sistemas do Campus S\u00e3o Paulo. Al\u00e9m de arrasar no breakdance, ele espera ser medalhista no basquete e tamb\u00e9m sair de Barretos com muitas amizades e boas lembran\u00e7as na bagagem. \u201cEu t\u00f4 adorando a energia das pessoas, adorei a viagem, nunca tinha sa\u00eddo para t\u00e3o longe de S\u00e3o Paulo, nem visitado outros campi do IFSP. Est\u00e1 sendo muito legal e sei que vou levar muitas coisas boas daqui\u201d, contou.<\/span><span data-ccp-props=\"{&quot;201341983&quot;:0,&quot;335559739&quot;:160,&quot;335559740&quot;:259}\">\u00a0<\/span><\/p>\n<p><span data-ccp-props=\"{&quot;201341983&quot;:0,&quot;335559739&quot;:160,&quot;335559740&quot;:259}\">\u00a0<\/span><\/p>\n<p><b><span data-contrast=\"auto\">Disputa dos jogos<\/span><\/b><span data-ccp-props=\"{&quot;201341983&quot;:0,&quot;335559739&quot;:160,&quot;335559740&quot;:259}\">\u00a0<\/span><\/p>\n<p><span data-contrast=\"auto\">As competi\u00e7\u00f5es foram divididas em duas partes. Desta segunda at\u00e9 a quarta-feira ser\u00e3o disputados os jogos de basquete, v\u00f4lei, v\u00f4lei de praia e t\u00eanis de mesa. No Campus Barretos, as partidas de v\u00f4lei feminino est\u00e3o acontecendo <\/span><span data-contrast=\"auto\"> no gin\u00e1sio poliesportivo, e, na \u00e1rea de conviv\u00eancia, as de t\u00eanis de mesa. As disputas tamb\u00e9m acontecem no Centro de Esporte e Cultura Racibe Rezek (basquete masculino e feminino), Gin\u00e1sio de Esportes Jo\u00e3o Batista da Rocha (v\u00f4lei masculino) e Arena Beach Ol\u00edmpia (v\u00f4lei de praia masculino e feminino).<\/span><span data-ccp-props=\"{&quot;134233117&quot;:false,&quot;134233118&quot;:false,&quot;201341983&quot;:0,&quot;335551550&quot;:1,&quot;335551620&quot;:1,&quot;335559685&quot;:0,&quot;335559737&quot;:0,&quot;335559738&quot;:0,&quot;335559739&quot;:160,&quot;335559740&quot;:259}\">\u00a0<\/span><\/p>\n<p><span data-contrast=\"auto\">A partir da quinta-feira acontecem as disputas do futebol, futsal, handebol, nata\u00e7\u00e3o, xadrez e atletismo. <\/span><span data-ccp-props=\"{&quot;134233117&quot;:false,&quot;134233118&quot;:false,&quot;201341983&quot;:0,&quot;335551550&quot;:1,&quot;335551620&quot;:1,&quot;335559685&quot;:0,&quot;335559737&quot;:0,&quot;335559738&quot;:0,&quot;335559739&quot;:160,&quot;335559740&quot;:259}\">\u00a0<\/span><\/p>\n<p><span data-contrast=\"auto\">Acesse aqui a tabela dos jogos.<\/span><span data-ccp-props=\"{&quot;134233117&quot;:false,&quot;134233118&quot;:false,&quot;201341983&quot;:0,&quot;335551550&quot;:1,&quot;335551620&quot;:1,&quot;335559685&quot;:0,&quot;335559737&quot;:0,&quot;335559738&quot;:0,&quot;335559739&quot;:160,&quot;335559740&quot;:259}\">\u00a0<\/span><\/p>\n<p><span data-contrast=\"auto\">Confira aqui as fotos das finais estaduais do JIF.<\/span><span data-ccp-props=\"{&quot;134233117&quot;:false,&quot;134233118&quot;:false,&quot;201341983&quot;:0,&quot;335551550&quot;:1,&quot;335551620&quot;:1,&quot;335559685&quot;:0,&quot;335559737&quot;:0,&quot;335559738&quot;:0,&quot;335559739&quot;:160,&quot;335559740&quot;:259}\">\u00a0<\/span><\/p>\n<p><span data-ccp-props=\"{&quot;134233117&quot;:false,&quot;134233118&quot;:false,&quot;201341983&quot;:0,&quot;335551550&quot;:1,&quot;335551620&quot;:1,&quot;335559685&quot;:0,&quot;335559737&quot;:0,&quot;335559738&quot;:0,&quot;335559739&quot;:160,&quot;335559740&quot;:259}\">Not\u00edcias relacionadas:\u00a0<span class=\"TextRun SCXW86145750 BCX0\" lang=\"PT-BR\" xml:lang=\"PT-BR\" data-contrast=\"auto\"><span class=\"NormalTextRun SCXW86145750 BCX0\">Barretos sedia final estadual dos Jogos das Institui\u00e7\u00f5es Federais<\/span><\/span><span class=\"EOP SCXW86145750 BCX0\" data-ccp-props=\"{&quot;134233117&quot;:false,&quot;134233118&quot;:false,&quot;201341983&quot;:0,&quot;335551550&quot;:1,&quot;335551620&quot;:1,&quot;335559685&quot;:0,&quot;335559737&quot;:0,&quot;335559738&quot;:0,&quot;335559739&quot;:160,&quot;335559740&quot;:259}\">\u00a0<\/span><\/span><\/p>\n<p><span data-ccp-props=\"{&quot;134233117&quot;:false,&quot;134233118&quot;:false,&quot;201341983&quot;:0,&quot;335551550&quot;:1,&quot;335551620&quot;:1,&quot;335559685&quot;:0,&quot;335559737&quot;:0,&quot;335559738&quot;:0,&quot;335559739&quot;:160,&quot;335559740&quot;:259}\">\u00a0<\/span><\/p>\n<\/div>\n<p><script>(function(d, s, id) {\n  var js, fjs = d.getElementsByTagName(s)[0];\n  if (d.getElementById(id)) return;\n  js = d.createElement(s); js.id = id;\n  js.src = \"\/\/connect.facebook.net\/pt_BR\/all.js#xfbml=1&appId=509544779073047\";\n  fjs.parentNode.insertBefore(js, fjs);\n }(document, 'script', 'facebook-jssdk'));<\/script><\/p>\n","protected":false},"excerpt":{"rendered":"<p>Cerim\u00f4nia de abertura, realizada no gin\u00e1sio do Campus Barretos, contou com representantes de 30 delega\u00e7\u00f5es\u00a0 Foi realizada na noite deste domingo, 6 de agosto, no gin\u00e1sio do Campus Barretos, a cerim\u00f4nia de abertura das finais estaduais dos Jogos das Institui\u00e7\u00f5es Federais (JIF). Estiveram presentes representantes de 30 delega\u00e7\u00f5es entre os 33 campi que participar\u00e3o das &#8230; <a title=\"Estudantes do IFSP disputam as finais estaduais dos JIF a partir desta segunda-feira &#8211; IFSP\" class=\"read-more\" href=\"https:\/\/superinteressantes.com.br\/index.php\/2023\/08\/07\/estudantes-do-ifsp-disputam-as-finais-estaduais-dos-jif-a-partir-desta-segunda-feira-ifsp\/\" aria-label=\"More on Estudantes do IFSP disputam as finais estaduais dos JIF a partir desta segunda-feira &#8211; IFSP\">Ler mais<\/a><\/p>\n","protected":false},"author":1,"featured_media":0,"comment_status":"open","ping_status":"open","sticky":false,"template":"","format":"standard","meta":{"footnotes":""},"categories":[1],"tags":[],"class_list":["post-307","post","type-post","status-publish","format-standard","hentry","category-sem-categoria"],"amp_enabled":true,"_links":{"self":[{"href":"https:\/\/superinteressantes.com.br\/index.php\/wp-json\/wp\/v2\/posts\/307","targetHints":{"allow":["GET"]}}],"collection":[{"href":"https:\/\/superinteressantes.com.br\/index.php\/wp-json\/wp\/v2\/posts"}],"about":[{"href":"https:\/\/superinteressantes.com.br\/index.php\/wp-json\/wp\/v2\/types\/post"}],"author":[{"embeddable":true,"href":"https:\/\/superinteressantes.com.br\/index.php\/wp-json\/wp\/v2\/users\/1"}],"replies":[{"embeddable":true,"href":"https:\/\/superinteressantes.com.br\/index.php\/wp-json\/wp\/v2\/comments?post=307"}],"version-history":[{"count":0,"href":"https:\/\/superinteressantes.com.br\/index.php\/wp-json\/wp\/v2\/posts\/307\/revisions"}],"wp:attachment":[{"href":"https:\/\/superinteressantes.com.br\/index.php\/wp-json\/wp\/v2\/media?parent=307"}],"wp:term":[{"taxonomy":"category","embeddable":true,"href":"https:\/\/superinteressantes.com.br\/index.php\/wp-json\/wp\/v2\/categories?post=307"},{"taxonomy":"post_tag","embeddable":true,"href":"https:\/\/superinteressantes.com.br\/index.php\/wp-json\/wp\/v2\/tags?post=307"}],"curies":[{"name":"wp","href":"https:\/\/api.w.org\/{rel}","templated":true}]}}