{"id":305,"date":"2023-08-07T14:12:00","date_gmt":"2023-08-07T17:12:00","guid":{"rendered":"http:\/\/superinteressantes.com.br\/index.php\/2023\/08\/07\/implantacao-de-restaurantes-e-servicos-no-parque-bruno-covas-e-liberada\/"},"modified":"2023-08-07T14:12:00","modified_gmt":"2023-08-07T17:12:00","slug":"implantacao-de-restaurantes-e-servicos-no-parque-bruno-covas-e-liberada","status":"publish","type":"post","link":"https:\/\/superinteressantes.com.br\/index.php\/2023\/08\/07\/implantacao-de-restaurantes-e-servicos-no-parque-bruno-covas-e-liberada\/","title":{"rendered":"Implanta\u00e7\u00e3o de restaurantes e servi\u00e7os no Parque Bruno Covas \u00e9 liberada"},"content":{"rendered":"<p><img decoding=\"async\" src=\"https:\/\/www.saopaulo.sp.gov.br\/wp-content\/uploads\/2023\/08\/WhatsApp-Image-2023-08-07-at-09.25.04-1024x682-1.jpeg\" \/><\/p>\n<div id=\"\">&#13;<br \/>\n                                <!-- Title -->&#13;<br \/>\n                                &#13;<br \/>\n&#13;<br \/>\n                                <!-- Excerpt -->&#13;<\/p>\n<p class=\"excerpt\">Edital prev\u00ea a instala\u00e7\u00e3o de pontos de com\u00e9rcio de alimentos e bebidas n\u00e3o alco\u00f3licas, al\u00e9m de servi\u00e7os de apoio ao esporte<\/p>\n<p>&#13;<br \/>\n&#13;<br \/>\n                                &#13;\n                            <\/p><\/div>\n<div id=\"\">&#13;<\/p>\n<figure id=\"attachment_5713751\" style=\"width: 100%;max-width: 772px\" class=\"wp-caption alignnone caption-hide\"><\/figure>\n<p>A Secretaria de Meio Ambiente, Infraestrutura e Log\u00edstica (Semil) publicou, na \u00faltima sexta-feira (4), o edital de concorr\u00eancia para a permiss\u00e3o de uso, instala\u00e7\u00e3o de containers e carrinhos itinerantes no Parque Bruno Covas. O chamamento \u00e9 destinado aos que comercializam alimentos e bebidas (A&amp;B) n\u00e3o alco\u00f3licas, al\u00e9m dos prestadores de servi\u00e7os de apoio ao esporte.<\/p>\n<p>Com o objetivo de beneficiar os mais de 150 mil usu\u00e1rios mensais do parque, o documento prev\u00ea a explora\u00e7\u00e3o da Sede Pomar Branco, com sete \u00e1reas fixas para alimentos, bebidas (n\u00e3o alco\u00f3licas) e duas para apoio esportivo, como aluguel de bicicletas e equipamentos. A Ponte Laguna tamb\u00e9m ter\u00e1 uma \u00e1rea fixa dispon\u00edvel.<\/p>\n<p>A licita\u00e7\u00e3o tamb\u00e9m contempla dois carrinhos itinerantes sem localiza\u00e7\u00e3o fixa, destinados \u00e0 venda de alimentos e bebidas n\u00e3o alco\u00f3licas, com atua\u00e7\u00e3o restrita \u00e0 \u00e1rea do parque.<\/p>\n<p>As empresas interessadas em participar do certame podem consultar o documento completo no site da Secretaria de Meio Ambiente, Infraestrutura e Log\u00edstica. J\u00e1 a abertura das propostas, em sess\u00e3o p\u00fablica, est\u00e1 agendada para 6 de setembro, \u00e0s 9h, na sede da Semil, localizada na Av. Prof. Frederico Hermann J\u00fanior, 345, Alto de Pinheiros.<\/p>\n<\/p><\/div>\n","protected":false},"excerpt":{"rendered":"<p>&#13; &#13; &#13; &#13; &#13; Edital prev\u00ea a instala\u00e7\u00e3o de pontos de com\u00e9rcio de alimentos e bebidas n\u00e3o alco\u00f3licas, al\u00e9m de servi\u00e7os de apoio ao esporte &#13; &#13; &#13; &#13; A Secretaria de Meio Ambiente, Infraestrutura e Log\u00edstica (Semil) publicou, na \u00faltima sexta-feira (4), o edital de concorr\u00eancia para a permiss\u00e3o de uso, instala\u00e7\u00e3o de &#8230; <a title=\"Implanta\u00e7\u00e3o de restaurantes e servi\u00e7os no Parque Bruno Covas \u00e9 liberada\" class=\"read-more\" href=\"https:\/\/superinteressantes.com.br\/index.php\/2023\/08\/07\/implantacao-de-restaurantes-e-servicos-no-parque-bruno-covas-e-liberada\/\" aria-label=\"More on Implanta\u00e7\u00e3o de restaurantes e servi\u00e7os no Parque Bruno Covas \u00e9 liberada\">Ler mais<\/a><\/p>\n","protected":false},"author":1,"featured_media":0,"comment_status":"open","ping_status":"open","sticky":false,"template":"","format":"standard","meta":{"footnotes":""},"categories":[1],"tags":[],"class_list":["post-305","post","type-post","status-publish","format-standard","hentry","category-sem-categoria"],"amp_enabled":true,"_links":{"self":[{"href":"https:\/\/superinteressantes.com.br\/index.php\/wp-json\/wp\/v2\/posts\/305","targetHints":{"allow":["GET"]}}],"collection":[{"href":"https:\/\/superinteressantes.com.br\/index.php\/wp-json\/wp\/v2\/posts"}],"about":[{"href":"https:\/\/superinteressantes.com.br\/index.php\/wp-json\/wp\/v2\/types\/post"}],"author":[{"embeddable":true,"href":"https:\/\/superinteressantes.com.br\/index.php\/wp-json\/wp\/v2\/users\/1"}],"replies":[{"embeddable":true,"href":"https:\/\/superinteressantes.com.br\/index.php\/wp-json\/wp\/v2\/comments?post=305"}],"version-history":[{"count":0,"href":"https:\/\/superinteressantes.com.br\/index.php\/wp-json\/wp\/v2\/posts\/305\/revisions"}],"wp:attachment":[{"href":"https:\/\/superinteressantes.com.br\/index.php\/wp-json\/wp\/v2\/media?parent=305"}],"wp:term":[{"taxonomy":"category","embeddable":true,"href":"https:\/\/superinteressantes.com.br\/index.php\/wp-json\/wp\/v2\/categories?post=305"},{"taxonomy":"post_tag","embeddable":true,"href":"https:\/\/superinteressantes.com.br\/index.php\/wp-json\/wp\/v2\/tags?post=305"}],"curies":[{"name":"wp","href":"https:\/\/api.w.org\/{rel}","templated":true}]}}