{"id":304,"date":"2023-08-07T13:24:26","date_gmt":"2023-08-07T16:24:26","guid":{"rendered":"http:\/\/superinteressantes.com.br\/index.php\/2023\/08\/07\/agencia-minas-gerais-guaxupe-no-sul-de-minas-passa-a-contar-com-delegacia-rural\/"},"modified":"2023-08-07T13:24:26","modified_gmt":"2023-08-07T16:24:26","slug":"agencia-minas-gerais-guaxupe-no-sul-de-minas-passa-a-contar-com-delegacia-rural","status":"publish","type":"post","link":"https:\/\/superinteressantes.com.br\/index.php\/2023\/08\/07\/agencia-minas-gerais-guaxupe-no-sul-de-minas-passa-a-contar-com-delegacia-rural\/","title":{"rendered":"Ag\u00eancia Minas Gerais | Guaxup\u00e9, no Sul de Minas, passa a contar com delegacia rural"},"content":{"rendered":"<p><\/p>\n<div>\n<p><figure class=\"image\" style=\"float:left\">&#13;<figcaption><sub><em>PCMG \/ Divulga\u00e7\u00e3o<\/em><\/sub><\/figcaption>&#13;<br \/>\n<\/figure>\n<p>&#13;<br \/>\n&#13;\n<\/p>\n<p>Com o objetivo de reduzir ainda mais os crimes cometidos contra produtores rurais e o homem do campo, a Pol\u00edcia Civil de Minas Gerais (PCMG) inaugurou mais uma Delegacia Especializada de Repress\u00e3o a Crimes Rurais. Dessa vez, a unidade foi instalada na cidade de Guaxup\u00e9, no Sul de Minas.<\/p>\n<p>A delegacia, criada com base na Resolu\u00e7\u00e3o n\u00ba 8.179, de 21 de julho de 2021, tem como objetivo reprimir e exercer as atividades de pol\u00edcia judici\u00e1ria e de investiga\u00e7\u00e3o criminal relativa aos crimes de furto e roubo de gado e aos demais crimes patrimoniais relacionados \u00e0 atividade rural, especialmente os que tenham por objeto material insumos, defensivos e maquin\u00e1rios agr\u00edcolas.<\/p>\n<p>Para a chefe da PCMG, delegada-geral Let\u00edcia Gamboge, \u00e9 de extrema import\u00e2ncia garantir a seguran\u00e7a p\u00fablica n\u00e3o s\u00f3 nas \u00e1reas urbanas, como tamb\u00e9m na zona rural, protegendo assim os direitos do homem do campo e de seus familiares. \u201cA inaugura\u00e7\u00e3o dessa delegacia \u00e9 um pleito antigo da comunidade e dos produtores rurais, que agora foi atendido\u201d, disse Gamboge ao destacar que Minas Gerais \u00e9 o estado mais seguro para se viver.<\/p>\n<p><strong>Atua\u00e7\u00e3o ampliada<\/strong><\/p>\n<p>O chefe do 18\u00ba Departamento de Pol\u00edcia Civil em Po\u00e7os de Caldas, delegado-geral Edson Rog\u00e9rio de Morais, destaca que essa \u00e9 a terceira delegacia rural institu\u00edda na \u00e1rea daquele departamento. \u201cCom uma estrutura investigat\u00f3ria e uma conex\u00e3o entre as tr\u00eas delegacias, aprimoramos ainda mais a investiga\u00e7\u00e3o e o combate aos crimes rurais\u201d, exaltou.<br \/>&#13;<br \/>\n\u00a0<\/p>\n<figure class=\"image\" style=\"float:right\">&#13;<figcaption><sub><em>PCMG \/ Divulga\u00e7\u00e3o<\/em><\/sub><\/figcaption>&#13;<br \/>\n<\/figure>\n<p>O delegado regional em Guaxup\u00e9, Fabiano Roberto Mazzarotto Gon\u00e7alves, completou. \u201cA implementa\u00e7\u00e3o da Delegacia Rural na Regional em Guaxup\u00e9 vem congregar esfor\u00e7os com as delegacias de S\u00e3o Sebasti\u00e3o do Para\u00edso e Passos no combate espec\u00edfico dos crimes dessa natureza, ou seja, rurais\u201d.<\/p>\n<p>Ainda sobre a import\u00e2ncia da implanta\u00e7\u00e3o da unidade, instalada na sede da Delegacia Regional em Guaxup\u00e9, o delegado Gabriel Belchior, titular da Delegacia Especializada de Repress\u00e3o a Crimes Rurais, destacou que \u201cisso demonstra a presen\u00e7a da Pol\u00edcia Civil tamb\u00e9m no combate aos crimes ocorridos no campo, especialmente em nossa regi\u00e3o, que \u00e9 extremamente agr\u00edcola\u201d.<\/p>\n<p><strong>Entrega de armas<\/strong><\/p>\n<p>Durante a cerim\u00f4nia, realizada em 4\/8, a chefia da PCMG distribuiu ao 18\u00ba Departamento em Po\u00e7os de Caldas 86 pistolas Glock calibre 9 mil\u00edmetros, modelo G19. O armamento foi adquirido com recursos provenientes de emendas parlamentares e integra o montante de 816 armas destinadas \u00e0 institui\u00e7\u00e3o.<\/p>\n<p>Ap\u00f3s o evento, a chefia da Pol\u00edcia Civil se reuniu com o chefe do 18\u00ba Departamento, delegados regionais e policiais de todas as carreiras para alinhamento de assuntos de interesse institucional.<\/p>\n<\/p><\/div>\n","protected":false},"excerpt":{"rendered":"<p>&#13;PCMG \/ Divulga\u00e7\u00e3o&#13; &#13; &#13; Com o objetivo de reduzir ainda mais os crimes cometidos contra produtores rurais e o homem do campo, a Pol\u00edcia Civil de Minas Gerais (PCMG) inaugurou mais uma Delegacia Especializada de Repress\u00e3o a Crimes Rurais. Dessa vez, a unidade foi instalada na cidade de Guaxup\u00e9, no Sul de Minas. A &#8230; <a title=\"Ag\u00eancia Minas Gerais | Guaxup\u00e9, no Sul de Minas, passa a contar com delegacia rural\" class=\"read-more\" href=\"https:\/\/superinteressantes.com.br\/index.php\/2023\/08\/07\/agencia-minas-gerais-guaxupe-no-sul-de-minas-passa-a-contar-com-delegacia-rural\/\" aria-label=\"More on Ag\u00eancia Minas Gerais | Guaxup\u00e9, no Sul de Minas, passa a contar com delegacia rural\">Ler mais<\/a><\/p>\n","protected":false},"author":1,"featured_media":0,"comment_status":"open","ping_status":"open","sticky":false,"template":"","format":"standard","meta":{"footnotes":""},"categories":[1],"tags":[],"class_list":["post-304","post","type-post","status-publish","format-standard","hentry","category-sem-categoria"],"amp_enabled":true,"_links":{"self":[{"href":"https:\/\/superinteressantes.com.br\/index.php\/wp-json\/wp\/v2\/posts\/304","targetHints":{"allow":["GET"]}}],"collection":[{"href":"https:\/\/superinteressantes.com.br\/index.php\/wp-json\/wp\/v2\/posts"}],"about":[{"href":"https:\/\/superinteressantes.com.br\/index.php\/wp-json\/wp\/v2\/types\/post"}],"author":[{"embeddable":true,"href":"https:\/\/superinteressantes.com.br\/index.php\/wp-json\/wp\/v2\/users\/1"}],"replies":[{"embeddable":true,"href":"https:\/\/superinteressantes.com.br\/index.php\/wp-json\/wp\/v2\/comments?post=304"}],"version-history":[{"count":0,"href":"https:\/\/superinteressantes.com.br\/index.php\/wp-json\/wp\/v2\/posts\/304\/revisions"}],"wp:attachment":[{"href":"https:\/\/superinteressantes.com.br\/index.php\/wp-json\/wp\/v2\/media?parent=304"}],"wp:term":[{"taxonomy":"category","embeddable":true,"href":"https:\/\/superinteressantes.com.br\/index.php\/wp-json\/wp\/v2\/categories?post=304"},{"taxonomy":"post_tag","embeddable":true,"href":"https:\/\/superinteressantes.com.br\/index.php\/wp-json\/wp\/v2\/tags?post=304"}],"curies":[{"name":"wp","href":"https:\/\/api.w.org\/{rel}","templated":true}]}}