{"id":27045,"date":"2025-06-09T06:42:11","date_gmt":"2025-06-09T09:42:11","guid":{"rendered":"https:\/\/superinteressantes.com.br\/index.php\/2025\/06\/09\/capsula-do-tempo-do-cephas-revela-historias-e-sonhos\/"},"modified":"2025-06-09T06:42:11","modified_gmt":"2025-06-09T09:42:11","slug":"capsula-do-tempo-do-cephas-revela-historias-e-sonhos","status":"publish","type":"post","link":"https:\/\/superinteressantes.com.br\/index.php\/2025\/06\/09\/capsula-do-tempo-do-cephas-revela-historias-e-sonhos\/","title":{"rendered":"C\u00e1psula do Tempo do Cephas revela hist\u00f3rias e sonhos"},"content":{"rendered":"<p><\/p>\n<div>\n<p><b>Henrique Macedo<\/b><br \/>&#13;<br \/>\n&#13;<br \/>\n                <span style=\"font-weight: bold;\">Fundhas<\/span><\/p>\n<p><span style=\"font-weight: 400;\">Na \u00faltima ter\u00e7a-feira (3), o Cephas (Col\u00e9gio de Educa\u00e7\u00e3o Profissional H\u00e9lio Augusto de Souza) comemorou 25 anos de exist\u00eancia com um momento emocionante: a abertura de uma c\u00e1psula do tempo enterrada em outubro de 2018 por professores da institui\u00e7\u00e3o.<\/span><\/p>\n<p><span style=\"font-weight: 400;\">Os documentos, escritos h\u00e1 sete anos, trouxeram \u00e0 tona sonhos, reflex\u00f5es e desejos para o futuro da escola e da educa\u00e7\u00e3o.<\/span><\/p>\n<p><span style=\"font-weight: 400;\"><br \/><sup><em>Momento emocionante marcou as comemora\u00e7\u00f5es de anivers\u00e1rio do Cephas | Foto:PMSJC<\/em><\/sup><\/span><\/p>\n<p><span style=\"font-weight: 400;\">A professora P\u00e2mela Siqueira, que havia acabado de ingressar como docente no curso t\u00e9cnico de Enfermagem \u00e0 \u00e9poca, destacou em sua carta a import\u00e2ncia do acolhimento estudantil como valor essencial.<\/span><\/p>\n<p><span style=\"font-weight: 400;\">\u201cEspero que voc\u00ea, que est\u00e1 abrindo essa c\u00e1psula, possa estar vivenciando um momento \u00fanico no Cephas\u201d, escreveu, demonstrando sua esperan\u00e7a de que a institui\u00e7\u00e3o tivesse crescido em n\u00famero de cursos e oportunidades.<\/span><\/p>\n<p><span style=\"font-weight: 400;\"><br \/><sup><em>Detalhe da c\u00e1psula enterrada em 24 de outubro de 2018 | Foto: PMSJC<\/em><\/sup><\/span><\/p>\n<p><span style=\"font-weight: 400;\">Luciana Teixeira, professora de Leitura e Produ\u00e7\u00e3o de Textos, compartilhou suas metas profissionais e expectativas pessoais. Em 2018, ela cursava o Mestrado na Unifesp e sonhava com o doutorado.<\/span><\/p>\n<p><span style=\"font-weight: 400;\">Tamb\u00e9m se perguntava sobre o futuro dos filhos: \u201cN\u00edcholas j\u00e1 \u00e9 m\u00e9dico, Arthur \u00e9 engenheiro?\u201d. O<\/span><span style=\"font-weight: 400;\">\u00a0texto revela a \u00edntima liga\u00e7\u00e3o entre a trajet\u00f3ria pessoal e o papel transformador da educa\u00e7\u00e3o. A professora desejava que o Cephas tivesse crescido em estrutura e alcance e com os colegas realizados.<\/span><\/p>\n<p><span style=\"font-weight: 400;\">\u201cSim, muito do que escrevi se concretizou. Terminei o mestrado e estou a dois meses de defender o doutorado em Letras. Meu filho N\u00edcholas \u00e9 m\u00e9dico na Aeron\u00e1utica; Arthur est\u00e1\u00a0 finalizando o curso de Bacharelado em Ci\u00eancia e Tecnologia na Unifesp. O Cephas est\u00e1 crescendo. Hoje temos o curso de Tecn\u00f3logo em fase de aprova\u00e7\u00e3o, o que representa esse crescimento&#8221;, conta Luciana.<\/span><\/p>\n<p>&#8220;Tamb\u00e9m testemunhei colegas buscando aperfei\u00e7oamento profissional em cursos de mestrado e doutorado\u201d, destacou.\u00a0<\/p>\n<p><span class=\"intertitulo\">Futuro<\/span><\/p>\n<p><span style=\"font-weight: 400;\">O professor Abel Ferreira tamb\u00e9m refletiu sobre o futuro da educa\u00e7\u00e3o e o papel da institui\u00e7\u00e3o. \u201cHoje o Cephas \u00e9 considerado um Centro de Excel\u00eancia. Espero que melhore cada vez mais, pois a Educa\u00e7\u00e3o \u00e9 o pilar da sociedade\u201d, frisou, mostrando sua preocupa\u00e7\u00e3o com os caminhos da \u00e1rea no pa\u00eds.<\/span><\/p>\n<p><span style=\"font-weight: 400;\">J\u00e1 o professor Yoshio expressou seu desejo de continuidade. \u201cGostaria que toda a equipe Cephas continue na jornada at\u00e9 a abertura desta c\u00e1psula do tempo, e que proponha outra c\u00e1psula para perpetuar essa din\u00e2mica\u201d, escreveu, refor\u00e7ando o valor da mem\u00f3ria e da constru\u00e7\u00e3o coletiva.<\/span><\/p>\n<p><span style=\"font-weight: 400;\">A abertura da c\u00e1psula se transformou em um momento simb\u00f3lico de celebra\u00e7\u00e3o da trajet\u00f3ria do Cephas, que hoje continua sendo refer\u00eancia em ensino t\u00e9cnico na regi\u00e3o. Inspirado pelo passado e guiado por sonhos, o col\u00e9gio reafirma seu compromisso com a educa\u00e7\u00e3o e com a forma\u00e7\u00e3o de futuros profissionais.<\/span><\/p>\n<p>&#13;<br \/>\n                        <strong>MAIS NOT\u00cdCIAS<\/strong><br \/>&#13;<br \/>\n                        Fundhas&#13;\n                    <\/p>\n<\/p><\/div>\n","protected":false},"excerpt":{"rendered":"<p>Henrique Macedo&#13; &#13; Fundhas Na \u00faltima ter\u00e7a-feira (3), o Cephas (Col\u00e9gio de Educa\u00e7\u00e3o Profissional H\u00e9lio Augusto de Souza) comemorou 25 anos de exist\u00eancia com um momento emocionante: a abertura de uma c\u00e1psula do tempo enterrada em outubro de 2018 por professores da institui\u00e7\u00e3o. Os documentos, escritos h\u00e1 sete anos, trouxeram \u00e0 tona sonhos, reflex\u00f5es e &#8230; <a title=\"C\u00e1psula do Tempo do Cephas revela hist\u00f3rias e sonhos\" class=\"read-more\" href=\"https:\/\/superinteressantes.com.br\/index.php\/2025\/06\/09\/capsula-do-tempo-do-cephas-revela-historias-e-sonhos\/\" aria-label=\"More on C\u00e1psula do Tempo do Cephas revela hist\u00f3rias e sonhos\">Ler mais<\/a><\/p>\n","protected":false},"author":1,"featured_media":0,"comment_status":"","ping_status":"","sticky":false,"template":"","format":"standard","meta":{"footnotes":""},"categories":[1],"tags":[],"class_list":["post-27045","post","type-post","status-publish","format-standard","hentry","category-sem-categoria"],"amp_enabled":true,"_links":{"self":[{"href":"https:\/\/superinteressantes.com.br\/index.php\/wp-json\/wp\/v2\/posts\/27045","targetHints":{"allow":["GET"]}}],"collection":[{"href":"https:\/\/superinteressantes.com.br\/index.php\/wp-json\/wp\/v2\/posts"}],"about":[{"href":"https:\/\/superinteressantes.com.br\/index.php\/wp-json\/wp\/v2\/types\/post"}],"author":[{"embeddable":true,"href":"https:\/\/superinteressantes.com.br\/index.php\/wp-json\/wp\/v2\/users\/1"}],"replies":[{"embeddable":true,"href":"https:\/\/superinteressantes.com.br\/index.php\/wp-json\/wp\/v2\/comments?post=27045"}],"version-history":[{"count":0,"href":"https:\/\/superinteressantes.com.br\/index.php\/wp-json\/wp\/v2\/posts\/27045\/revisions"}],"wp:attachment":[{"href":"https:\/\/superinteressantes.com.br\/index.php\/wp-json\/wp\/v2\/media?parent=27045"}],"wp:term":[{"taxonomy":"category","embeddable":true,"href":"https:\/\/superinteressantes.com.br\/index.php\/wp-json\/wp\/v2\/categories?post=27045"},{"taxonomy":"post_tag","embeddable":true,"href":"https:\/\/superinteressantes.com.br\/index.php\/wp-json\/wp\/v2\/tags?post=27045"}],"curies":[{"name":"wp","href":"https:\/\/api.w.org\/{rel}","templated":true}]}}