{"id":27033,"date":"2025-06-08T19:28:07","date_gmt":"2025-06-08T22:28:07","guid":{"rendered":"https:\/\/superinteressantes.com.br\/index.php\/2025\/06\/08\/ancelotti-testa-mudancas-no-ataque-da-selecao-brasileira\/"},"modified":"2025-06-08T19:28:07","modified_gmt":"2025-06-08T22:28:07","slug":"ancelotti-testa-mudancas-no-ataque-da-selecao-brasileira","status":"publish","type":"post","link":"https:\/\/superinteressantes.com.br\/index.php\/2025\/06\/08\/ancelotti-testa-mudancas-no-ataque-da-selecao-brasileira\/","title":{"rendered":"Ancelotti testa mudan\u00e7as no ataque da sele\u00e7\u00e3o brasileira"},"content":{"rendered":"<p> Por MRNews<br \/>\n<\/p>\n<div wp_automatic_readability=\"36.692821782178\">\n<p>O t\u00e9cnico italiano Carlo Ancelotti optou pela entrada dos atacantes Matheus Cunha e Raphinha na equipe titular da sele\u00e7\u00e3o brasileira em treino realizado neste domingo (8)\u00a0no Centro de Treinamento Joaquim Grava, do Corinthians. Com isso, h\u00e1 a possibilidade de o Brasil iniciar com novidades a partida contra o Paraguai, pelas Eliminat\u00f3rias Sul-Americanas para a Copa do Mundo.<\/p>\n<p>Caso Matheus Cunha e Raphinha entrem mesmo, respectivamente\u00a0nas vagas de Richarlison e de Estev\u00e3o, a sele\u00e7\u00e3o deve come\u00e7ar o confronto com os paraguaios, a partir das 21h45 (hor\u00e1rio de Bras\u00edlia) da pr\u00f3xima ter\u00e7a-feira (10), com a seguinte forma\u00e7\u00e3o: Alisson; Vanderson, Marquinhos, Alex e Alex Sandro; Casemiro, Bruno Guimar\u00e3es e Gerson; Raphinha, Matheus Cunha e Vinicius J\u00fanior.<\/p>\n<blockquote class=\"twitter-tweet\" wp_automatic_readability=\"9.5744\">\n<p dir=\"ltr\" lang=\"pt\" xml:lang=\"pt\">Trabalho intenso! \ud83d\udcaa\ud83c\udde7\ud83c\uddf7<\/p>\n<p><strong><a href=\"https:\/\/mrnews.com.br\/index.php\/2025\/06\/08\/tiro-com-arco-marcus-dalmeida-vence-etapa-turca-da-copa-do-mundo\/\">Tiro com arco: Marcus D\u2019Almeida vence etapa turca da Copa do Mundo<\/a><\/strong><\/p>\n<p><strong><a href=\"https:\/\/mrnews.com.br\/index.php\/2025\/06\/08\/gripe-sao-paulo-inicia-vacinacao-em-estacoes-e-terminais-na-segunda\/\">Gripe: S\u00e3o Paulo inicia vacina\u00e7\u00e3o em esta\u00e7\u00f5es e terminais na segunda<\/a><\/strong><\/p>\n<p>A Sele\u00e7\u00e3o Brasileira segue firme na prepara\u00e7\u00e3o para o confronto contra o Paraguai. Dentro e fora de campo, o foco \u00e9 total para chegarmos prontos e fortes!<\/p>\n<p>Vamos com tudo! \ud83d\udc9b\ud83d\udc9a<\/p>\n<p>\ud83d\udcf7Rafael Ribeiro\/CBF<a href=\"https:\/\/twitter.com\/hashtag\/ThisIsBrasil?src=hash&amp;ref_src=twsrc%5Etfw\" target=\"_blank\" rel=\"noopener\">#ThisIsBrasil<\/a> <a href=\"https:\/\/twitter.com\/hashtag\/Sele%C3%A7%C3%A3oBrasileira?src=hash&amp;ref_src=twsrc%5Etfw\" target=\"_blank\" rel=\"noopener\">#Sele\u00e7\u00e3oBrasileira<\/a> <a href=\"https:\/\/t.co\/2f4AElJ7TM\" target=\"_blank\" rel=\"noopener\">pic.twitter.com\/2f4AElJ7TM<\/a><\/p>\n<p>\u2014 CBF Futebol (@CBF_Futebol) <a href=\"https:\/\/twitter.com\/CBF_Futebol\/status\/1931791430869221439?ref_src=twsrc%5Etfw\" target=\"_blank\" rel=\"noopener\">June 8, 2025<\/a><\/p>\n<p><strong><a href=\"https:\/\/mrnews.com.br\/index.php\/2025\/06\/08\/ong-desenvolve-tecnicas-inovadoras-de-prevencao-e-combate-ao-fogo\/\">ONG desenvolve t\u00e9cnicas inovadoras de preven\u00e7\u00e3o e combate ao fogo<\/a><\/strong><\/p>\n<p><strong><a href=\"https:\/\/mrnews.com.br\/index.php\/2025\/06\/08\/manifestantes-realizam-protesto-contra-o-pl-da-devastacao-em-sao-paulo\/\">Manifestantes realizam protesto contra o PL da Devasta\u00e7\u00e3o em S\u00e3o Paulo<\/a><\/strong><\/p>\n<\/blockquote>\n<h2>Jogo equilibrado<\/h2>\n<p>Tamb\u00e9m neste domingo o volante Casemiro falou da sua expectativa para o confronto com o Paraguai. Na opini\u00e3o do jogador do Manchester United (Inglaterra), brasileiros e paraguaios devem protagonizar um confronto equilibrado: \u201cSer\u00e1 um jogo de muita posse de bola, o Paraguai querendo jogar na transi\u00e7\u00e3o. Foi um pouco assim no primeiro jogo, a gente tentando furar e eles na transi\u00e7\u00e3o com jogadores de qualidade, velozes e diretos na frente. N\u00e3o ser\u00e1 t\u00e3o diferente aqui. Jogo de equil\u00edbrio mental, de ter a tranquilidade de saber o momento certo\u201d.<\/p>\n<\/div>\n<p><script async src=\"\/\/platform.twitter.com\/widgets.js\" charset=\"utf-8\"><\/script><\/p>\n","protected":false},"excerpt":{"rendered":"<p>Por MRNews O t\u00e9cnico italiano Carlo Ancelotti optou pela entrada dos atacantes Matheus Cunha e Raphinha na equipe titular da sele\u00e7\u00e3o brasileira em treino realizado neste domingo (8)\u00a0no Centro de Treinamento Joaquim Grava, do Corinthians. Com isso, h\u00e1 a possibilidade de o Brasil iniciar com novidades a partida contra o Paraguai, pelas Eliminat\u00f3rias Sul-Americanas para &#8230; <a title=\"Ancelotti testa mudan\u00e7as no ataque da sele\u00e7\u00e3o brasileira\" class=\"read-more\" href=\"https:\/\/superinteressantes.com.br\/index.php\/2025\/06\/08\/ancelotti-testa-mudancas-no-ataque-da-selecao-brasileira\/\" aria-label=\"More on Ancelotti testa mudan\u00e7as no ataque da sele\u00e7\u00e3o brasileira\">Ler mais<\/a><\/p>\n","protected":false},"author":3,"featured_media":0,"comment_status":"","ping_status":"","sticky":false,"template":"","format":"standard","meta":{"footnotes":""},"categories":[1],"tags":[],"class_list":["post-27033","post","type-post","status-publish","format-standard","hentry","category-sem-categoria"],"amp_enabled":true,"_links":{"self":[{"href":"https:\/\/superinteressantes.com.br\/index.php\/wp-json\/wp\/v2\/posts\/27033","targetHints":{"allow":["GET"]}}],"collection":[{"href":"https:\/\/superinteressantes.com.br\/index.php\/wp-json\/wp\/v2\/posts"}],"about":[{"href":"https:\/\/superinteressantes.com.br\/index.php\/wp-json\/wp\/v2\/types\/post"}],"author":[{"embeddable":true,"href":"https:\/\/superinteressantes.com.br\/index.php\/wp-json\/wp\/v2\/users\/3"}],"replies":[{"embeddable":true,"href":"https:\/\/superinteressantes.com.br\/index.php\/wp-json\/wp\/v2\/comments?post=27033"}],"version-history":[{"count":0,"href":"https:\/\/superinteressantes.com.br\/index.php\/wp-json\/wp\/v2\/posts\/27033\/revisions"}],"wp:attachment":[{"href":"https:\/\/superinteressantes.com.br\/index.php\/wp-json\/wp\/v2\/media?parent=27033"}],"wp:term":[{"taxonomy":"category","embeddable":true,"href":"https:\/\/superinteressantes.com.br\/index.php\/wp-json\/wp\/v2\/categories?post=27033"},{"taxonomy":"post_tag","embeddable":true,"href":"https:\/\/superinteressantes.com.br\/index.php\/wp-json\/wp\/v2\/tags?post=27033"}],"curies":[{"name":"wp","href":"https:\/\/api.w.org\/{rel}","templated":true}]}}