{"id":26954,"date":"2025-06-06T13:32:10","date_gmt":"2025-06-06T16:32:10","guid":{"rendered":"https:\/\/superinteressantes.com.br\/index.php\/2025\/06\/06\/professores-da-rede-municipal-participam-do-iii-encontro-formativo-integrador-e-i-coloquio-de-docencias\/"},"modified":"2025-06-06T13:32:10","modified_gmt":"2025-06-06T16:32:10","slug":"professores-da-rede-municipal-participam-do-iii-encontro-formativo-integrador-e-i-coloquio-de-docencias","status":"publish","type":"post","link":"https:\/\/superinteressantes.com.br\/index.php\/2025\/06\/06\/professores-da-rede-municipal-participam-do-iii-encontro-formativo-integrador-e-i-coloquio-de-docencias\/","title":{"rendered":"Professores da Rede Municipal participam do III Encontro Formativo Integrador e I Col\u00f3quio de Doc\u00eancias"},"content":{"rendered":"<p><\/p>\n<div>\n<p>A Secretaria de Educa\u00e7\u00e3o e Cultura de Jo\u00e3o Pessoa (Sedec-JP), por meio da Diretoria de Ensino, Gest\u00e3o e Escola de Forma\u00e7\u00e3o (Degef), em parceria com a Universidade Federal da Para\u00edba (UFPB), est\u00e1 realizando nesta sexta-feira (6), nos turnos manh\u00e3 e tarde, o \u2018III Encontro Formativo Integrador\u2019 e \u2018I Col\u00f3quio de Doc\u00eancias\u2019, com professores dos anos finais do Ensino Fundamental e professores do Atendimento Educacional Especializado (AEE). O evento acontece na UFPB, no audit\u00f3rio do Centro de Ci\u00eancias Humanas, Letras e Artes (CCHLA), do Centro de Ci\u00eancias da Sa\u00fade (CCS), do Centro de Educa\u00e7\u00e3o (CE) e no audit\u00f3rio da Central de Aulas (CA).<\/p>\n<figure class=\"wp-block-gallery has-nested-images columns-default is-cropped wp-block-gallery-1 is-layout-flex wp-block-gallery-is-layout-flex\">\n<figure class=\"wp-block-image size-large\"><\/figure>\n<figure class=\"wp-block-image size-large\"><\/figure>\n<\/figure>\n<p>O evento, que tem como tema central \u201cEstrat\u00e9gias did\u00e1tico-curriculares para a Educa\u00e7\u00e3o Especial na perspectiva inclusiva\u201d, contou com a presen\u00e7a da secret\u00e1ria executiva de Educa\u00e7\u00e3o e Cultura de Jo\u00e3o Pessoa, Luciana Dias.<\/p>\n<p>\u201cEsse \u00e9 um momento \u00fanico para a nossa Rede porque nesses momentos de forma\u00e7\u00e3o, os professores tanto se encontram um com o outro, aprendem o que o outro est\u00e1 fazendo na sua escola, como tamb\u00e9m acontece essa troca com a academia, que \u00e9 muito importante. Isso tudo oriundo do conv\u00eanio da Prefeitura de Jo\u00e3o Pessoa com a Universidade Federal. O nosso prefeito C\u00edcero Lucena diz que vamos dar a melhor forma\u00e7\u00e3o poss\u00edvel para os nossos professores e \u00e9 isso que estamos fazendo\u201d, disse.<\/p>\n<p>O Encontro tem o objetiva de consolidar um espa\u00e7o formativo de escuta, di\u00e1logo e valoriza\u00e7\u00e3o das pr\u00e1ticas docentes no \u00e2mbito da educa\u00e7\u00e3o b\u00e1sica. \u00a0\u201cSer\u00e1 um momento para fortalecer a articula\u00e7\u00e3o entre teoria e pr\u00e1tica, evidenciar os percursos formativos desenvolvidos no projeto e promover a troca de experi\u00eancias pedag\u00f3gicas inovadoras, que enfrentam os desafios da inclus\u00e3o de forma integrada, cr\u00edtica e sens\u00edvel\u201d, explicou a diretora de Ensino, Gest\u00e3o e Escola de Forma\u00e7\u00e3o (Degef) da Sedec, professora doutora Cl\u00e9via Carvalho.<\/p>\n<figure class=\"wp-block-image size-large\"><\/figure>\n<p>A professora doutora Adriana Diniz, diretora do Centro de Educa\u00e7\u00e3o da UFPB, falou sobre a import\u00e2ncia dessa parceria da Prefeitura com a UFPB na forma\u00e7\u00e3o dos professores. \u201cA dire\u00e7\u00e3o do Centro de Educa\u00e7\u00e3o v\u00ea com muito entusiasmo acad\u00eamico, pedag\u00f3gico, essa parceria que \u00e9 um interc\u00e2mbio de saberes, de conhecimentos, de pr\u00e1ticas. A gente vem saudando a Prefeitura, a Secretaria da Educa\u00e7\u00e3o, a professora Am\u00e9rica Castro, por esta iniciativa, pela aposta na forma\u00e7\u00e3o continuada e pela determina\u00e7\u00e3o de fazer isso com uma Universidade Federal, que \u00e9 uma universidade p\u00fablica, gratuita e uma universidade que est\u00e1 nesse alinhamento estrat\u00e9gico, que \u00e9 a eleva\u00e7\u00e3o da qualidade da educa\u00e7\u00e3o\u201d, falou a diretora do CE.<\/p>\n<p>No turno da manh\u00e3 aconteceu quatro mesas tem\u00e1ticas e, pela tarde, grupos de trabalho em que a comunidade docente teve a oportunidade de socializar pr\u00e1ticas de refer\u00eancia para que a Sedec possa pensar caminhos inovadores e contextualizados para o desenvolvimento curricular.<\/p>\n<p>\u201cEssas forma\u00e7\u00f5es contribuem de forma bastante positiva, j\u00e1 que, na verdade, a gente est\u00e1 devolvendo \u00e0 universidade o que a gente tem na pr\u00e1tica, o que a gente tem do conhecimento, da teoria. Pr\u00e1tica e teoria, elas caminham juntas. Ent\u00e3o, a universidade traz a teoria e a gente tem a pr\u00e1tica na sala de aula, no ch\u00e3o da escola. E essa forma\u00e7\u00e3o nos proporciona tudo isso\u201d, falou Francineide Fernandes de Melo, professora da Escola Municipal Aruanda.<\/p>\n<figure class=\"wp-block-gallery has-nested-images columns-default is-cropped wp-block-gallery-2 is-layout-flex wp-block-gallery-is-layout-flex\">\n<figure class=\"wp-block-image size-large\"><\/figure>\n<figure class=\"wp-block-image size-large\"><\/figure>\n<\/figure>\n<p><strong>Mesas Redondas<\/strong> \u2013 O Encontro Formativo Integrador contou com quatro mesas redondas onde p\u00fablico se dividiu. O tema da Mesa Redonda 01 foi \u2018Expressar, sentir e incluir: corpo e arte como linguagens integradoras na aprendizagem inclusiva\u2019. Ela foi conduzida pelo professor doutor Saimonton Tinoco, professora doutora Bertyza Carvalho, professor doutor Mateus Finco e professora doutora Michelle Boaventura.<\/p>\n<p>A Mesa Redonda 02 teve como tem\u00e1tica \u2018Territ\u00f3rios, culturas e saberes: pr\u00e1ticas de conviv\u00eancia e inclus\u00e3o no curr\u00edculo\u2019. Foi conduzida pelo professor doutor Lenilton de Assis, professor doutor Dami\u00e3o de Lima e professor doutor Marinilson Barbosa.<\/p>\n<p>\u2018M\u00faltiplas linguagens na sala de aula: integrando saberes para uma educa\u00e7\u00e3o cient\u00edfica e inclusiva\u2019 foi o tema da Mesa Redonda 03. Foi conduzida pela professora doutora Evangelina Maria, professor doutor Franklin Kaic e professora doutora Severina Andr\u00e9a.<\/p>\n<p>J\u00e1 a Mesa Redonda 04 foi conduzida pela professora doutora Cristiane \u00c2ngelo, professora doutora Francieli Freudenberger professora doutora Rejane Lira. O tema foi \u2018Curr\u00edculo em di\u00e1logo: m\u00faltiplas linguagens e inclus\u00e3o na constru\u00e7\u00e3o do conhecimento\u2019.<\/p>\n<\/p><\/div>\n","protected":false},"excerpt":{"rendered":"<p>A Secretaria de Educa\u00e7\u00e3o e Cultura de Jo\u00e3o Pessoa (Sedec-JP), por meio da Diretoria de Ensino, Gest\u00e3o e Escola de Forma\u00e7\u00e3o (Degef), em parceria com a Universidade Federal da Para\u00edba (UFPB), est\u00e1 realizando nesta sexta-feira (6), nos turnos manh\u00e3 e tarde, o \u2018III Encontro Formativo Integrador\u2019 e \u2018I Col\u00f3quio de Doc\u00eancias\u2019, com professores dos anos &#8230; <a title=\"Professores da Rede Municipal participam do III Encontro Formativo Integrador e I Col\u00f3quio de Doc\u00eancias\" class=\"read-more\" href=\"https:\/\/superinteressantes.com.br\/index.php\/2025\/06\/06\/professores-da-rede-municipal-participam-do-iii-encontro-formativo-integrador-e-i-coloquio-de-docencias\/\" aria-label=\"More on Professores da Rede Municipal participam do III Encontro Formativo Integrador e I Col\u00f3quio de Doc\u00eancias\">Ler mais<\/a><\/p>\n","protected":false},"author":1,"featured_media":0,"comment_status":"","ping_status":"","sticky":false,"template":"","format":"standard","meta":{"footnotes":""},"categories":[1],"tags":[],"class_list":["post-26954","post","type-post","status-publish","format-standard","hentry","category-sem-categoria"],"amp_enabled":true,"_links":{"self":[{"href":"https:\/\/superinteressantes.com.br\/index.php\/wp-json\/wp\/v2\/posts\/26954","targetHints":{"allow":["GET"]}}],"collection":[{"href":"https:\/\/superinteressantes.com.br\/index.php\/wp-json\/wp\/v2\/posts"}],"about":[{"href":"https:\/\/superinteressantes.com.br\/index.php\/wp-json\/wp\/v2\/types\/post"}],"author":[{"embeddable":true,"href":"https:\/\/superinteressantes.com.br\/index.php\/wp-json\/wp\/v2\/users\/1"}],"replies":[{"embeddable":true,"href":"https:\/\/superinteressantes.com.br\/index.php\/wp-json\/wp\/v2\/comments?post=26954"}],"version-history":[{"count":0,"href":"https:\/\/superinteressantes.com.br\/index.php\/wp-json\/wp\/v2\/posts\/26954\/revisions"}],"wp:attachment":[{"href":"https:\/\/superinteressantes.com.br\/index.php\/wp-json\/wp\/v2\/media?parent=26954"}],"wp:term":[{"taxonomy":"category","embeddable":true,"href":"https:\/\/superinteressantes.com.br\/index.php\/wp-json\/wp\/v2\/categories?post=26954"},{"taxonomy":"post_tag","embeddable":true,"href":"https:\/\/superinteressantes.com.br\/index.php\/wp-json\/wp\/v2\/tags?post=26954"}],"curies":[{"name":"wp","href":"https:\/\/api.w.org\/{rel}","templated":true}]}}