{"id":26162,"date":"2025-05-20T10:40:40","date_gmt":"2025-05-20T13:40:40","guid":{"rendered":"https:\/\/superinteressantes.com.br\/index.php\/2025\/05\/20\/alunos-de-nova-iguacu-conhecem-o-mar-em-copacabana-pela-primeira-vez\/"},"modified":"2025-05-20T10:40:40","modified_gmt":"2025-05-20T13:40:40","slug":"alunos-de-nova-iguacu-conhecem-o-mar-em-copacabana-pela-primeira-vez","status":"publish","type":"post","link":"https:\/\/superinteressantes.com.br\/index.php\/2025\/05\/20\/alunos-de-nova-iguacu-conhecem-o-mar-em-copacabana-pela-primeira-vez\/","title":{"rendered":"Alunos de Nova Igua\u00e7u conhecem o mar em Copacabana pela primeira vez"},"content":{"rendered":"<p><\/p>\n<div id=\"\">\n<p style=\"text-align: justify;\">\u201cVer minha filha conhecendo a praia, pisando na areia e tomando um banho de mar \u00e9 a realiza\u00e7\u00e3o de um sonho. Por ser autista, ela poderia ter medo do barulho das ondas, mas chegou aqui e adorou. N\u00e3o quer mais voltar para casa\u201d.<\/p>\n<p style=\"text-align: justify;\">\nA emo\u00e7\u00e3o \u00e9 de \u00cdris do Nascimento, de 36 anos, m\u00e3e de Evelyn, de 13, aluna da rede municipal de Nova Igua\u00e7u. Sua filha, que conheceu uma praia pela primeira vez, e outras 18 crian\u00e7as e adolescentes viveram um dia especial neste domingo (18). Elas passaram o dia na Praia de Copacabana, na Zona Sul do Rio. A visita aconteceu por meio de uma parceria da Prefeitura de Nova Igua\u00e7u com o Instituto Novo Ser, que desde 2008 promove o projeto \u201cPraia para Todos\u201d.<\/p>\n<p style=\"text-align: justify;\">\n<p>O Programa, que j\u00e1 levou mais de 5 mil pessoas \u00e0s praias do Rio, busca transformar a praia em um espa\u00e7o inclusivo, oferecendo atividades adaptadas para pessoas com defici\u00eancia ou mobilidade reduzida, com banho de mar, piscina infantil, v\u00f4lei sentado, frescobol adaptado, entre outros.<\/p>\n<p style=\"text-align: justify;\">\nOs estudantes, que t\u00eam defici\u00eancia f\u00edsica, intelectual e autismo, entre outros, s\u00e3o das escolas municipais Janir Clementino Pereira, em Miguel Couto, e do Col\u00e9gio Municipal Centro de Educa\u00e7\u00e3o Especial Paul Harris, na Posse. Eles se divertiram no mar, nadaram com supervisores do projeto e ainda brincaram ao fazer castelinhos de areia. Pais e equipe diretiva e pedag\u00f3gica das unidades escolares acompanharam a atividade.<\/p>\n<p>\u201cGostei da onda e da areia. Minha primeira vez hoje. Quero voltar aqui\u201d, comentou Evelyn do Nascimento Ribeiro da Concei\u00e7\u00e3o, uma das estudantes animadas do grupo e que j\u00e1 havia dito \u00e0 sua m\u00e3e que tinha o sonho de morar em Copacabana para entrar no mar todos os dias.<\/p>\n<p style=\"text-align: justify;\">\n<p>A menina \u00e9 uma pessoa com autismo, tem hidrocefalia (l\u00edquido que causa aumento da press\u00e3o intracraniana), defici\u00eancia intelectual, epilepsia e outras cormobidades do sistema nervoso; ela faz acompanhamento com fonoaudi\u00f3logo e psic\u00f3logo no posto de sa\u00fade Centro Especializado de Sa\u00fade Paul Harris, da Prefeitura, que fica ao lado da escola.<\/p>\n<p>H\u00e1 tr\u00eas anos, durante um passeio com a fam\u00edlia, o adolescente Juan dos Santos da Silva Pereira, de 16 anos, quase se afogou numa praia, e sua m\u00e3e, Bruna Stephanie dos Santos Amaro, de 36, acreditava que ele fosse encontrar resist\u00eancia para voltar ao mar. Desta vez, em Copacabana, o adolescente surpreendeu a todos ao avistar as pequenas ondas e correu para se molhar.<\/p>\n<p>\u201cO Juan \u00e9 uma pessoa com autismo e defici\u00eancia intelectual e estava traumatizado por causa do incidente no mar durante o carnaval. Mas ao chegar aqui, jogou por terra esse trauma e se divertiu muito. Ele perdeu o medo, o receio e se sentiu seguro. Levar o aluno com defici\u00eancia para a praia \u00e9 mais que uma divers\u00e3o, \u00e9 terapia. Ele at\u00e9 interagiu mais. N\u00e3o quer mais sair da \u00e1gua\u201d, avisou Bruna, com um sorriso de satisfa\u00e7\u00e3o no rosto.<\/p>\n<p style=\"text-align: justify;\">A coordenadora da Educa\u00e7\u00e3o Especial\/Inclusiva da Secretaria Municipal de Educa\u00e7\u00e3o de Nova Igua\u00e7u, Nath\u00e1lia Araujo, que acompanhou as crian\u00e7as e adolescentes na praia, enfatizou que o munic\u00edpio de Nova Igua\u00e7u a partir dessa primeira experi\u00eancia ir\u00e1 participar outras vezes desse projeto para levar cada vez mais estudantes de outras escolas para vivenciarem experi\u00eancias como a de Copacabana.<\/p>\n<p style=\"text-align: justify;\">\n\u201cFoi uma aula fora da sala, um passeio maravilhoso para a gente construir mem\u00f3rias, criar v\u00ednculos com outros estudante e poder interagir com o ambiente. \u00c9 muito importante para o processo de aprendizagem essas experi\u00eancias novas para os alunos. Nossa ideia \u00e9 levar mais deles \u00e0s praias para terem dias especiais como este\u201d, garantiu ela.<\/p>\n<p style=\"text-align: justify;\">\nEm 17 anos de exist\u00eancia, o projeto \u201cPraia Para Todos\u201d, que acontece entre os meses de dezembro e julho, j\u00e1 levou pessoas \u00e0s praias de Copacabana, Ipanema, Barra da Tijuca, Recreio, Flamengo e Mangaratiba.<\/p>\n<p style=\"text-align: justify;\">\n\u201cSenti alegria e ansiedade nesses alunos, pois damos amor e qualidade de vida\u201d, destacou a coordenadora do projeto em Copacabana, Kelly Couto. \u201cDamos acessibilidade para pessoas sem mobilidade ou com mobilidade reduzida a curtir um dia de praia\u201d.<\/p>\n<div id=\"attachment_34582\" style=\"width: 400px\" class=\"wp-caption aligncenter\">\n<p class=\"wp-caption-text\">default<\/p>\n<\/div><\/div>\n","protected":false},"excerpt":{"rendered":"<p>\u201cVer minha filha conhecendo a praia, pisando na areia e tomando um banho de mar \u00e9 a realiza\u00e7\u00e3o de um sonho. Por ser autista, ela poderia ter medo do barulho das ondas, mas chegou aqui e adorou. N\u00e3o quer mais voltar para casa\u201d. A emo\u00e7\u00e3o \u00e9 de \u00cdris do Nascimento, de 36 anos, m\u00e3e de &#8230; <a title=\"Alunos de Nova Igua\u00e7u conhecem o mar em Copacabana pela primeira vez\" class=\"read-more\" href=\"https:\/\/superinteressantes.com.br\/index.php\/2025\/05\/20\/alunos-de-nova-iguacu-conhecem-o-mar-em-copacabana-pela-primeira-vez\/\" aria-label=\"More on Alunos de Nova Igua\u00e7u conhecem o mar em Copacabana pela primeira vez\">Ler mais<\/a><\/p>\n","protected":false},"author":1,"featured_media":0,"comment_status":"","ping_status":"","sticky":false,"template":"","format":"standard","meta":{"footnotes":""},"categories":[1],"tags":[],"class_list":["post-26162","post","type-post","status-publish","format-standard","hentry","category-sem-categoria"],"amp_enabled":true,"_links":{"self":[{"href":"https:\/\/superinteressantes.com.br\/index.php\/wp-json\/wp\/v2\/posts\/26162","targetHints":{"allow":["GET"]}}],"collection":[{"href":"https:\/\/superinteressantes.com.br\/index.php\/wp-json\/wp\/v2\/posts"}],"about":[{"href":"https:\/\/superinteressantes.com.br\/index.php\/wp-json\/wp\/v2\/types\/post"}],"author":[{"embeddable":true,"href":"https:\/\/superinteressantes.com.br\/index.php\/wp-json\/wp\/v2\/users\/1"}],"replies":[{"embeddable":true,"href":"https:\/\/superinteressantes.com.br\/index.php\/wp-json\/wp\/v2\/comments?post=26162"}],"version-history":[{"count":0,"href":"https:\/\/superinteressantes.com.br\/index.php\/wp-json\/wp\/v2\/posts\/26162\/revisions"}],"wp:attachment":[{"href":"https:\/\/superinteressantes.com.br\/index.php\/wp-json\/wp\/v2\/media?parent=26162"}],"wp:term":[{"taxonomy":"category","embeddable":true,"href":"https:\/\/superinteressantes.com.br\/index.php\/wp-json\/wp\/v2\/categories?post=26162"},{"taxonomy":"post_tag","embeddable":true,"href":"https:\/\/superinteressantes.com.br\/index.php\/wp-json\/wp\/v2\/tags?post=26162"}],"curies":[{"name":"wp","href":"https:\/\/api.w.org\/{rel}","templated":true}]}}