{"id":26160,"date":"2025-05-20T09:53:53","date_gmt":"2025-05-20T12:53:53","guid":{"rendered":"https:\/\/superinteressantes.com.br\/index.php\/2025\/05\/20\/campanha-do-imposto-de-renda-solidario-entra-na-reta-final\/"},"modified":"2025-05-20T09:53:53","modified_gmt":"2025-05-20T12:53:53","slug":"campanha-do-imposto-de-renda-solidario-entra-na-reta-final","status":"publish","type":"post","link":"https:\/\/superinteressantes.com.br\/index.php\/2025\/05\/20\/campanha-do-imposto-de-renda-solidario-entra-na-reta-final\/","title":{"rendered":"Campanha do Imposto de Renda Solid\u00e1rio entra na reta final"},"content":{"rendered":"<p><\/p>\n<div>\n<p><b>Cl\u00e1udio Souza<\/b><br \/>&#13;<br \/>\n&#13;<br \/>\n                <span style=\"font-weight: bold;\">Secretaria de Apoio Social ao Cidad\u00e3o<\/span><\/p>\n<p>Ainda d\u00e1 tempo de participar de uma causa nobre e contribuir para melhoria da qualidade de vida de crian\u00e7as, adolescentes e idosos de S\u00e3o Jos\u00e9 dos Campos.<\/p>\n<p>A campanha do Imposto de Renda Solid\u00e1rio 2025, lan\u00e7ada pela Prefeitura em mar\u00e7o \u00faltimo, em parceria com o Fundo Social de Solidariedade, entrou em sua reta final.<\/p>\n<p>At\u00e9 o pr\u00f3ximo dia 30 de maio, os moradores de S\u00e3o Jos\u00e9 podem aderir ao movimento. Ao fazerem a declara\u00e7\u00e3o do Imposto de Renda, os mun\u00edcipes (pessoas f\u00edsicas) e as empresas (pessoas jur\u00eddicas) podem doar parte do imposto devido para o Fumdicad (Fundo Municipal dos Direitos da Crian\u00e7a e do Adolescente) e para o Fumid (Fundo Municipal do Idoso), sem custos adicionais.<\/p>\n<p>Em 2024, o munic\u00edpio arrecadou como imposto solid\u00e1rio apenas 1,71%. Portanto, as a\u00e7\u00f5es visam ampliar a conscientiza\u00e7\u00e3o dos contribuintes para que, com o engajamento de todos, haja aumento nas doa\u00e7\u00f5es que beneficiam projetos voltados aos idosos, crian\u00e7as e adolescentes em situa\u00e7\u00e3o de vulnerabilidade social na cidade.<\/p>\n<p>Consulte aqui os materiais informativos da campanha.<\/p>\n<p><span class=\"intertitulo\">Campanha<\/span><\/p>\n<p>Foi criado um hotsite exclusivo para a mobiliza\u00e7\u00e3o, onde os interessados encontram informa\u00e7\u00f5es detalhadas sobre como participar.<\/p>\n<p>A campanha tem a parceria do Fundo Social de Solidariedade, que mant\u00e9m a mobiliza\u00e7\u00e3o permanente ao longo de todo o ano para recebimento de doa\u00e7\u00f5es para ajudar quem mais precisa.<\/p>\n<p>A Receita Federal, o Sescon-SP (Sindicato das Empresas de Servi\u00e7os Cont\u00e1beis e das Empresas de Assessoramento, Per\u00edcias, Informa\u00e7\u00f5es e Pesquisas no Estado de S\u00e3o Paulo) e a Assecon (Associa\u00e7\u00e3o das Empresas Cont\u00e1beis) tamb\u00e9m s\u00e3o parceiros da Prefeitura na campanha.<\/p>\n<p><span class=\"intertitulo\">Como doar<\/span><\/p>\n<p>A doa\u00e7\u00e3o para o Imposto Solid\u00e1rio 2025 deve ser informada antes do envio da declara\u00e7\u00e3o de renda para a Receita Federal, sem ter que pagar nada a mais por isso e de forma f\u00e1cil, r\u00e1pida e segura.<\/p>\n<p>Com esta a\u00e7\u00e3o, os contribuintes ajudam as organiza\u00e7\u00f5es da cidade que atendem crian\u00e7as e idosos em situa\u00e7\u00e3o de vulnerabilidade social, garantindo-lhes melhores condi\u00e7\u00f5es de vida e dignidade.<\/p>\n<p>As pessoas f\u00edsicas podem destinar at\u00e9 6% do imposto devido, sendo 3% para o Fumid e 3% para o Fumdicad. Ou escolher um dos fundos e doar 3%.<\/p>\n<p>J\u00e1 as pessoas jur\u00eddicas podem doar at\u00e9 2% do lucro real, sendo 1% para o Fumid e 1% para o Fumdicad. Ou optar por um dos fundos, doando 1%.<\/p>\n<p>Para saber como fazer a destina\u00e7\u00e3o aos fundos, entre no site da Receita Federal.<\/p>\n<p><span class=\"intertitulo\">Passo a passo<\/span><\/p>\n<p>\u2022 Escolha \u201cdoar\u201d e acesse as \u201cfichas de declara\u00e7\u00e3o\u201d<\/p>\n<p>\u2022\u00a0Em seguida, \u201cdoa\u00e7\u00e3o diretamente na declara\u00e7\u00e3o\u201d<\/p>\n<p>\u2022\u00a0Marque a op\u00e7\u00e3o \u201cmunicipal\u201d e, para terminar, \u201cS\u00e3o Jos\u00e9 dos Campos\u201d<\/p>\n<p>\u2022\u00a0Escolha quem vai receber a doa\u00e7\u00e3o (Fundo Municipal do Idoso e Fundo Municipal da Crian\u00e7a e do Adolescente)<\/p>\n<p>\u2022\u00a0Siga o passo a passo detalhado na p\u00e1gina da Receita Federal.<\/p>\n<p><span class=\"intertitulo\">Novos projetos<\/span><\/p>\n<p>As doa\u00e7\u00f5es ser\u00e3o utilizadas em projetos, ap\u00f3s a realiza\u00e7\u00e3o de editais, para ajudar crian\u00e7as, adolescentes e idosos em situa\u00e7\u00e3o de vulnerabilidade social.<\/p>\n<p>Poder\u00e3o receber as verbas as entidades atualmente cadastradas no CMDCA (Conselho Municipal dos Direitos da Crian\u00e7a e do Adolescente) e CMDPI (Conselho Municipal dos Direitos da Pessoa Idosa).<\/p>\n<p><span class=\"intertitulo\">Benef\u00edcios das doa\u00e7\u00f5es<\/span><\/p>\n<p>\u2022 Ajuda quem mais precisa<\/p>\n<p>\u2022 \u00c9 uma forma legal e segura de ajudar e incentivar projetos sociais<\/p>\n<p>\u2022 Amplia a prote\u00e7\u00e3o \u00e0s crian\u00e7as, adolescentes e idosos<\/p>\n<p>\u2022 \u00c9 a participa\u00e7\u00e3o cidad\u00e3 em benef\u00edcio de toda a sociedade, sem custo<\/p>\n<p>\u2022 Garante um futuro melhor para crian\u00e7as, adolescentes e idosos<\/p>\n<p>\u2022 O contribuinte n\u00e3o pagar\u00e1 mais imposto nem ter\u00e1 sua restitui\u00e7\u00e3o diminu\u00edda<\/p>\n<p>\u2022 \u00c9 um ato de cidadania efetiva<\/p>\n<p>\u2022 Seu imposto vira destina\u00e7\u00e3o e sonhos viram realidade<\/p>\n<p>&#13;<br \/>\n                        <strong>MAIS NOT\u00cdCIAS<\/strong><br \/>&#13;<br \/>\n                        Secretaria de Apoio Social ao Cidad\u00e3o&#13;\n                    <\/p>\n<\/p><\/div>\n","protected":false},"excerpt":{"rendered":"<p>Cl\u00e1udio Souza&#13; &#13; Secretaria de Apoio Social ao Cidad\u00e3o Ainda d\u00e1 tempo de participar de uma causa nobre e contribuir para melhoria da qualidade de vida de crian\u00e7as, adolescentes e idosos de S\u00e3o Jos\u00e9 dos Campos. A campanha do Imposto de Renda Solid\u00e1rio 2025, lan\u00e7ada pela Prefeitura em mar\u00e7o \u00faltimo, em parceria com o Fundo &#8230; <a title=\"Campanha do Imposto de Renda Solid\u00e1rio entra na reta final\" class=\"read-more\" href=\"https:\/\/superinteressantes.com.br\/index.php\/2025\/05\/20\/campanha-do-imposto-de-renda-solidario-entra-na-reta-final\/\" aria-label=\"More on Campanha do Imposto de Renda Solid\u00e1rio entra na reta final\">Ler mais<\/a><\/p>\n","protected":false},"author":1,"featured_media":0,"comment_status":"","ping_status":"","sticky":false,"template":"","format":"standard","meta":{"footnotes":""},"categories":[1],"tags":[],"class_list":["post-26160","post","type-post","status-publish","format-standard","hentry","category-sem-categoria"],"amp_enabled":true,"_links":{"self":[{"href":"https:\/\/superinteressantes.com.br\/index.php\/wp-json\/wp\/v2\/posts\/26160","targetHints":{"allow":["GET"]}}],"collection":[{"href":"https:\/\/superinteressantes.com.br\/index.php\/wp-json\/wp\/v2\/posts"}],"about":[{"href":"https:\/\/superinteressantes.com.br\/index.php\/wp-json\/wp\/v2\/types\/post"}],"author":[{"embeddable":true,"href":"https:\/\/superinteressantes.com.br\/index.php\/wp-json\/wp\/v2\/users\/1"}],"replies":[{"embeddable":true,"href":"https:\/\/superinteressantes.com.br\/index.php\/wp-json\/wp\/v2\/comments?post=26160"}],"version-history":[{"count":0,"href":"https:\/\/superinteressantes.com.br\/index.php\/wp-json\/wp\/v2\/posts\/26160\/revisions"}],"wp:attachment":[{"href":"https:\/\/superinteressantes.com.br\/index.php\/wp-json\/wp\/v2\/media?parent=26160"}],"wp:term":[{"taxonomy":"category","embeddable":true,"href":"https:\/\/superinteressantes.com.br\/index.php\/wp-json\/wp\/v2\/categories?post=26160"},{"taxonomy":"post_tag","embeddable":true,"href":"https:\/\/superinteressantes.com.br\/index.php\/wp-json\/wp\/v2\/tags?post=26160"}],"curies":[{"name":"wp","href":"https:\/\/api.w.org\/{rel}","templated":true}]}}