{"id":26158,"date":"2025-05-20T09:06:41","date_gmt":"2025-05-20T12:06:41","guid":{"rendered":"https:\/\/superinteressantes.com.br\/index.php\/2025\/05\/20\/congresso-nacional-de-doencas-raras-tem-inicio-nesta-quarta-feira-reunindo-diversos-especialistas-em-joao-pessoa\/"},"modified":"2025-05-20T09:06:41","modified_gmt":"2025-05-20T12:06:41","slug":"congresso-nacional-de-doencas-raras-tem-inicio-nesta-quarta-feira-reunindo-diversos-especialistas-em-joao-pessoa","status":"publish","type":"post","link":"https:\/\/superinteressantes.com.br\/index.php\/2025\/05\/20\/congresso-nacional-de-doencas-raras-tem-inicio-nesta-quarta-feira-reunindo-diversos-especialistas-em-joao-pessoa\/","title":{"rendered":"Congresso Nacional de Doen\u00e7as Raras tem in\u00edcio nesta quarta-feira reunindo diversos especialistas em Jo\u00e3o Pessoa"},"content":{"rendered":"<p><\/p>\n<div>\n<h5 class=\"text-primary\">Quinta edi\u00e7\u00e3o <\/h5>\n<p>                        <!-- Mostra o t&iacute;tulo como um link para o link permanente do post --><\/p>\n<h2 class=\"mb-3\">Congresso Nacional de Doen\u00e7as Raras tem in\u00edcio nesta quarta-feira reunindo diversos especialistas em Jo\u00e3o Pessoa<\/h2>\n<p class=\"text-secondary font-italic mb-3 p-0\">&#13;<br \/>\n                            <i class=\"fa fa-calendar\"\/> 20\/05\/2025 | &#13;<br \/>\n                            <i class=\"fa fa-clock-o\"\/> 08:30 |&#13;<br \/>\n                            <i class=\"fa fa-eye\"\/> 51                        <\/p>\n<p>                        <!-- Mostra o conte&uacute;do do post em uma DIV --><\/p>\n<div class=\"\">\n<p>Jo\u00e3o Pessoa sediar\u00e1, a partir desta quarta-feira (21), a quinta edi\u00e7\u00e3o do Congresso Nacional Multidisciplinar de Doen\u00e7as Raras e Anomalias Cong\u00eanitas (Conamdracon), que discute os avan\u00e7os e os principais desafios relacionados ao tema. O evento, que segue nos dias 22 e 23, das 8h \u00e0s 17h, no Centro de Conven\u00e7\u00f5es, \u00e9 o maior congresso da \u00e1rea e re\u00fane profissionais, pesquisadores e discentes.<\/p>\n<figure class=\"wp-block-image size-full\"><\/figure>\n<p>O encontro, realizado anualmente, tem como entidades organizadoras o Centro de Refer\u00eancia Multiprofissional em Doen\u00e7as Raras (CRMDR), administrado pela Prefeitura de Jo\u00e3o Pessoa, e a Associa\u00e7\u00e3o Paraibana de Doen\u00e7as Raras (Aspador).<\/p>\n<p>\u201cO Conamdracon consolida-se como um espa\u00e7o estrat\u00e9gico de apoio, pesquisa, forma\u00e7\u00e3o e acolhimento. Isso impulsiona tamb\u00e9m o trabalho desenvolvido pela Associa\u00e7\u00e3o Paraibana de Doen\u00e7as Raras e por todos os profissionais, o que atrai uma aten\u00e7\u00e3o para a Para\u00edba como um territ\u00f3rio comprometido com a ci\u00eancia e a inclus\u00e3o social\u201d, afirmou Saionara Ara\u00fajo, diretora do Centro de Refer\u00eancia Multiprofissional em Doen\u00e7as Raras.<\/p>\n<p>A participa\u00e7\u00e3o no evento \u00e9 gratuita. Por\u00e9m, as inscri\u00e7\u00f5es para participar do Conamdracon de forma presencial est\u00e3o esgotadas. Mas ainda \u00e9 poss\u00edvel confirmar a presen\u00e7a no formato online, por meio do link https:\/\/www.conamdracon.com\/inscricao-vconamdracon.<\/p>\n<p>Quem desejar obter mais informa\u00e7\u00f5es, basta acessar p\u00e1gina oficial do congresso, clicando no link www.conamdracon.com\/.<\/p>\n<\/p><\/div>\n<\/p><\/div>\n","protected":false},"excerpt":{"rendered":"<p>Quinta edi\u00e7\u00e3o Congresso Nacional de Doen\u00e7as Raras tem in\u00edcio nesta quarta-feira reunindo diversos especialistas em Jo\u00e3o Pessoa &#13; 20\/05\/2025 | &#13; 08:30 |&#13; 51 Jo\u00e3o Pessoa sediar\u00e1, a partir desta quarta-feira (21), a quinta edi\u00e7\u00e3o do Congresso Nacional Multidisciplinar de Doen\u00e7as Raras e Anomalias Cong\u00eanitas (Conamdracon), que discute os avan\u00e7os e os principais desafios relacionados &#8230; <a title=\"Congresso Nacional de Doen\u00e7as Raras tem in\u00edcio nesta quarta-feira reunindo diversos especialistas em Jo\u00e3o Pessoa\" class=\"read-more\" href=\"https:\/\/superinteressantes.com.br\/index.php\/2025\/05\/20\/congresso-nacional-de-doencas-raras-tem-inicio-nesta-quarta-feira-reunindo-diversos-especialistas-em-joao-pessoa\/\" aria-label=\"More on Congresso Nacional de Doen\u00e7as Raras tem in\u00edcio nesta quarta-feira reunindo diversos especialistas em Jo\u00e3o Pessoa\">Ler mais<\/a><\/p>\n","protected":false},"author":1,"featured_media":0,"comment_status":"","ping_status":"","sticky":false,"template":"","format":"standard","meta":{"footnotes":""},"categories":[1],"tags":[],"class_list":["post-26158","post","type-post","status-publish","format-standard","hentry","category-sem-categoria"],"amp_enabled":true,"_links":{"self":[{"href":"https:\/\/superinteressantes.com.br\/index.php\/wp-json\/wp\/v2\/posts\/26158","targetHints":{"allow":["GET"]}}],"collection":[{"href":"https:\/\/superinteressantes.com.br\/index.php\/wp-json\/wp\/v2\/posts"}],"about":[{"href":"https:\/\/superinteressantes.com.br\/index.php\/wp-json\/wp\/v2\/types\/post"}],"author":[{"embeddable":true,"href":"https:\/\/superinteressantes.com.br\/index.php\/wp-json\/wp\/v2\/users\/1"}],"replies":[{"embeddable":true,"href":"https:\/\/superinteressantes.com.br\/index.php\/wp-json\/wp\/v2\/comments?post=26158"}],"version-history":[{"count":0,"href":"https:\/\/superinteressantes.com.br\/index.php\/wp-json\/wp\/v2\/posts\/26158\/revisions"}],"wp:attachment":[{"href":"https:\/\/superinteressantes.com.br\/index.php\/wp-json\/wp\/v2\/media?parent=26158"}],"wp:term":[{"taxonomy":"category","embeddable":true,"href":"https:\/\/superinteressantes.com.br\/index.php\/wp-json\/wp\/v2\/categories?post=26158"},{"taxonomy":"post_tag","embeddable":true,"href":"https:\/\/superinteressantes.com.br\/index.php\/wp-json\/wp\/v2\/tags?post=26158"}],"curies":[{"name":"wp","href":"https:\/\/api.w.org\/{rel}","templated":true}]}}