{"id":26135,"date":"2025-05-19T22:55:44","date_gmt":"2025-05-20T01:55:44","guid":{"rendered":"https:\/\/superinteressantes.com.br\/index.php\/2025\/05\/19\/ifsp-e-abrig-firmam-parceria-para-fortalecer-as-indicacoes-geograficas-brasileiras-ifsp\/"},"modified":"2025-05-19T22:55:44","modified_gmt":"2025-05-20T01:55:44","slug":"ifsp-e-abrig-firmam-parceria-para-fortalecer-as-indicacoes-geograficas-brasileiras-ifsp","status":"publish","type":"post","link":"https:\/\/superinteressantes.com.br\/index.php\/2025\/05\/19\/ifsp-e-abrig-firmam-parceria-para-fortalecer-as-indicacoes-geograficas-brasileiras-ifsp\/","title":{"rendered":"IFSP e ABRIG firmam parceria para fortalecer as Indica\u00e7\u00f5es Geogr\u00e1ficas brasileiras &#8211; IFSP"},"content":{"rendered":"<p><\/p>\n<div>\n<div class=\"subtitle\">\n<p><span style=\"font-weight: 400;\">Protocolo de inten\u00e7\u00f5es prev\u00ea a\u00e7\u00f5es conjuntas de inova\u00e7\u00e3o, forma\u00e7\u00e3o e desenvolvimento de solu\u00e7\u00f5es para o setor<\/span><\/p>\n<\/div>\n<p><!-- fim .content-header-options-1 --><\/p>\n<p><span style=\"font-weight: 400;\">O Instituto Federal de Educa\u00e7\u00e3o, Ci\u00eancia e Tecnologia de S\u00e3o Paulo (IFSP) e a Associa\u00e7\u00e3o Brasileira de Indica\u00e7\u00f5es Geogr\u00e1ficas (ABRIG) acabam de dar um passo importante para o fortalecimento das IGs brasileiras. As institui\u00e7\u00f5es firmaram um protocolo de inten\u00e7\u00f5es que estabelece uma ampla coopera\u00e7\u00e3o t\u00e9cnica, cient\u00edfica e educacional, com o objetivo de incentivar a inova\u00e7\u00e3o e promover o desenvolvimento sustent\u00e1vel das Indica\u00e7\u00f5es Geogr\u00e1ficas (IGs) no pa\u00eds.<\/span><\/p>\n<p><span style=\"font-weight: 400;\">A parceria abre caminho para uma s\u00e9rie de a\u00e7\u00f5es estrat\u00e9gicas, como o apoio direto ao desenvolvimento de produtos, processos e servi\u00e7os dos associados da ABRIG, com a contribui\u00e7\u00e3o da expertise t\u00e9cnica e cient\u00edfica do IFSP. Al\u00e9m disso, est\u00e3o previstas atividades de forma\u00e7\u00e3o e capacita\u00e7\u00e3o, tanto para estudantes da institui\u00e7\u00e3o quanto para os produtores ligados \u00e0 associa\u00e7\u00e3o.<\/span><\/p>\n<p><span style=\"font-weight: 400;\">O acordo tamb\u00e9m prev\u00ea o compartilhamento de informa\u00e7\u00f5es, organiza\u00e7\u00e3o de eventos conjuntos e a realiza\u00e7\u00e3o de treinamentos voltados para os desafios enfrentados pelos produtores de IGs. Estudantes do IFSP ter\u00e3o oportunidades de forma\u00e7\u00e3o nas \u00e1reas de atua\u00e7\u00e3o da ABRIG, o que pode resultar na qualifica\u00e7\u00e3o de futuros profissionais comprometidos com o setor.<\/span><\/p>\n<p><span style=\"font-weight: 400;\">Outro ponto de destaque \u00e9 a possibilidade de firmar parcerias formais entre os associados da ABRIG e o IFSP para o desenvolvimento de projetos espec\u00edficos, conectando ci\u00eancia, inova\u00e7\u00e3o e tradi\u00e7\u00e3o.<\/span><\/p>\n<p><span style=\"font-weight: 400;\">Com essa iniciativa, tanto os associados da ABRIG quanto os servidores e estudantes do IFSP ganham novas possibilidades de crescimento e aprendizado. As Indica\u00e7\u00f5es Geogr\u00e1ficas brasileiras, que carregam hist\u00f3rias, saberes e sabores \u00fanicos, ganham tamb\u00e9m um impulso a mais para se tornarem ainda mais valorizadas e competitivas no cen\u00e1rio nacional e internacional.<\/span><\/p>\n<p><span style=\"font-weight: 400;\">\u201cNovas parcerias e projetos para fortalecer suas Indica\u00e7\u00f5es Geogr\u00e1ficas est\u00e3o a caminho, acompanhe esta iniciativa que promete fortalecer ainda mais as Indica\u00e7\u00f5es Geogr\u00e1ficas do nosso pa\u00eds, agregando valor, conhecimento e competitividade!\u201d, destacou Eder Sarconi, diretor Executivo da Inova IFSP.<\/span><\/p>\n<\/div>\n","protected":false},"excerpt":{"rendered":"<p>Protocolo de inten\u00e7\u00f5es prev\u00ea a\u00e7\u00f5es conjuntas de inova\u00e7\u00e3o, forma\u00e7\u00e3o e desenvolvimento de solu\u00e7\u00f5es para o setor O Instituto Federal de Educa\u00e7\u00e3o, Ci\u00eancia e Tecnologia de S\u00e3o Paulo (IFSP) e a Associa\u00e7\u00e3o Brasileira de Indica\u00e7\u00f5es Geogr\u00e1ficas (ABRIG) acabam de dar um passo importante para o fortalecimento das IGs brasileiras. As institui\u00e7\u00f5es firmaram um protocolo de inten\u00e7\u00f5es &#8230; <a title=\"IFSP e ABRIG firmam parceria para fortalecer as Indica\u00e7\u00f5es Geogr\u00e1ficas brasileiras &#8211; IFSP\" class=\"read-more\" href=\"https:\/\/superinteressantes.com.br\/index.php\/2025\/05\/19\/ifsp-e-abrig-firmam-parceria-para-fortalecer-as-indicacoes-geograficas-brasileiras-ifsp\/\" aria-label=\"More on IFSP e ABRIG firmam parceria para fortalecer as Indica\u00e7\u00f5es Geogr\u00e1ficas brasileiras &#8211; IFSP\">Ler mais<\/a><\/p>\n","protected":false},"author":1,"featured_media":0,"comment_status":"","ping_status":"","sticky":false,"template":"","format":"standard","meta":{"footnotes":""},"categories":[1],"tags":[],"class_list":["post-26135","post","type-post","status-publish","format-standard","hentry","category-sem-categoria"],"amp_enabled":true,"_links":{"self":[{"href":"https:\/\/superinteressantes.com.br\/index.php\/wp-json\/wp\/v2\/posts\/26135","targetHints":{"allow":["GET"]}}],"collection":[{"href":"https:\/\/superinteressantes.com.br\/index.php\/wp-json\/wp\/v2\/posts"}],"about":[{"href":"https:\/\/superinteressantes.com.br\/index.php\/wp-json\/wp\/v2\/types\/post"}],"author":[{"embeddable":true,"href":"https:\/\/superinteressantes.com.br\/index.php\/wp-json\/wp\/v2\/users\/1"}],"replies":[{"embeddable":true,"href":"https:\/\/superinteressantes.com.br\/index.php\/wp-json\/wp\/v2\/comments?post=26135"}],"version-history":[{"count":0,"href":"https:\/\/superinteressantes.com.br\/index.php\/wp-json\/wp\/v2\/posts\/26135\/revisions"}],"wp:attachment":[{"href":"https:\/\/superinteressantes.com.br\/index.php\/wp-json\/wp\/v2\/media?parent=26135"}],"wp:term":[{"taxonomy":"category","embeddable":true,"href":"https:\/\/superinteressantes.com.br\/index.php\/wp-json\/wp\/v2\/categories?post=26135"},{"taxonomy":"post_tag","embeddable":true,"href":"https:\/\/superinteressantes.com.br\/index.php\/wp-json\/wp\/v2\/tags?post=26135"}],"curies":[{"name":"wp","href":"https:\/\/api.w.org\/{rel}","templated":true}]}}