{"id":26133,"date":"2025-05-19T22:08:36","date_gmt":"2025-05-20T01:08:36","guid":{"rendered":"https:\/\/superinteressantes.com.br\/index.php\/2025\/05\/19\/conferencia-municipal-lgbt-elege-delegados-para-a-etapa-estadual-que-acontecera-em-agosto\/"},"modified":"2025-05-19T22:08:36","modified_gmt":"2025-05-20T01:08:36","slug":"conferencia-municipal-lgbt-elege-delegados-para-a-etapa-estadual-que-acontecera-em-agosto","status":"publish","type":"post","link":"https:\/\/superinteressantes.com.br\/index.php\/2025\/05\/19\/conferencia-municipal-lgbt-elege-delegados-para-a-etapa-estadual-que-acontecera-em-agosto\/","title":{"rendered":"Confer\u00eancia Municipal LGBT elege delegados para a etapa estadual, que acontecer\u00e1 em agosto"},"content":{"rendered":"<p><\/p>\n<div>\n<p>Com a participa\u00e7\u00e3o de gestores p\u00fablicos, lideran\u00e7as e representantes de movimentos sociais, a 4\u00aa Confer\u00eancia Municipal LGBT elegeu delegados para a etapa estadual. O evento foi uma realiza\u00e7\u00e3o da Prefeitura de Jo\u00e3o Pessoa, atrav\u00e9s do Conselho Municipal das Pessoas LGBTQIAPNB+. A Confer\u00eancia aconteceu, nesta segunda-feira (19), na Escola de Servi\u00e7o P\u00fablico do Estado da Para\u00edba (Espep), no bairro de Mangabeira.<\/p>\n<figure class=\"wp-block-gallery has-nested-images columns-default is-cropped wp-block-gallery-1 is-layout-flex wp-block-gallery-is-layout-flex\">\n<figure class=\"wp-block-image size-large\"><\/figure>\n<figure class=\"wp-block-image size-large\"><\/figure>\n<\/figure>\n<p>A etapa estadual acontecer\u00e1 nos dias 29 e 30 de agosto na Capital paraibana. Foram eleitos sete representantes da gest\u00e3o p\u00fablica e outros sete da sociedade civil. V\u00e3o representar o Estado na parte da sociedade civil: Gabi Bevenutty, \u00c2ngela Chaves, Vitor Pilato, Leandra Cardoso, Selmi Cabral, Lay Pontes e Odara Sade. J\u00e1 os delegados que representar\u00e3o a gest\u00e3o municipal s\u00e3o: Geraldo Filho, Ezequias Gon\u00e7alves, Agatha Borges de Carvalho, Karina Esp\u00ednola Guedes, Julhanalia Fernandes, Joanderson Sousa F\u00e9lix e Elaine Pontes.<\/p>\n<p>De acordo com Geraldo Filho, presidente do Conselho e coordenador de Promo\u00e7\u00e3o \u00e0 Cidadania LGBT de Jo\u00e3o Pessoa, com a elei\u00e7\u00e3o dos delegados, a miss\u00e3o da Confer\u00eancia foi cumprida. \u201cPromovemos e participamos de um di\u00e1logo muito rico e, dentro de um processo democr\u00e1tico, elegemos os delegados que estar\u00e3o na pr\u00f3xima etapa, que \u00e9 a estadual, marcada para ocorrer em agosto pr\u00f3ximo\u201d, afirmou.<\/p>\n<figure class=\"wp-block-gallery has-nested-images columns-default is-cropped wp-block-gallery-2 is-layout-flex wp-block-gallery-is-layout-flex\">\n<figure class=\"wp-block-image size-large\"><\/figure>\n<figure class=\"wp-block-image size-large\"><\/figure>\n<figure class=\"wp-block-image size-large\"><\/figure>\n<figure class=\"wp-block-image size-large\"><\/figure>\n<figure class=\"wp-block-image size-large\"><\/figure>\n<\/figure>\n<p>A vota\u00e7\u00e3o aconteceu ap\u00f3s uma extensa programa\u00e7\u00e3o que discutiu os avan\u00e7os e desafios no campo das pol\u00edticas p\u00fablicas para a popula\u00e7\u00e3o LGBTQIAPNB+, que come\u00e7ou \u00e0s 9h e seguiu at\u00e9 17h.<\/p>\n<p>Al\u00e9m de Geraldo Filho, a abertura do evento contou com a participa\u00e7\u00e3o de Juliana Dantas, executiva da Secretaria de Mulheres de Jo\u00e3o Pessoa; L\u00eddia Moura, da Secretaria de Estado da Mulher e Diversidade Humana (SEMDH); Laura Brasil, gerente executiva de Direitos Sexuais LGBTQIAPNB+ da SEMDH; e Felipe Santos, do Conselho Nacional LGBTQIAPNB+.<\/p>\n<figure class=\"wp-block-gallery has-nested-images columns-default is-cropped wp-block-gallery-3 is-layout-flex wp-block-gallery-is-layout-flex\">\n<figure class=\"wp-block-image size-large\"><\/figure>\n<figure class=\"wp-block-image size-large\"><\/figure>\n<\/figure>\n<p><strong>Palestras \u2013<\/strong> Na sequ\u00eancia, os participantes assistiram \u00e0 palestra de Michelle Agnoletti, advogada e mestre em Direitos Humanos; e Jos\u00e9 Cleudo, professor, doutor e ativista LGBTQIAPNB+. Eles falaram sobre o fortalecimento e uni\u00e3o de toda a comunidade para que, de fato, a prote\u00e7\u00e3o e o direito \u00e0 cidadania desta popula\u00e7\u00e3o seja cumprida.<\/p>\n<p>\u201c\u00c9 preciso refor\u00e7ar a import\u00e2ncia do di\u00e1logo e constru\u00e7\u00e3o popular. \u00c9 isso que faz a pol\u00edtica p\u00fablica ter resultado, no sentido de atender a esse imperativo de igualdade social. N\u00e3o \u00e9 pra segmentar, mas congregar. Monitorando sempre como essas pol\u00edticas s\u00e3o aplicadas ou se est\u00e3o sendo aplicadas\u201d, afirmou Michelle.<\/p>\n<figure class=\"wp-block-gallery has-nested-images columns-default is-cropped wp-block-gallery-4 is-layout-flex wp-block-gallery-is-layout-flex\">\n<figure class=\"wp-block-image size-large\"><\/figure>\n<figure class=\"wp-block-image size-large\"><\/figure>\n<\/figure>\n<p>O professor Jos\u00e9 Cleudo provocou o p\u00fablico e perguntou o que o unia a comunidade. \u201cO que nos une \u00e9 o amor, \u00e9 a luta, \u00e9 a vontade de ver mudan\u00e7as significativas. Enquanto n\u00e3o tivermos nossos direitos garantidos, vamos continuar a fazer confer\u00eancias como estas\u201d, disse.<\/p>\n<p><strong>Eixos tem\u00e1ticos<\/strong> \u2013 Logo ap\u00f3s, os participantes foram divididos em grupos para contribu\u00edrem nas discuss\u00f5es e sugest\u00f5es dos eixos tem\u00e1ticos, que foram: o enfrentamento \u00e0 viol\u00eancia LGBTQIAPNB+; Trabalho digno e gera\u00e7\u00e3o de renda \u00e0 popula\u00e7\u00e3o LGBTQIAPNB+; Interseccionalidade de internacionaliza\u00e7\u00e3o; e Institucionaliza\u00e7\u00e3o da Pol\u00edtica Nacional dos Direitos das Pessoas LGBTQIAPNB+.<\/p>\n<figure class=\"wp-block-gallery has-nested-images columns-default is-cropped wp-block-gallery-5 is-layout-flex wp-block-gallery-is-layout-flex\">\n<figure class=\"wp-block-image size-large\"><\/figure>\n<figure class=\"wp-block-image size-large\"><\/figure>\n<\/figure>\n<p>O evento encerrou com a plen\u00e1ria onde os grupos apresentaram o que foi aprovado nos eixos tem\u00e1ticos, com as propostas que ainda passar\u00e3o por uma consulta p\u00fablica e seguir\u00e3o para a etapa estadual, e com a escolha dos delegados para a Confer\u00eancia Estadual LGBT.<\/p>\n<p>Para mais informa\u00e7\u00f5es, pessoas interessadas podem enviar e-mail para conslgbtjp@gmail.com ou entrar em contato com a Coordenadoria Municipal de Promo\u00e7\u00e3o \u00e0 Cidadania LGBT de Jo\u00e3o Pessoa pelo n\u00famero (83) 98730-6036 (WhatsApp).<\/p>\n<\/p><\/div>\n","protected":false},"excerpt":{"rendered":"<p>Com a participa\u00e7\u00e3o de gestores p\u00fablicos, lideran\u00e7as e representantes de movimentos sociais, a 4\u00aa Confer\u00eancia Municipal LGBT elegeu delegados para a etapa estadual. O evento foi uma realiza\u00e7\u00e3o da Prefeitura de Jo\u00e3o Pessoa, atrav\u00e9s do Conselho Municipal das Pessoas LGBTQIAPNB+. A Confer\u00eancia aconteceu, nesta segunda-feira (19), na Escola de Servi\u00e7o P\u00fablico do Estado da Para\u00edba &#8230; <a title=\"Confer\u00eancia Municipal LGBT elege delegados para a etapa estadual, que acontecer\u00e1 em agosto\" class=\"read-more\" href=\"https:\/\/superinteressantes.com.br\/index.php\/2025\/05\/19\/conferencia-municipal-lgbt-elege-delegados-para-a-etapa-estadual-que-acontecera-em-agosto\/\" aria-label=\"More on Confer\u00eancia Municipal LGBT elege delegados para a etapa estadual, que acontecer\u00e1 em agosto\">Ler mais<\/a><\/p>\n","protected":false},"author":1,"featured_media":0,"comment_status":"","ping_status":"","sticky":false,"template":"","format":"standard","meta":{"footnotes":""},"categories":[1],"tags":[],"class_list":["post-26133","post","type-post","status-publish","format-standard","hentry","category-sem-categoria"],"amp_enabled":true,"_links":{"self":[{"href":"https:\/\/superinteressantes.com.br\/index.php\/wp-json\/wp\/v2\/posts\/26133","targetHints":{"allow":["GET"]}}],"collection":[{"href":"https:\/\/superinteressantes.com.br\/index.php\/wp-json\/wp\/v2\/posts"}],"about":[{"href":"https:\/\/superinteressantes.com.br\/index.php\/wp-json\/wp\/v2\/types\/post"}],"author":[{"embeddable":true,"href":"https:\/\/superinteressantes.com.br\/index.php\/wp-json\/wp\/v2\/users\/1"}],"replies":[{"embeddable":true,"href":"https:\/\/superinteressantes.com.br\/index.php\/wp-json\/wp\/v2\/comments?post=26133"}],"version-history":[{"count":0,"href":"https:\/\/superinteressantes.com.br\/index.php\/wp-json\/wp\/v2\/posts\/26133\/revisions"}],"wp:attachment":[{"href":"https:\/\/superinteressantes.com.br\/index.php\/wp-json\/wp\/v2\/media?parent=26133"}],"wp:term":[{"taxonomy":"category","embeddable":true,"href":"https:\/\/superinteressantes.com.br\/index.php\/wp-json\/wp\/v2\/categories?post=26133"},{"taxonomy":"post_tag","embeddable":true,"href":"https:\/\/superinteressantes.com.br\/index.php\/wp-json\/wp\/v2\/tags?post=26133"}],"curies":[{"name":"wp","href":"https:\/\/api.w.org\/{rel}","templated":true}]}}