{"id":26128,"date":"2025-05-19T19:47:41","date_gmt":"2025-05-19T22:47:41","guid":{"rendered":"https:\/\/superinteressantes.com.br\/index.php\/2025\/05\/19\/prefeitura-de-guaratingueta-trabalha-pela-modernizacao-do-transporte-publico-prefeitura-estancia-turistica-guaratingueta\/"},"modified":"2025-05-19T19:47:41","modified_gmt":"2025-05-19T22:47:41","slug":"prefeitura-de-guaratingueta-trabalha-pela-modernizacao-do-transporte-publico-prefeitura-estancia-turistica-guaratingueta","status":"publish","type":"post","link":"https:\/\/superinteressantes.com.br\/index.php\/2025\/05\/19\/prefeitura-de-guaratingueta-trabalha-pela-modernizacao-do-transporte-publico-prefeitura-estancia-turistica-guaratingueta\/","title":{"rendered":"Prefeitura de Guaratinguet\u00e1 trabalha pela moderniza\u00e7\u00e3o do transporte p\u00fablico \u2013 Prefeitura Est\u00e2ncia Tur\u00edstica Guaratinguet\u00e1"},"content":{"rendered":"<p><\/p>\n<div>\n<p>A Prefeitura Municipal de Guaratinguet\u00e1, em parceria com a empresa Oceano, est\u00e1 executando um amplo plano de moderniza\u00e7\u00e3o do transporte p\u00fablico da cidade. Desde o in\u00edcio do ano, diversas a\u00e7\u00f5es v\u00eam sendo implementadas, com foco na amplia\u00e7\u00e3o dos servi\u00e7os, comodidade dos usu\u00e1rios e uso de novas tecnologias.<\/p>\n<p>Novidades:<br \/>* Circula\u00e7\u00e3o de dois novos \u00f4nibus equipados com ar-condicionado e suspens\u00e3o a ar;<br \/>* Cria\u00e7\u00e3o da nova linha Centro Integra\u00e7\u00e3o, um conceito de linha regional integrando v\u00e1rias regi\u00f5es populosas (Shopping, JD Rony, Pedregulho, Alberto Barbeta, PQ do Sol, JD do Vale, Cohab, Nova Guar\u00e1 e Vila Para\u00edba) ao centro da cidade.<\/p>\n<p>Com essa amplia\u00e7\u00e3o, a grade de hor\u00e1rios foi refor\u00e7ada, representando um aumento de 8% em dias \u00fateis e aos s\u00e1bados e 40% no n\u00famero de viagens em dias \u00fateis.<\/p>\n<p>At\u00e9 o final de maio est\u00e1 previsto o lan\u00e7amento do novo portal www.meutug.com.br. J\u00e1 o aplicativo MeuTug tem lan\u00e7amento previsto para o m\u00eas de junho, inicialmente dispon\u00edvel para o sistema Android, com libera\u00e7\u00e3o para iOS em seguida. At\u00e9 o final do pr\u00f3ximo m\u00eas, a empresa tamb\u00e9m espera concluir a moderniza\u00e7\u00e3o do sistema de bilhetagem eletr\u00f4nica.<\/p>\n<p>Seguindo o planejamento de melhorias, a concession\u00e1ria far\u00e1, at\u00e9 o final do ano, a entrega de mais quatro novos \u00f4nibus, que ir\u00e3o atender a demanda da cidade.<\/p>\n<\/p><\/div>\n","protected":false},"excerpt":{"rendered":"<p>A Prefeitura Municipal de Guaratinguet\u00e1, em parceria com a empresa Oceano, est\u00e1 executando um amplo plano de moderniza\u00e7\u00e3o do transporte p\u00fablico da cidade. Desde o in\u00edcio do ano, diversas a\u00e7\u00f5es v\u00eam sendo implementadas, com foco na amplia\u00e7\u00e3o dos servi\u00e7os, comodidade dos usu\u00e1rios e uso de novas tecnologias. Novidades:* Circula\u00e7\u00e3o de dois novos \u00f4nibus equipados com &#8230; <a title=\"Prefeitura de Guaratinguet\u00e1 trabalha pela moderniza\u00e7\u00e3o do transporte p\u00fablico \u2013 Prefeitura Est\u00e2ncia Tur\u00edstica Guaratinguet\u00e1\" class=\"read-more\" href=\"https:\/\/superinteressantes.com.br\/index.php\/2025\/05\/19\/prefeitura-de-guaratingueta-trabalha-pela-modernizacao-do-transporte-publico-prefeitura-estancia-turistica-guaratingueta\/\" aria-label=\"More on Prefeitura de Guaratinguet\u00e1 trabalha pela moderniza\u00e7\u00e3o do transporte p\u00fablico \u2013 Prefeitura Est\u00e2ncia Tur\u00edstica Guaratinguet\u00e1\">Ler mais<\/a><\/p>\n","protected":false},"author":1,"featured_media":0,"comment_status":"","ping_status":"","sticky":false,"template":"","format":"standard","meta":{"footnotes":""},"categories":[1],"tags":[],"class_list":["post-26128","post","type-post","status-publish","format-standard","hentry","category-sem-categoria"],"amp_enabled":true,"_links":{"self":[{"href":"https:\/\/superinteressantes.com.br\/index.php\/wp-json\/wp\/v2\/posts\/26128","targetHints":{"allow":["GET"]}}],"collection":[{"href":"https:\/\/superinteressantes.com.br\/index.php\/wp-json\/wp\/v2\/posts"}],"about":[{"href":"https:\/\/superinteressantes.com.br\/index.php\/wp-json\/wp\/v2\/types\/post"}],"author":[{"embeddable":true,"href":"https:\/\/superinteressantes.com.br\/index.php\/wp-json\/wp\/v2\/users\/1"}],"replies":[{"embeddable":true,"href":"https:\/\/superinteressantes.com.br\/index.php\/wp-json\/wp\/v2\/comments?post=26128"}],"version-history":[{"count":0,"href":"https:\/\/superinteressantes.com.br\/index.php\/wp-json\/wp\/v2\/posts\/26128\/revisions"}],"wp:attachment":[{"href":"https:\/\/superinteressantes.com.br\/index.php\/wp-json\/wp\/v2\/media?parent=26128"}],"wp:term":[{"taxonomy":"category","embeddable":true,"href":"https:\/\/superinteressantes.com.br\/index.php\/wp-json\/wp\/v2\/categories?post=26128"},{"taxonomy":"post_tag","embeddable":true,"href":"https:\/\/superinteressantes.com.br\/index.php\/wp-json\/wp\/v2\/tags?post=26128"}],"curies":[{"name":"wp","href":"https:\/\/api.w.org\/{rel}","templated":true}]}}