{"id":26126,"date":"2025-05-19T19:01:03","date_gmt":"2025-05-19T22:01:03","guid":{"rendered":"https:\/\/superinteressantes.com.br\/index.php\/2025\/05\/19\/trabalha-rio-estara-nesta-terca-feira-dia-20-05-na-vila-dos-pinheiros-no-complexo-da-mare-prefeitura-da-cidade-do-rio-de-janeiro\/"},"modified":"2025-05-19T19:01:03","modified_gmt":"2025-05-19T22:01:03","slug":"trabalha-rio-estara-nesta-terca-feira-dia-20-05-na-vila-dos-pinheiros-no-complexo-da-mare-prefeitura-da-cidade-do-rio-de-janeiro","status":"publish","type":"post","link":"https:\/\/superinteressantes.com.br\/index.php\/2025\/05\/19\/trabalha-rio-estara-nesta-terca-feira-dia-20-05-na-vila-dos-pinheiros-no-complexo-da-mare-prefeitura-da-cidade-do-rio-de-janeiro\/","title":{"rendered":"Trabalha Rio estar\u00e1 nesta ter\u00e7a-feira, dia 20\/05, na Vila dos Pinheiros, no Complexo da Mar\u00e9 &#8211; Prefeitura da Cidade do Rio de Janeiro"},"content":{"rendered":"<p><\/p>\n<div id=\"main\">\n<div class=\"wrapper-breadcrumbs\" wp_automatic_readability=\"49.060226492793\">\n<div class=\"image-post\" wp_automatic_readability=\"34\">\n                     Al\u00e9m de identidade e CPF, o interessado em fazer seu cadastro deve levar carteira de trabalho. Foto: Roberto Moreyra\/SMTE                  <\/div>\n<p>O servi\u00e7o de cadastramento e encaminhamento de profissionais em busca de vagas de emprego oferecidas por empresas parceiras da Secretaria Municipal de Trabalho e Renda (SMTE) estar\u00e1 nesta ter\u00e7a-feira (dia 20\/05), de 10h \u00e0s 14h, na Via A1 113, na Vila dos Pinheiros, no Complexo da Mar\u00e9. A a\u00e7\u00e3o acontece no dia seguinte ao \u201cTrabalha Rio Hot\u00e9is\u201d, em Copacabana.<\/p>\n<p>Na quarta-feira, mais uma vez, a SMTE se une \u00e0 for\u00e7a-tarefa liderada pela Secretaria Municipal de A\u00e7\u00e3o Comunit\u00e1ria e leva o Trabalha Rio para a Estrada do Cacuia 226, em frente ao Mundial, na Ilha do Governador. De 10h at\u00e9 as 14h, ser\u00e3o oferecidos in\u00fameros servi\u00e7os da Prefeitura do Rio.<\/p>\n<p>No dia 23, o Trabalha Rio far\u00e1 mais duas a\u00e7\u00f5es. Uma na Pra\u00e7a Anhangu\u00e1, em Br\u00e1s de Pina, tamb\u00e9m a convite da Secretaria Municipal de A\u00e7\u00e3o Comunit\u00e1ria e outra na Rua dos Banc\u00e1rios,979, em Santa Cruz. Ambas ser\u00e3o realizadas de 10h \u00e0s 14h.<\/p>\n<blockquote wp_automatic_readability=\"14\">\n<p>\u2013 Dados da PNAD Cont\u00ednua, compilados pelo Observat\u00f3rio do Trabalho Carioca e divulgados na \u00faltima sexta-feira, mostram que o mercado de trabalho do munic\u00edpio do Rio continua em alta. O n\u00famero de pessoas ocupadas subiu de 3.255.000, no primeiro trimestre de 2023, para 3.410.000 no mesmo per\u00edodo em 2025 -, assinala o secret\u00e1rio municipal de Trabalho e Renda, Manoel Vieira.<\/p>\n<\/blockquote>\n<div wp_automatic_readability=\"11.822641509434\">Al\u00e9m de identidade e CPF, o interessado em fazer seu cadastro deve levar carteira de trabalho, PIS e curr\u00edculo para os locais de atendimento. Quem n\u00e3o puder ir \u00e0s a\u00e7\u00f5es itinerantes, pode se inscrever no banco pela internet, no link:\u00a0https:\/\/tr.ee\/L30k1tDGoz.<\/div>\n<p>Pessoas sem acesso \u00e0 rede tamb\u00e9m podem se inscrever presencialmente em um dos sete postos da Central do Trabalhador, nos seguintes endere\u00e7os: Centro (Av. Presidente Vargas, 1.997, no CIAD); Campo Grande (Rua Coxilha, s\/n\u00ba); Engenho Novo (Rua Vinte Quatro de Maio, 931); Ilha do Governador (Estrada do Dend\u00ea, 2.080); Jacarepagu\u00e1 (Av. Gerem\u00e1rio Dantas, 1.400, salas 248 e 268); Santa Cruz (Rua Lopes de Moura, 58) e Tijuca (Rua Camaragibe, 25). Os postos funcionam de segunda-feira a sexta-feira, das 8h \u00e0s 16h.<\/p>\n<p><span class=\"gmail_signature_prefix\">\u2014<\/span><\/p>\n<p>             <!-- Compartilhe ---><\/p>\n<p>\t\t\t <!-- TAGS --><\/p>\n<section class=\"category-tags\">\n<div class=\"marcacao-category\">\n<article class=\"category-post\">\n<p>Categoria: <\/p>\n<\/article>\n<li>19 de maio de 2025<\/li><\/div>\n<article class=\"tags\">\n\t\t\t\t\tMarca\u00e7\u00f5es: Cacuia copacabana Emprego Mar\u00e9 Trabalha Rio Trabalha Rio Hot\u00e9is<br \/><\/article>\n<\/section>\n<p>            <!-- Mais Not&iacute;cias --><\/p>\n<p>\t\t<!-- Conte&uacute;do SIDEBAR --><\/p><\/div>\n<\/p><\/div>\n","protected":false},"excerpt":{"rendered":"<p>Al\u00e9m de identidade e CPF, o interessado em fazer seu cadastro deve levar carteira de trabalho. Foto: Roberto Moreyra\/SMTE O servi\u00e7o de cadastramento e encaminhamento de profissionais em busca de vagas de emprego oferecidas por empresas parceiras da Secretaria Municipal de Trabalho e Renda (SMTE) estar\u00e1 nesta ter\u00e7a-feira (dia 20\/05), de 10h \u00e0s 14h, na &#8230; <a title=\"Trabalha Rio estar\u00e1 nesta ter\u00e7a-feira, dia 20\/05, na Vila dos Pinheiros, no Complexo da Mar\u00e9 &#8211; Prefeitura da Cidade do Rio de Janeiro\" class=\"read-more\" href=\"https:\/\/superinteressantes.com.br\/index.php\/2025\/05\/19\/trabalha-rio-estara-nesta-terca-feira-dia-20-05-na-vila-dos-pinheiros-no-complexo-da-mare-prefeitura-da-cidade-do-rio-de-janeiro\/\" aria-label=\"More on Trabalha Rio estar\u00e1 nesta ter\u00e7a-feira, dia 20\/05, na Vila dos Pinheiros, no Complexo da Mar\u00e9 &#8211; Prefeitura da Cidade do Rio de Janeiro\">Ler mais<\/a><\/p>\n","protected":false},"author":1,"featured_media":0,"comment_status":"","ping_status":"","sticky":false,"template":"","format":"standard","meta":{"footnotes":""},"categories":[1],"tags":[],"class_list":["post-26126","post","type-post","status-publish","format-standard","hentry","category-sem-categoria"],"amp_enabled":true,"_links":{"self":[{"href":"https:\/\/superinteressantes.com.br\/index.php\/wp-json\/wp\/v2\/posts\/26126","targetHints":{"allow":["GET"]}}],"collection":[{"href":"https:\/\/superinteressantes.com.br\/index.php\/wp-json\/wp\/v2\/posts"}],"about":[{"href":"https:\/\/superinteressantes.com.br\/index.php\/wp-json\/wp\/v2\/types\/post"}],"author":[{"embeddable":true,"href":"https:\/\/superinteressantes.com.br\/index.php\/wp-json\/wp\/v2\/users\/1"}],"replies":[{"embeddable":true,"href":"https:\/\/superinteressantes.com.br\/index.php\/wp-json\/wp\/v2\/comments?post=26126"}],"version-history":[{"count":0,"href":"https:\/\/superinteressantes.com.br\/index.php\/wp-json\/wp\/v2\/posts\/26126\/revisions"}],"wp:attachment":[{"href":"https:\/\/superinteressantes.com.br\/index.php\/wp-json\/wp\/v2\/media?parent=26126"}],"wp:term":[{"taxonomy":"category","embeddable":true,"href":"https:\/\/superinteressantes.com.br\/index.php\/wp-json\/wp\/v2\/categories?post=26126"},{"taxonomy":"post_tag","embeddable":true,"href":"https:\/\/superinteressantes.com.br\/index.php\/wp-json\/wp\/v2\/tags?post=26126"}],"curies":[{"name":"wp","href":"https:\/\/api.w.org\/{rel}","templated":true}]}}