{"id":26125,"date":"2025-05-19T18:13:43","date_gmt":"2025-05-19T21:13:43","guid":{"rendered":"https:\/\/superinteressantes.com.br\/index.php\/2025\/05\/19\/conferencia-municipal-de-sorocaba-define-31-propostas-de-politicas-publicas-voltadas-a-promocao-da-igualdade-racial-agencia-de-noticias\/"},"modified":"2025-05-19T18:13:43","modified_gmt":"2025-05-19T21:13:43","slug":"conferencia-municipal-de-sorocaba-define-31-propostas-de-politicas-publicas-voltadas-a-promocao-da-igualdade-racial-agencia-de-noticias","status":"publish","type":"post","link":"https:\/\/superinteressantes.com.br\/index.php\/2025\/05\/19\/conferencia-municipal-de-sorocaba-define-31-propostas-de-politicas-publicas-voltadas-a-promocao-da-igualdade-racial-agencia-de-noticias\/","title":{"rendered":"Confer\u00eancia Municipal de Sorocaba define 31 propostas de pol\u00edticas p\u00fablicas voltadas \u00e0 promo\u00e7\u00e3o da igualdade racial \u2013 Ag\u00eancia de Not\u00edcias"},"content":{"rendered":"<p><\/p>\n<div wp_automatic_readability=\"118\">\n<p><em>Fotos: Matheus Oliveira (Programa de Est\u00e1gio\/Secom)<\/em><\/p>\n<p>A 1\u00aa Confer\u00eancia Municipal de Promo\u00e7\u00e3o da Igualdade Racial de Sorocaba aprovou, no \u00faltimo s\u00e1bado (17), no N\u00facleo de Educa\u00e7\u00e3o, Tecnologia e Cultura da UFSCar (Universidade Federal de S\u00e3o Carlos), 31 propostas, resultado de um amplo processo de discuss\u00e3o. Com o tema \u201cIgualdade e Democracia: Repara\u00e7\u00e3o e Justi\u00e7a Social\u201d, o evento contou com a participa\u00e7\u00e3o de mais de 150 pessoas, entre autoridades, delegados, convidados e observadores.<\/p>\n<p>Realizada pela Prefeitura de Sorocaba, por meio da Coordenadoria da Igualdade Racial da Secretaria da Cidadania (Secid), e pelo Conselho Municipal de Participa\u00e7\u00e3o e Desenvolvimento da Comunidade Negra e Promo\u00e7\u00e3o da Igualdade Racial (Compir), com apoio da Associa\u00e7\u00e3o A\u00e7\u00e3o Perif\u00e9rica e do N\u00facleo de Extens\u00e3o, Tecnologia e Cultura da UFSCar, a confer\u00eancia \u00e9 a etapa municipal da 5\u00aa Confer\u00eancia Nacional de Promo\u00e7\u00e3o da Igualdade Racial (Conapi).<\/p>\n<p>O evento tratou, em um espa\u00e7o democr\u00e1tico, propostas e estrat\u00e9gias para apontar diretrizes sobre pol\u00edticas p\u00fablicas para o combate \u00e0 desigualdade racial, enfrentamento ao racismo e \u00e0 viol\u00eancia racial, visando \u00e0 melhoria da qualidade de vida da popula\u00e7\u00e3o negra.<\/p>\n<p>Participaram da abertura oficial o secret\u00e1rio Jur\u00eddico da Prefeitura de Sorocaba, Douglas Domingos de Moraes, que representou o prefeito Rodrigo Manga; a secret\u00e1ria da Cidadania, Ana Cl\u00e1udia Fauaz; o presidente do Compir, Jos\u00e9 Ad\u00e3o Neres; a coordenadora da Igualdade Racial da Secid, Viviane Bueno Taveira; a vice-prefeita de Laranjal Paulista (SP), Claudia Martins; e Rayane Proen\u00e7a, representando a Ordem dos Advogados do Brasil (OAB Sorocaba).<\/p>\n<p>Em seguida, a Dra. Jaqueline Lima Santos e a Ma. Regina Cardoso Silva realizaram a palestra \u201cIgualdade e Democracia: Repara\u00e7\u00e3o e Justi\u00e7a Social\u201d, estimulando a todos os presentes para uma escuta ativa, estimulo ao di\u00e1logo e a constru\u00e7\u00e3o coletiva de propostas nos grupos de trabalho.<\/p>\n<p>J\u00e1 na plen\u00e1ria final, ap\u00f3s amplo debate, 31 propostas que abordaram, entre outros assuntos, o combate ao racismo, a garantia de a\u00e7\u00f5es afirmativas, a diversidade religiosa, o financiamento de pol\u00edticas p\u00fablicas e o acesso \u00e0 sa\u00fade, foram aprovadas e ser\u00e3o levadas para a Confer\u00eancia Estadual, que ocorrer\u00e1 no m\u00eas de julho, no Memorial da Am\u00e9rica Latina, em S\u00e3o Paulo (SP).<\/p>\n<p>De acordo com regimento da confer\u00eancia, em 30 dias, o Relat\u00f3rio Final com a todas as propostas, teses e mo\u00e7\u00f5es aprovadas ser\u00e3o encaminhadas para os seguintes \u00f3rg\u00e3os: Coordenadoria da Igualdade Racial da Secid, Comiss\u00e3o de Defesa dos Direitos de Comunidade Negra e Promo\u00e7\u00e3o de Igualdade Racial da C\u00e2mara Municipal de Sorocaba, Comiss\u00e3o de Trabalho Mista para Implementa\u00e7\u00e3o da Educa\u00e7\u00e3o para as Rela\u00e7\u00f5es \u00c9tnico Raciais da Secretaria de Educa\u00e7\u00e3o (Sedu) de Sorocaba, Comiss\u00e3o de Igualdade Racial da OAB Sorocaba e Comiss\u00e3o de Trabalho Mista Viva Nh\u00f4 Jo\u00e3o de Camargo.<\/p>\n<p>A programa\u00e7\u00e3o da Confer\u00eancia tamb\u00e9m contou com apresenta\u00e7\u00f5es culturais do Tambores do Amanh\u00e3, Maracatu Terra Rasgada e a Bateria da Escola de Samba Planeta Negro. Mais informa\u00e7\u00f5es sobre o encontro municipal podem ser obtidas de segunda a sexta-feira, das 8h \u00e0s 17h, pelo telefone: (15) 3229-3440 ou pelo e-mail: compirsorocaba@gmail.com.<\/p>\n<p><!-- Root element of PhotoSwipe. Must have class pswp. --><\/p><\/div>\n","protected":false},"excerpt":{"rendered":"<p>Fotos: Matheus Oliveira (Programa de Est\u00e1gio\/Secom) A 1\u00aa Confer\u00eancia Municipal de Promo\u00e7\u00e3o da Igualdade Racial de Sorocaba aprovou, no \u00faltimo s\u00e1bado (17), no N\u00facleo de Educa\u00e7\u00e3o, Tecnologia e Cultura da UFSCar (Universidade Federal de S\u00e3o Carlos), 31 propostas, resultado de um amplo processo de discuss\u00e3o. Com o tema \u201cIgualdade e Democracia: Repara\u00e7\u00e3o e Justi\u00e7a Social\u201d, &#8230; <a title=\"Confer\u00eancia Municipal de Sorocaba define 31 propostas de pol\u00edticas p\u00fablicas voltadas \u00e0 promo\u00e7\u00e3o da igualdade racial \u2013 Ag\u00eancia de Not\u00edcias\" class=\"read-more\" href=\"https:\/\/superinteressantes.com.br\/index.php\/2025\/05\/19\/conferencia-municipal-de-sorocaba-define-31-propostas-de-politicas-publicas-voltadas-a-promocao-da-igualdade-racial-agencia-de-noticias\/\" aria-label=\"More on Confer\u00eancia Municipal de Sorocaba define 31 propostas de pol\u00edticas p\u00fablicas voltadas \u00e0 promo\u00e7\u00e3o da igualdade racial \u2013 Ag\u00eancia de Not\u00edcias\">Ler mais<\/a><\/p>\n","protected":false},"author":1,"featured_media":0,"comment_status":"","ping_status":"","sticky":false,"template":"","format":"standard","meta":{"footnotes":""},"categories":[1],"tags":[],"class_list":["post-26125","post","type-post","status-publish","format-standard","hentry","category-sem-categoria"],"amp_enabled":true,"_links":{"self":[{"href":"https:\/\/superinteressantes.com.br\/index.php\/wp-json\/wp\/v2\/posts\/26125","targetHints":{"allow":["GET"]}}],"collection":[{"href":"https:\/\/superinteressantes.com.br\/index.php\/wp-json\/wp\/v2\/posts"}],"about":[{"href":"https:\/\/superinteressantes.com.br\/index.php\/wp-json\/wp\/v2\/types\/post"}],"author":[{"embeddable":true,"href":"https:\/\/superinteressantes.com.br\/index.php\/wp-json\/wp\/v2\/users\/1"}],"replies":[{"embeddable":true,"href":"https:\/\/superinteressantes.com.br\/index.php\/wp-json\/wp\/v2\/comments?post=26125"}],"version-history":[{"count":0,"href":"https:\/\/superinteressantes.com.br\/index.php\/wp-json\/wp\/v2\/posts\/26125\/revisions"}],"wp:attachment":[{"href":"https:\/\/superinteressantes.com.br\/index.php\/wp-json\/wp\/v2\/media?parent=26125"}],"wp:term":[{"taxonomy":"category","embeddable":true,"href":"https:\/\/superinteressantes.com.br\/index.php\/wp-json\/wp\/v2\/categories?post=26125"},{"taxonomy":"post_tag","embeddable":true,"href":"https:\/\/superinteressantes.com.br\/index.php\/wp-json\/wp\/v2\/tags?post=26125"}],"curies":[{"name":"wp","href":"https:\/\/api.w.org\/{rel}","templated":true}]}}