{"id":26118,"date":"2025-05-19T15:52:37","date_gmt":"2025-05-19T18:52:37","guid":{"rendered":"https:\/\/superinteressantes.com.br\/index.php\/2025\/05\/19\/alunos-da-rede-municipal-usam-criatividade-e-participam-de-mais-uma-edicao-do-scratch-day\/"},"modified":"2025-05-19T15:52:37","modified_gmt":"2025-05-19T18:52:37","slug":"alunos-da-rede-municipal-usam-criatividade-e-participam-de-mais-uma-edicao-do-scratch-day","status":"publish","type":"post","link":"https:\/\/superinteressantes.com.br\/index.php\/2025\/05\/19\/alunos-da-rede-municipal-usam-criatividade-e-participam-de-mais-uma-edicao-do-scratch-day\/","title":{"rendered":"Alunos da Rede Municipal usam criatividade e participam de mais uma edi\u00e7\u00e3o do Scratch Day"},"content":{"rendered":"<p><\/p>\n<div>\n<p>A Secretaria de Educa\u00e7\u00e3o e Cultura de Jo\u00e3o Pessoa (Sedec-JP), por meio do Departamento de Inform\u00e1tica Escolar (DIE), deu in\u00edcio nesta segunda-feira (19) a mais uma edi\u00e7\u00e3o do \u2018Scratch Day\u2019, cuja tem\u00e1tica este ano \u00e9 \u2018Guardi\u00f5es da Natureza\u2019. A abertura aconteceu na Sala Google da Escola Municipal Luiz Vaz de Cam\u00f5es, no bairro de Mangabeira. O evento acontece at\u00e9 sexta-feira (23), mobilizando 66 escolas da Rede Municipal.<\/p>\n<figure class=\"wp-block-gallery has-nested-images columns-default is-cropped wp-block-gallery-1 is-layout-flex wp-block-gallery-is-layout-flex\">\n<figure class=\"wp-block-image size-large\"><\/figure>\n<\/figure>\n<p>\u201cA iniciativa faz parte da agenda pedag\u00f3gica da Diretoria de Tecnologia da Informa\u00e7\u00e3o e Comunica\u00e7\u00e3o (DTIC) e reflete o investimento cont\u00ednuo da Sedec em a\u00e7\u00f5es que valorizam o protagonismo estudantil e promovem uma educa\u00e7\u00e3o mais envolvente e significativa. Utilizando o Scratch, linguagem de programa\u00e7\u00e3o visual criada no MIT Media Lab (Massachusetts Institute of Technology) e atualmente mantida pela Funda\u00e7\u00e3o sem fins lucrativos Internacional Scratch, atrav\u00e9s da plataforma os estudantes desenvolvem pensamento computacional, criatividade, resolu\u00e7\u00e3o de problemas e, nesta edi\u00e7\u00e3o, tamb\u00e9m consci\u00eancia socioambiental, tudo de forma l\u00fadica, colaborativa e relevante\u201d, explicou o diretor do DEI, Elisson Abreu Dutra.<\/p>\n<p>Durante esses cinco dias o evento \u00e9 realizado em diversos pa\u00edses. Em Jo\u00e3o Pessoa s\u00e3o impactados diretamente mais de oito mil estudantes da Rede Municipal.<\/p>\n<p>Alice Bento, do 5\u00ba ano, \u00e9 uma dessas alunas envolvidas no \u2018Scratch Day\u2019. \u201cEu estou amando poder usar da minha criatividade. Eu coloquei o gatinho saindo de casa para ir para a escola caminhado e durante o caminho ele apanha o lixo que encontrar no ch\u00e3o\u201d, disse a estudante.<\/p>\n<figure class=\"wp-block-image size-large\"><\/figure>\n<p>Mais do que ensinar programa\u00e7\u00e3o, o evento convida os alunos a criarem solu\u00e7\u00f5es, hist\u00f3rias e projetos interativos. A proposta \u00e9 celebrar a aprendizagem criativa e o uso da tecnologia com intencionalidade pedag\u00f3gica, conectando o curr\u00edculo escolar aos valores e compet\u00eancias essenciais para a forma\u00e7\u00e3o das novas gera\u00e7\u00f5es.<\/p>\n<p>\u201cEsse ano, o \u2018Scratch Day\u2019 refor\u00e7a o nosso compromisso com a forma\u00e7\u00e3o de uma cultura digital s\u00f3lida, alinhada a Pol\u00edtica Nacional de Educa\u00e7\u00e3o Digital. Quando um aluno programa no Scratch, ele est\u00e1 desenvolvendo muito mais do que habilidades t\u00e9cnicas, est\u00e1 exercitando pensamento cr\u00edtico, colabora\u00e7\u00e3o, resolu\u00e7\u00e3o de problemas e, nessa edi\u00e7\u00e3o, tamb\u00e9m a consci\u00eancia ambiental. O tema da campanha nos faz refletir que quem cuida do meio ambiente tamb\u00e9m programa um futuro melhor\u201d, falou a chefe da Divis\u00e3o de Computa\u00e7\u00e3o da Sedec, Raquel Dantas.<\/p>\n<figure class=\"wp-block-gallery has-nested-images columns-default is-cropped wp-block-gallery-2 is-layout-flex wp-block-gallery-is-layout-flex\">\n<figure class=\"wp-block-image size-large\"><\/figure>\n<\/figure>\n<p>Al\u00e9m do \u2018Scratch Day\u2019, Jo\u00e3o Pessoa avan\u00e7a com a implanta\u00e7\u00e3o de Salas Google, Espa\u00e7os Maker, kits de rob\u00f3tica, acesso \u00e0 internet de qualidade e um forte compromisso com a forma\u00e7\u00e3o continuada dos professores, consolidando uma cultura digital que j\u00e1 \u00e9 modelo para outras redes.<\/p>\n<p>Neste primeiro dia, o evento tamb\u00e9m acontece nas escolas municipais Ant\u00f4nio Santos Coelho Neto (Penha), Professor Afonso Pereira da N\u00f3brega (Cidade Verde), Jos\u00e9 Eug\u00eanio Lins de Albuquerque (Geisel), Senador Ruy Carneiro (Mandacaru), al\u00e9m das Escola Municipais Ativas Integrais (EMAIs) Doutor Jo\u00e3o Santa Cruz de Oliveira (Novais), Dr\u00ba Severino Patr\u00edcio (Alto do Mateus) e Professor An\u00edsio Teixeira (Ernani S\u00e1tiro).<\/p>\n<\/p><\/div>\n","protected":false},"excerpt":{"rendered":"<p>A Secretaria de Educa\u00e7\u00e3o e Cultura de Jo\u00e3o Pessoa (Sedec-JP), por meio do Departamento de Inform\u00e1tica Escolar (DIE), deu in\u00edcio nesta segunda-feira (19) a mais uma edi\u00e7\u00e3o do \u2018Scratch Day\u2019, cuja tem\u00e1tica este ano \u00e9 \u2018Guardi\u00f5es da Natureza\u2019. A abertura aconteceu na Sala Google da Escola Municipal Luiz Vaz de Cam\u00f5es, no bairro de Mangabeira. &#8230; <a title=\"Alunos da Rede Municipal usam criatividade e participam de mais uma edi\u00e7\u00e3o do Scratch Day\" class=\"read-more\" href=\"https:\/\/superinteressantes.com.br\/index.php\/2025\/05\/19\/alunos-da-rede-municipal-usam-criatividade-e-participam-de-mais-uma-edicao-do-scratch-day\/\" aria-label=\"More on Alunos da Rede Municipal usam criatividade e participam de mais uma edi\u00e7\u00e3o do Scratch Day\">Ler mais<\/a><\/p>\n","protected":false},"author":1,"featured_media":0,"comment_status":"","ping_status":"","sticky":false,"template":"","format":"standard","meta":{"footnotes":""},"categories":[1],"tags":[],"class_list":["post-26118","post","type-post","status-publish","format-standard","hentry","category-sem-categoria"],"amp_enabled":true,"_links":{"self":[{"href":"https:\/\/superinteressantes.com.br\/index.php\/wp-json\/wp\/v2\/posts\/26118","targetHints":{"allow":["GET"]}}],"collection":[{"href":"https:\/\/superinteressantes.com.br\/index.php\/wp-json\/wp\/v2\/posts"}],"about":[{"href":"https:\/\/superinteressantes.com.br\/index.php\/wp-json\/wp\/v2\/types\/post"}],"author":[{"embeddable":true,"href":"https:\/\/superinteressantes.com.br\/index.php\/wp-json\/wp\/v2\/users\/1"}],"replies":[{"embeddable":true,"href":"https:\/\/superinteressantes.com.br\/index.php\/wp-json\/wp\/v2\/comments?post=26118"}],"version-history":[{"count":0,"href":"https:\/\/superinteressantes.com.br\/index.php\/wp-json\/wp\/v2\/posts\/26118\/revisions"}],"wp:attachment":[{"href":"https:\/\/superinteressantes.com.br\/index.php\/wp-json\/wp\/v2\/media?parent=26118"}],"wp:term":[{"taxonomy":"category","embeddable":true,"href":"https:\/\/superinteressantes.com.br\/index.php\/wp-json\/wp\/v2\/categories?post=26118"},{"taxonomy":"post_tag","embeddable":true,"href":"https:\/\/superinteressantes.com.br\/index.php\/wp-json\/wp\/v2\/tags?post=26118"}],"curies":[{"name":"wp","href":"https:\/\/api.w.org\/{rel}","templated":true}]}}