{"id":26104,"date":"2025-05-19T08:02:46","date_gmt":"2025-05-19T11:02:46","guid":{"rendered":"https:\/\/superinteressantes.com.br\/index.php\/2025\/05\/19\/morar-carioca-do-aco-ja-beneficia-176-familias-com-apartamentos-mobiliados-prefeitura-da-cidade-do-rio-de-janeiro\/"},"modified":"2025-05-19T08:02:46","modified_gmt":"2025-05-19T11:02:46","slug":"morar-carioca-do-aco-ja-beneficia-176-familias-com-apartamentos-mobiliados-prefeitura-da-cidade-do-rio-de-janeiro","status":"publish","type":"post","link":"https:\/\/superinteressantes.com.br\/index.php\/2025\/05\/19\/morar-carioca-do-aco-ja-beneficia-176-familias-com-apartamentos-mobiliados-prefeitura-da-cidade-do-rio-de-janeiro\/","title":{"rendered":"Morar Carioca do A\u00e7o j\u00e1 beneficia 176 fam\u00edlias com apartamentos mobiliados &#8211; Prefeitura da Cidade do Rio de Janeiro"},"content":{"rendered":"<p><\/p>\n<div wp_automatic_readability=\"164.61605584642\">\n<div class=\"image-post\" wp_automatic_readability=\"33\">\n                     Mais 80 apartamentos mobiliados foram entregues \u00e0s fam\u00edlias da comunidade &#8211; Marcelo Alvarenga\/Prefeitura do Rio                  <\/div>\n<p>A Prefeitura do Rio realizou, neste s\u00e1bado (17\/5), a entrega de novas unidades habitacionais do programa Morar Carioca do A\u00e7o, em Santa Cruz, na Zona Oeste. Mais 80 apartamentos mobiliados foram entregues \u00e0s fam\u00edlias que viviam em condi\u00e7\u00f5es vulner\u00e1veis, consolidando o avan\u00e7o de uma das maiores pol\u00edticas p\u00fablicas de urbaniza\u00e7\u00e3o e habita\u00e7\u00e3o em andamento no munic\u00edpio. Ao todo, 176 fam\u00edlias j\u00e1 foram beneficiadas pelo projeto, que \u00e9 coordenado pela Empresa Municipal de Urbaniza\u00e7\u00e3o (Rio-Urbe), \u00f3rg\u00e3o vinculado \u00e0 Secretaria Municipal de Infraestrutura.<\/p>\n<p>Ao chegar no A\u00e7o, o prefeito Eduardo Paes, acompanhado da primeira-dama Cristine Paes e do vice-prefeito Eduardo Cavaliere, entre outras autoridades, visitou a fam\u00edlia de Lucas Andrey, de 10 anos, que ir\u00e1 morar num apartamento no terceiro andar. A hist\u00f3ria do menino se confunde com a da reurbaniza\u00e7\u00e3o da comunidade do A\u00e7o. Em 2020, ele se acidentou num bueiro na rua onde morava na regi\u00e3o, num epis\u00f3dio que acabou contribuindo para o in\u00edcio das obras de transforma\u00e7\u00e3o da comunidade. Agora, ele ir\u00e1 morar num apartamento mobiliado com a m\u00e3e Marcia Regina Gomes, de 46 anos, o pai Roberto Carlos, de 58 anos, e outros quatro irm\u00e3os.<\/p>\n<blockquote wp_automatic_readability=\"19\">\n<p>\u2013 Hoje \u00e9 um dia muito especial. J\u00e1 vim aqui outras vezes entregar apartamentos e \u00e9 muito bom ver o sonho de voc\u00eas realizado. Em 2020, o Lucas caiu em um buraco, ficou duas semanas internado na UTI, e eu me comprometi a cuidar dos Lucas do Rio de Janeiro. Temos que cuidar de todo mundo, mas o que precisamos garantir \u00e9 que as nossas crian\u00e7as, os nossos filhos tenham um futuro melhor do que a gente. Eu tenho certeza que o Lucas e sua fam\u00edlia, a partir dessa oportunidade, com sua casa pr\u00f3pria, que a vida dele, que completou 10 anos esta semana, ser\u00e1 melhor. \u00c9 muito bom poder trazer esperan\u00e7a para a vida de voc\u00eas \u2013 afirmou o prefeito Eduardo Paes, que puxou um canto de parab\u00e9ns para Lucas.<\/p>\n<\/blockquote>\n<p>Dona de casa, Marcia Regina comemorou o momento da sua fam\u00edlia com o recebimento da nova moradia.<\/p>\n<blockquote wp_automatic_readability=\"16\">\n<p>\u2013 Estou muito feliz, agradecida pela casa nova, principalmente depois de tudo o que meu filho passou ao cair no esgoto. Agora minha fam\u00edlia tem dignidade para viver. Uma casa em nosso nome, deixando o lugar em que a gente morava, no esgoto, com goteiras quando chovia, \u00e1gua entrando nas casas. Agora \u00e9 s\u00f3 gratid\u00e3o, n\u00e3o s\u00f3 da gente, mas de todos os moradores.<\/p>\n<\/blockquote>\n<p>As novas unidades fazem parte dos blocos Bloco 4, 5, 6, 7 e 8, da Quadra F do conjunto habitacional. No total, onze blocos j\u00e1 foram finalizados e ocupados: os blocos 1, 2, 3, 9, 10 e 11 j\u00e1 haviam sido entregues entre junho e dezembro de 2024. Os n\u00facleos familiares contemplados iniciam agora uma nova etapa de suas vidas, com acesso \u00e0 moradia estruturada, servi\u00e7os p\u00fablicos e infraestrutura completa.<\/p>\n<p>Al\u00e9m da entrega das novas unidades mobiliadas, a comunidade do A\u00e7o ganhou neste final de semana um novo reservat\u00f3rio de \u00e1gua com capacidade de 3,5 milh\u00f5es de litros. O reservat\u00f3rio, que atender\u00e1 n\u00e3o apenas os apartamentos, mas tamb\u00e9m a comunidade, teve sua opera\u00e7\u00e3o iniciada em fase de testes.<\/p>\n<p><strong>Programa prev\u00ea atender 704 fam\u00edlias no total<\/strong><\/p>\n<p>Com investimentos que ultrapassam R$ 240 milh\u00f5es, o programa Morar Carioca do A\u00e7o prev\u00ea a constru\u00e7\u00e3o de 704 apartamentos distribu\u00eddos em 44 edif\u00edcios. As moradias t\u00eam aproximadamente 50 metros quadrados e contam com sala, cozinha, banheiro, dois quartos, varanda e \u00e1rea de servi\u00e7o. Cada pr\u00e9dio possui quatro andares, com quatro apartamentos por pavimento, somando 16 unidades por bloco. Os apartamentos t\u00e9rreos foram projetados para garantir total acessibilidade, assegurando inclus\u00e3o e mobilidade para moradores com defici\u00eancia ou mobilidade reduzida. Cerca de quatro mil pessoas ser\u00e3o beneficiadas com as novas resid\u00eancias.<\/p>\n<p>O programa n\u00e3o se limita apenas \u00e0 constru\u00e7\u00e3o dessas unidades habitacionais, pois abrange tamb\u00e9m a transforma\u00e7\u00e3o urbana de uma \u00e1rea de 195 mil metros quadrados, com obras de infraestrutura e a implanta\u00e7\u00e3o de servi\u00e7os essenciais. A Rua S\u00e3o Gom\u00e1rio, uma das principais vias da regi\u00e3o, por exemplo, ser\u00e1 requalificada em um trecho de 1,1 km at\u00e9 a conex\u00e3o com a Avenida Ces\u00e1rio de Melo.<\/p>\n<p>As interven\u00e7\u00f5es em curso incluem ainda a implanta\u00e7\u00e3o de 70 mil metros quadrados de vias pavimentadas, 2,2 km de ciclovias, 720 novos pontos de ilumina\u00e7\u00e3o p\u00fablica, 9 km de rede de esgoto com esta\u00e7\u00e3o elevat\u00f3ria e 10 km de redes de abastecimento de \u00e1gua.<\/p>\n<p>Uma nova \u00e1rea de lazer, com 28 mil metros quadrados, tamb\u00e9m est\u00e1 sendo constru\u00edda para atender \u00e0 comunidade do A\u00e7o. O espa\u00e7o contar\u00e1 com pra\u00e7as, parques infantis, quadras esportivas, pista de skate, palco para eventos, academia ao ar livre, jardins e \u00e1reas de conviv\u00eancia. A proposta \u00e9 oferecer n\u00e3o apenas habita\u00e7\u00e3o, mas qualidade de vida, bem-estar e integra\u00e7\u00e3o social.<\/p>\n<p>A transforma\u00e7\u00e3o do A\u00e7o em um novo bairro estruturado da Zona Oeste \u00e9 resultado de um trabalho cont\u00ednuo de planejamento urbano e inclus\u00e3o social. O projeto segue com outros blocos em diferentes fases de constru\u00e7\u00e3o, enquanto as obras de urbaniza\u00e7\u00e3o tamb\u00e9m continuam em andamento. As interven\u00e7\u00f5es visam a recupera\u00e7\u00e3o de \u00e1reas degradadas e a constru\u00e7\u00e3o de uma cidade mais justa, integrada e com qualidade de vida para todos.<\/p>\n<p><strong>Prefeitura reurbaniza mais de 30 ruas de Hon\u00f3rio Gurgel, na Zona Norte<\/strong><\/p>\n<p>O prefeito Eduardo Paes tamb\u00e9m visitou as obras do programa Bairro Maravilha que est\u00e3o sendo realizadas no bairro de Hon\u00f3rio Gurgel pela Secretaria de Infraestrutura. As interven\u00e7\u00f5es est\u00e3o concentradas na Travessa Urura\u00ed e em outras 30 ruas do bairro, que est\u00e3o sendo beneficiadas com servi\u00e7os de pavimenta\u00e7\u00e3o, drenagem e urbaniza\u00e7\u00e3o completa. As obras visam melhorar a mobilidade, reduzir alagamentos e proporcionar mais seguran\u00e7a, acessibilidade e qualidade de vida para os moradores do bairro da Zona Norte.<\/p>\n<p>\u2013 Vamos urbanizar 31 ruas. Daqui a 14 meses voc\u00eas v\u00e3o poder andar de patins nessas ruas. Vai estar tudo arrumado, com drenagem e esgoto \u2013 disse Eduardo Paes.<\/p>\n<p><strong>Mais de 267 mil pessoas est\u00e3o sendo atendidas pelo programa Bairro Maravilha<\/strong><\/p>\n<p>O programa Bairro Maravilha tem como objetivo promover melhorias na infraestrutura urbana de diversos bairros da cidade, especialmente em \u00e1reas que historicamente sofrem com a falta de investimentos p\u00fablicos. Ele atua principalmente com obras de urbaniza\u00e7\u00e3o, como pavimenta\u00e7\u00e3o de ruas, drenagem, saneamento b\u00e1sico, constru\u00e7\u00e3o de cal\u00e7adas e melhorias na ilumina\u00e7\u00e3o p\u00fablica. Mais de 50 projetos foram entregues em toda a cidade desde 2021 pela Prefeitura. Dez seguem em andamento na Zona Oeste e outras cinco est\u00e3o em curso na Zona Norte. Os investimentos para levar mais dignidade e desenvolvimento a essas regi\u00f5es ultrapassam R$ 1,2 bilh\u00e3o.<\/p>\n<p>Sua import\u00e2ncia est\u00e1 relacionada \u00e0 promo\u00e7\u00e3o da qualidade de vida dos moradores, \u00e0 valoriza\u00e7\u00e3o dos im\u00f3veis, \u00e0 redu\u00e7\u00e3o de alagamentos e \u00e0 melhoria das condi\u00e7\u00f5es de mobilidade e seguran\u00e7a nos bairros beneficiados. Mais de 267 mil pessoas est\u00e3o sendo atendidas. Al\u00e9m disso, o Bairro Maravilha contribui diretamente para o desenvolvimento social e urbano, diminuindo desigualdades e oferecendo melhores condi\u00e7\u00f5es de habita\u00e7\u00e3o e bem-estar \u00e0 popula\u00e7\u00e3o.<\/p>\n<p>             <!-- Compartilhe ---><\/p>\n<p>\t\t\t <!-- TAGS --><\/p>\n<section class=\"category-tags\">\n<div class=\"marcacao-category\">\n<article class=\"category-post\">\n<p>Categoria: <\/p>\n<\/article>\n<li>17 de maio de 2025<\/li><\/div>\n<article class=\"tags\">\n\t\t\t\t\tMarca\u00e7\u00f5es: apartamentos mobiliados Bairro Maravilha moradias Morar Carioca do A\u00e7o Prefeitura do Rio Rio-Urbe unidades habitacionais<br \/><\/article>\n<\/section>\n<p>            <!-- Mais Not&iacute;cias --><\/p>\n<p>\t\t<!-- Conte&uacute;do SIDEBAR --><\/p><\/div>\n","protected":false},"excerpt":{"rendered":"<p>Mais 80 apartamentos mobiliados foram entregues \u00e0s fam\u00edlias da comunidade &#8211; Marcelo Alvarenga\/Prefeitura do Rio A Prefeitura do Rio realizou, neste s\u00e1bado (17\/5), a entrega de novas unidades habitacionais do programa Morar Carioca do A\u00e7o, em Santa Cruz, na Zona Oeste. Mais 80 apartamentos mobiliados foram entregues \u00e0s fam\u00edlias que viviam em condi\u00e7\u00f5es vulner\u00e1veis, consolidando &#8230; <a title=\"Morar Carioca do A\u00e7o j\u00e1 beneficia 176 fam\u00edlias com apartamentos mobiliados &#8211; Prefeitura da Cidade do Rio de Janeiro\" class=\"read-more\" href=\"https:\/\/superinteressantes.com.br\/index.php\/2025\/05\/19\/morar-carioca-do-aco-ja-beneficia-176-familias-com-apartamentos-mobiliados-prefeitura-da-cidade-do-rio-de-janeiro\/\" aria-label=\"More on Morar Carioca do A\u00e7o j\u00e1 beneficia 176 fam\u00edlias com apartamentos mobiliados &#8211; Prefeitura da Cidade do Rio de Janeiro\">Ler mais<\/a><\/p>\n","protected":false},"author":1,"featured_media":0,"comment_status":"","ping_status":"","sticky":false,"template":"","format":"standard","meta":{"footnotes":""},"categories":[1],"tags":[],"class_list":["post-26104","post","type-post","status-publish","format-standard","hentry","category-sem-categoria"],"amp_enabled":true,"_links":{"self":[{"href":"https:\/\/superinteressantes.com.br\/index.php\/wp-json\/wp\/v2\/posts\/26104","targetHints":{"allow":["GET"]}}],"collection":[{"href":"https:\/\/superinteressantes.com.br\/index.php\/wp-json\/wp\/v2\/posts"}],"about":[{"href":"https:\/\/superinteressantes.com.br\/index.php\/wp-json\/wp\/v2\/types\/post"}],"author":[{"embeddable":true,"href":"https:\/\/superinteressantes.com.br\/index.php\/wp-json\/wp\/v2\/users\/1"}],"replies":[{"embeddable":true,"href":"https:\/\/superinteressantes.com.br\/index.php\/wp-json\/wp\/v2\/comments?post=26104"}],"version-history":[{"count":0,"href":"https:\/\/superinteressantes.com.br\/index.php\/wp-json\/wp\/v2\/posts\/26104\/revisions"}],"wp:attachment":[{"href":"https:\/\/superinteressantes.com.br\/index.php\/wp-json\/wp\/v2\/media?parent=26104"}],"wp:term":[{"taxonomy":"category","embeddable":true,"href":"https:\/\/superinteressantes.com.br\/index.php\/wp-json\/wp\/v2\/categories?post=26104"},{"taxonomy":"post_tag","embeddable":true,"href":"https:\/\/superinteressantes.com.br\/index.php\/wp-json\/wp\/v2\/tags?post=26104"}],"curies":[{"name":"wp","href":"https:\/\/api.w.org\/{rel}","templated":true}]}}