{"id":26100,"date":"2025-05-19T04:55:06","date_gmt":"2025-05-19T07:55:06","guid":{"rendered":"https:\/\/superinteressantes.com.br\/index.php\/2025\/05\/19\/agencia-minas-gerais-minas-gerais-expande-rede-hoteleira-e-consolida-turismo-como-forca-economica-inovadora\/"},"modified":"2025-05-19T04:55:06","modified_gmt":"2025-05-19T07:55:06","slug":"agencia-minas-gerais-minas-gerais-expande-rede-hoteleira-e-consolida-turismo-como-forca-economica-inovadora","status":"publish","type":"post","link":"https:\/\/superinteressantes.com.br\/index.php\/2025\/05\/19\/agencia-minas-gerais-minas-gerais-expande-rede-hoteleira-e-consolida-turismo-como-forca-economica-inovadora\/","title":{"rendered":"Ag\u00eancia Minas Gerais | Minas Gerais expande rede hoteleira e consolida turismo como for\u00e7a econ\u00f4mica inovadora"},"content":{"rendered":"<p><\/p>\n<div>\n<section class=\"news-related \/ col-md-4 col-lg-3 \/ margin-md-bottom-2 margin-left-1 \/ pull-right \/ hidden-xs hidden-sm\">\n<header>\n<p class=\"text-title-section \/ margin-bottom-1\">Relacionadas<\/p>\n<\/header>\n<p>\t\t\t\t\t\t\t<main><\/p>\n<hr class=\"row margin-md-bottom-2\"\/>\n\t\t\t\t\t\t\t<\/main><br \/>\n\t\t\t\t\t\t<\/section>\n<p>Minas Gerais vive um ciclo virtuoso de crescimento econ\u00f4mico ancorado no turismo, na hospitalidade e na cultura. Com base em dados do Instituto Brasileiro de Geografia e Estat\u00edstica (IBGE) e do Observat\u00f3rio do Turismo de Minas Gerais, o estado superou a marca de 32 milh\u00f5es de turistas em 2024, com crescimento de 11,8% na atividade tur\u00edstica, mais do que o dobro da m\u00e9dia nacional.<\/p>\n<p>O setor j\u00e1 \u00e9 respons\u00e1vel por milhares de novos empregos e por atrair investimentos estruturantes em todas as regi\u00f5es mineiras. O\u00a0Governo de Minas, por meio da Secretaria\u00a0de Estado de Cultura e Turismo de Minas Gerais (Secult), adota um\u00a0estrat\u00e9gia articulada de promo\u00e7\u00e3o, incentivos e fomento \u00e0 originalidade das experi\u00eancias, o que torna Minas o principal destino de investimentos hoteleiros no pa\u00eds.<br \/>&#13;<br \/>\n\u00a0<\/p>\n<table align=\"center\" border=\"0\" cellpadding=\"1\" cellspacing=\"1\" style=\"width: 100%;\">&#13;<\/p>\n<tbody>&#13;<\/p>\n<tr>&#13;<\/p>\n<td colspan=\"5\" style=\"text-align: center; vertical-align: middle;\">&#13;<\/p>\n<p style=\"text-align:center\">\n<p>&#13;\n\t\t\t<\/td>\n<p>&#13;<br \/>\n\t\t<\/tr>\n<p>&#13;<\/p>\n<tr>&#13;<\/p>\n<td style=\"text-align: center; vertical-align: middle;\">\u00a0<\/td>\n<p>&#13;<\/p>\n<td colspan=\"3\" rowspan=\"3\" style=\"text-align: center; vertical-align: middle;\">&#13;<br \/>\n\t\t\t&#13;\n\t\t\t<\/td>\n<p>&#13;<\/p>\n<td style=\"text-align: center; vertical-align: middle;\">\u00a0<\/td>\n<p>&#13;<br \/>\n\t\t<\/tr>\n<p>&#13;<\/p>\n<tr>&#13;<\/p>\n<td style=\"text-align: center; vertical-align: middle;\">\u00a0<\/td>\n<p>&#13;<\/p>\n<td style=\"text-align: center; vertical-align: middle;\">\u00a0<\/td>\n<p>&#13;<br \/>\n\t\t<\/tr>\n<p>&#13;<\/p>\n<tr>&#13;<\/p>\n<td style=\"text-align: center; vertical-align: middle;\">\u00a0<\/td>\n<p>&#13;<\/p>\n<td style=\"text-align: center; vertical-align: middle;\">\u00a0<\/td>\n<p>&#13;<br \/>\n\t\t<\/tr>\n<p>&#13;<\/p>\n<tr>&#13;<\/p>\n<td colspan=\"5\" style=\"text-align: center; vertical-align: middle;\">&#13;<\/p>\n<p style=\"text-align:center\">\n<p>&#13;\n\t\t\t<\/td>\n<p>&#13;<br \/>\n\t\t<\/tr>\n<p>&#13;<br \/>\n\t<\/tbody>\n<p>&#13;<br \/>\n<\/table>\n<p>&#13;<br \/>\n<strong>Um estado que se reinventa pela hospitalidade<\/strong><\/p>\n<p>A chegada de empreendimentos internacionais, a revitaliza\u00e7\u00e3o de patrim\u00f4nios simb\u00f3licos e a consolida\u00e7\u00e3o de uma rede variada de pousadas, resorts e hospedagens de charme mostram como Minas Gerais transformou sua voca\u00e7\u00e3o em pol\u00edtica p\u00fablica e desenvolvimento real.<\/p>\n<p>Um destaque \u00e9 o DoubleTree by Hilton Serra da Canastra, que ser\u00e1 inaugurado em 2028 em S\u00e3o Jo\u00e3o Batista do Gl\u00f3ria, no Sudoeste de Minas, com investimento de R$ 200 milh\u00f5es. Com 201 quartos, spa, centro de conven\u00e7\u00f5es e acesso exclusivo ao Lago de Furnas, o projeto \u00e9 considerado um dos mais emblem\u00e1ticos da nova fase do turismo mineiro.<\/p>\n<p>Outro marco \u00e9 a abertura do hotel Vila Gal\u00e9 Collection Ouro Preto, no hist\u00f3rico Col\u00e9gio Dom Bosco, em Cachoeira do Campo. O resort, com 311 quartos, vinhedo, haras e centro de conven\u00e7\u00f5es, ser\u00e1 inaugurado no dia 24\/5 e reafirma o modelo mineiro de integrar cultura, natureza e hospitalidade.<\/p>\n<p>Em Belo Horizonte, o Hotel Trinta e Um \u00e9 outro empreendimento que dever\u00e1 ser inaugurado em breve, no bairro de Lourdes, com foco na experi\u00eancia mineira de luxo e um restaurante autoral, chamado Trintaeum, que ser\u00e1 o primeiro inteiramente dedicado \u00e0 cozinha mineira contempor\u00e2nea da alta gastronomia, tornando-se vitrine da culin\u00e1ria reconhecida pela Organiza\u00e7\u00e3o das Na\u00e7\u00f5es Unidas para a Educa\u00e7\u00e3o, a Ci\u00eancia e a Cultura (Unesco).<\/p>\n<p>Minas tamb\u00e9m se destaca na revaloriza\u00e7\u00e3o do patrim\u00f4nio hoteleiro. O Palace Hotel, em Po\u00e7os de Caldas, no sul do estado, passou por um amplo processo de restaura\u00e7\u00e3o, devolvendo \u00e0 cidade um \u00edcone da era das \u00e1guas termais.<\/p>\n<p>Ao lado dele, empreendimentos como o Clara Resort, junto ao Inhotim em Brumadinho, e o projeto Ibity, na Zona da Mata, apontam para o crescimento do turismo de experi\u00eancia e base comunit\u00e1ria na Serra da Mantiqueira.<\/p>\n<p><strong>Uma hotelaria em rede e expans\u00e3o permanente<\/strong><\/p>\n<p>A Accor Hotels, uma das maiores redes globais, consolidou Minas Gerais como seu segundo maior mercado no Brasil. J\u00e1 opera 30 unidades em cidades como Belo Horizonte, Uberl\u00e2ndia e Juiz de Fora, e planeja outros dez novos empreendimentos at\u00e9 2028, entre eles o Tribe BH e novos Ibis Styles em Varginha, Arax\u00e1, Uberaba, Passos, Patroc\u00ednio e Montes Claros.<\/p>\n<p>Em paralelo, pousadas de charme, hot\u00e9is-fazenda e hospedagens em plataformas como Airbnb expandem-se por Lavras Novas, Serra do Cip\u00f3, Carrancas, Vale do Jequitinhonha e Mantiqueira de Minas. O turismo rural ganha corpo como alternativa econ\u00f4mica e modo de vida sustent\u00e1vel.<\/p>\n<p><strong>Minas \u00e9 exemplo para o Brasil<\/strong><\/p>\n<p>O turismo em Minas \u00e9, hoje, uma das maiores fontes de crescimento sustent\u00e1vel, com pol\u00edticas de descentraliza\u00e7\u00e3o como o ICMS Turismo, que em 2024 repassou mais de R$ 81 milh\u00f5es a 513 munic\u00edpios. O estado lidera tamb\u00e9m a gera\u00e7\u00e3o de empregos formais no setor, com mais de 50 mil postos criados em 2024.<\/p>\n<p>\u00a0<\/p>\n<p>\u00a0<\/p>\n<\/p><\/div>\n","protected":false},"excerpt":{"rendered":"<p>Relacionadas Minas Gerais vive um ciclo virtuoso de crescimento econ\u00f4mico ancorado no turismo, na hospitalidade e na cultura. Com base em dados do Instituto Brasileiro de Geografia e Estat\u00edstica (IBGE) e do Observat\u00f3rio do Turismo de Minas Gerais, o estado superou a marca de 32 milh\u00f5es de turistas em 2024, com crescimento de 11,8% na &#8230; <a title=\"Ag\u00eancia Minas Gerais | Minas Gerais expande rede hoteleira e consolida turismo como for\u00e7a econ\u00f4mica inovadora\" class=\"read-more\" href=\"https:\/\/superinteressantes.com.br\/index.php\/2025\/05\/19\/agencia-minas-gerais-minas-gerais-expande-rede-hoteleira-e-consolida-turismo-como-forca-economica-inovadora\/\" aria-label=\"More on Ag\u00eancia Minas Gerais | Minas Gerais expande rede hoteleira e consolida turismo como for\u00e7a econ\u00f4mica inovadora\">Ler mais<\/a><\/p>\n","protected":false},"author":1,"featured_media":0,"comment_status":"","ping_status":"","sticky":false,"template":"","format":"standard","meta":{"footnotes":""},"categories":[1],"tags":[],"class_list":["post-26100","post","type-post","status-publish","format-standard","hentry","category-sem-categoria"],"amp_enabled":true,"_links":{"self":[{"href":"https:\/\/superinteressantes.com.br\/index.php\/wp-json\/wp\/v2\/posts\/26100","targetHints":{"allow":["GET"]}}],"collection":[{"href":"https:\/\/superinteressantes.com.br\/index.php\/wp-json\/wp\/v2\/posts"}],"about":[{"href":"https:\/\/superinteressantes.com.br\/index.php\/wp-json\/wp\/v2\/types\/post"}],"author":[{"embeddable":true,"href":"https:\/\/superinteressantes.com.br\/index.php\/wp-json\/wp\/v2\/users\/1"}],"replies":[{"embeddable":true,"href":"https:\/\/superinteressantes.com.br\/index.php\/wp-json\/wp\/v2\/comments?post=26100"}],"version-history":[{"count":0,"href":"https:\/\/superinteressantes.com.br\/index.php\/wp-json\/wp\/v2\/posts\/26100\/revisions"}],"wp:attachment":[{"href":"https:\/\/superinteressantes.com.br\/index.php\/wp-json\/wp\/v2\/media?parent=26100"}],"wp:term":[{"taxonomy":"category","embeddable":true,"href":"https:\/\/superinteressantes.com.br\/index.php\/wp-json\/wp\/v2\/categories?post=26100"},{"taxonomy":"post_tag","embeddable":true,"href":"https:\/\/superinteressantes.com.br\/index.php\/wp-json\/wp\/v2\/tags?post=26100"}],"curies":[{"name":"wp","href":"https:\/\/api.w.org\/{rel}","templated":true}]}}