{"id":26083,"date":"2025-05-18T16:22:36","date_gmt":"2025-05-18T19:22:36","guid":{"rendered":"https:\/\/superinteressantes.com.br\/index.php\/2025\/05\/18\/campo-dos-alemaes-teve-castracao-gratuita-de-caes-e-gatos\/"},"modified":"2025-05-18T16:22:36","modified_gmt":"2025-05-18T19:22:36","slug":"campo-dos-alemaes-teve-castracao-gratuita-de-caes-e-gatos","status":"publish","type":"post","link":"https:\/\/superinteressantes.com.br\/index.php\/2025\/05\/18\/campo-dos-alemaes-teve-castracao-gratuita-de-caes-e-gatos\/","title":{"rendered":"Campo dos Alem\u00e3es teve castra\u00e7\u00e3o gratuita de c\u00e3es e gatos"},"content":{"rendered":"<p><\/p>\n<div>\n<p><b>Rosi Masiero<\/b><br \/>&#13;<br \/>\n&#13;<br \/>\n                <span style=\"font-weight: bold;\">Secretaria de Sa\u00fade<\/span><\/p>\n<p><span style=\"font-weight: 400;\">A manh\u00e3 deste domingo (18) foi animada e agitada no Campo dos Alem\u00e3es, regi\u00e3o sul de S\u00e3o Jos\u00e9 dos Campos, que recebeu os atendimentos do Castram\u00f3vel.\u00a0<\/span><\/p>\n<p><span style=\"font-weight: 400;\">H\u00e9rcules, um pinscher de um ano e meio estava tr\u00eamulo, muito mais pela presen\u00e7a de outros c\u00e3es do que pelo atendimento. Segundo a tutora, Zilma Alves, ele estava escondido no colo por timidez, pois o bichinho \u00e9 bravo.<\/span><\/p>\n<p><span style=\"font-weight: 400;\">Este &#8220;gigante pequeno&#8221; estava aguardando na fila de espera na Emefi Professor \u00c1lvaro Gon\u00e7alves junto de outros pets e tutores para o servi\u00e7o de castra\u00e7\u00e3o e microchipagem de c\u00e3es e gatos da Prefeitura de S\u00e3o Jos\u00e9 dos Campos.<\/span><\/p>\n<p><span style=\"font-weight: 400;\">J\u00e1 o caramelo de sete meses Scooby tamb\u00e9m aguardava a vez, por\u00e9m desconfiado com tanta aten\u00e7\u00e3o. A tutora Nat\u00e1lia Gon\u00e7alves contou que adotou o cachorro em uma feira, \u201cquando ele nem cabia na m\u00e3o\u201d. Agora o c\u00e3o que est\u00e1 grande e saud\u00e1vel, ser\u00e1 mais um animalzinho castrado com procedimentos seguros e gratuitos, oferecidos pelo programa Meu PET Feliz.<\/span><\/p>\n<p><span style=\"font-weight: 400;\">A espera na fila vale a pena. A Prefeitura\u00a0disponibilizou 120 vagas para a castra\u00e7\u00e3o de c\u00e3es, sendo 70 para cachorros e 50 para felinos (machos e f\u00eameas), o servi\u00e7o gratuito \u00e9 feito por uma equipe profissional e dedicada.<\/span><\/p>\n<p><span style=\"font-weight: 400;\">A veterin\u00e1ria Patr\u00edcia Ikeda refor\u00e7ou a import\u00e2ncia do procedimento, principalmente para as f\u00eameas, uma vez que diminui os riscos de altera\u00e7\u00f5es no trato reprodutivo.<\/span><\/p>\n<p><span style=\"font-weight: 400;\">Para Patr\u00edcia Ikeda, o fato de a Prefeitura oferecer gratuitamente o servi\u00e7o de castra\u00e7\u00e3o e microchipagem \u00e9 uma \u00f3tima oportunidade para quem gosta de animais, mas n\u00e3o pode arcar com despesas para o procedimento no setor privado. <\/span><\/p>\n<p><span style=\"font-weight: 400;\">\u201c\u00c9 um servi\u00e7o excelente j\u00e1 que \u00e9 levado direto at\u00e9 os bairros\u201d, destacou a veterin\u00e1ria.<\/span><\/p>\n<p><strong><span class=\"intertitulo\">Meu Pet Feliz<\/span><\/strong><\/p>\n<p><span style=\"font-weight: 400;\">A amplia\u00e7\u00e3o do atendimento do Castram\u00f3vel em todas as regi\u00f5es \u00e9 mais um compromisso do Plano de Gest\u00e3o 2025-2028.<\/span><\/p>\n<p><span style=\"font-weight: 400;\">Desde 2018, foram realizadas 32.121 castra\u00e7\u00f5es de c\u00e3es e gatos, sendo 9.249 com apoio do Castram\u00f3vel.<\/span><\/p>\n<p><span style=\"font-weight: 400;\">Al\u00e9m da cirurgia, \u00e9 feita a microchipagem para identifica\u00e7\u00e3o dos animais, minimizando abandonos, maus tratos e furtos. J\u00e1 s\u00e3o mais de 37 mil animais microchipados nas castra\u00e7\u00f5es e nos procedimentos espec\u00edficos realizados no CCZ.<\/span><\/p>\n<p>&#13;<br \/>\n                        <strong>MAIS NOT\u00cdCIAS<\/strong><br \/>&#13;<br \/>\n                        Secretaria de Sa\u00fade&#13;\n                    <\/p>\n<\/p><\/div>\n","protected":false},"excerpt":{"rendered":"<p>Rosi Masiero&#13; &#13; Secretaria de Sa\u00fade A manh\u00e3 deste domingo (18) foi animada e agitada no Campo dos Alem\u00e3es, regi\u00e3o sul de S\u00e3o Jos\u00e9 dos Campos, que recebeu os atendimentos do Castram\u00f3vel.\u00a0 H\u00e9rcules, um pinscher de um ano e meio estava tr\u00eamulo, muito mais pela presen\u00e7a de outros c\u00e3es do que pelo atendimento. Segundo a &#8230; <a title=\"Campo dos Alem\u00e3es teve castra\u00e7\u00e3o gratuita de c\u00e3es e gatos\" class=\"read-more\" href=\"https:\/\/superinteressantes.com.br\/index.php\/2025\/05\/18\/campo-dos-alemaes-teve-castracao-gratuita-de-caes-e-gatos\/\" aria-label=\"More on Campo dos Alem\u00e3es teve castra\u00e7\u00e3o gratuita de c\u00e3es e gatos\">Ler mais<\/a><\/p>\n","protected":false},"author":1,"featured_media":0,"comment_status":"","ping_status":"","sticky":false,"template":"","format":"standard","meta":{"footnotes":""},"categories":[1],"tags":[],"class_list":["post-26083","post","type-post","status-publish","format-standard","hentry","category-sem-categoria"],"amp_enabled":true,"_links":{"self":[{"href":"https:\/\/superinteressantes.com.br\/index.php\/wp-json\/wp\/v2\/posts\/26083","targetHints":{"allow":["GET"]}}],"collection":[{"href":"https:\/\/superinteressantes.com.br\/index.php\/wp-json\/wp\/v2\/posts"}],"about":[{"href":"https:\/\/superinteressantes.com.br\/index.php\/wp-json\/wp\/v2\/types\/post"}],"author":[{"embeddable":true,"href":"https:\/\/superinteressantes.com.br\/index.php\/wp-json\/wp\/v2\/users\/1"}],"replies":[{"embeddable":true,"href":"https:\/\/superinteressantes.com.br\/index.php\/wp-json\/wp\/v2\/comments?post=26083"}],"version-history":[{"count":0,"href":"https:\/\/superinteressantes.com.br\/index.php\/wp-json\/wp\/v2\/posts\/26083\/revisions"}],"wp:attachment":[{"href":"https:\/\/superinteressantes.com.br\/index.php\/wp-json\/wp\/v2\/media?parent=26083"}],"wp:term":[{"taxonomy":"category","embeddable":true,"href":"https:\/\/superinteressantes.com.br\/index.php\/wp-json\/wp\/v2\/categories?post=26083"},{"taxonomy":"post_tag","embeddable":true,"href":"https:\/\/superinteressantes.com.br\/index.php\/wp-json\/wp\/v2\/tags?post=26083"}],"curies":[{"name":"wp","href":"https:\/\/api.w.org\/{rel}","templated":true}]}}