{"id":26082,"date":"2025-05-18T15:35:50","date_gmt":"2025-05-18T18:35:50","guid":{"rendered":"https:\/\/superinteressantes.com.br\/index.php\/2025\/05\/18\/vacinacao-contra-hpv-esta-disponivel-para-o-publico-de-15-a-19-anos-ate-o-dia-17-de-junho-na-rede-municipal\/"},"modified":"2025-05-18T15:35:50","modified_gmt":"2025-05-18T18:35:50","slug":"vacinacao-contra-hpv-esta-disponivel-para-o-publico-de-15-a-19-anos-ate-o-dia-17-de-junho-na-rede-municipal","status":"publish","type":"post","link":"https:\/\/superinteressantes.com.br\/index.php\/2025\/05\/18\/vacinacao-contra-hpv-esta-disponivel-para-o-publico-de-15-a-19-anos-ate-o-dia-17-de-junho-na-rede-municipal\/","title":{"rendered":"Vacina\u00e7\u00e3o contra HPV est\u00e1 dispon\u00edvel para o p\u00fablico de 15 a 19 anos at\u00e9 o dia 17 de junho na rede municipal"},"content":{"rendered":"<p><\/p>\n<div>\n<p>A Prefeitura de Jo\u00e3o Pessoa tem promovido busca ativa para preven\u00e7\u00e3o por meio da vacina\u00e7\u00e3o contra o HPV. At\u00e9 o dia 17 de junho, a prote\u00e7\u00e3o contra o HPV ser\u00e1 estendida para jovens entre 15 e 19 anos, com objetivo de resgatar pessoas nessa faixa et\u00e1ria que ainda n\u00e3o receberam a vacina, essencial na preven\u00e7\u00e3o de c\u00e2nceres do colo do \u00fatero, vulva, p\u00eanis, \u00e2nus e orofaringe. Atualmente, no Sistema \u00danico de Sa\u00fade (SUS), a vacina \u00e9 destinada para meninos e meninas de 9 a 14 anos.<\/p>\n<figure class=\"wp-block-gallery has-nested-images columns-default is-cropped wp-block-gallery-1 is-layout-flex wp-block-gallery-is-layout-flex\">\n<figure class=\"wp-block-image size-large\"><\/figure>\n<figure class=\"wp-block-image size-large\"><\/figure>\n<\/figure>\n<p>A meta \u00e9 vacinar 90% dessa faixa et\u00e1ria que ainda n\u00e3o recebeu nenhuma dose da vacina. \u201cSeguimos fazendo esse chamamento em diversos meios de comunica\u00e7\u00e3o e promovendo busca ativa nos territ\u00f3rios, por meio dos Agentes Comunit\u00e1rios de Sa\u00fade e dos profissionais que atuam nas salas de vacina, al\u00e9m das a\u00e7\u00f5es realizadas nas escolas da Capital\u201d, destacou Fernando Virgolino, chefe da Se\u00e7\u00e3o de Imuniza\u00e7\u00e3o da Prefeitura de Jo\u00e3o Pessoa. \u201cRessaltamos que essa vacina\u00e7\u00e3o \u00e9 importante, considerando que sua preven\u00e7\u00e3o pode evitar casos e agravamentos de complica\u00e7\u00f5es relacionadas ao HPV\u201d, completou o coordenador.<\/p>\n<p>Dados do Instituto Nacional de C\u00e2ncer (Inca) apontam que, o c\u00e2ncer do colo do \u00fatero \u00e9 o terceiro tipo de tumor mais frequente na popula\u00e7\u00e3o feminina, atr\u00e1s do c\u00e2ncer de mama e do colorretal. \u00c9 tamb\u00e9m a quarta causa de morte de mulheres por c\u00e2ncer no Brasil, correspondendo a 6,05% do total. O Instituto estima 17 mil novos casos para cada ano do tri\u00eanio 2023-2025, o que representa uma taxa bruta de 15,38 ocorr\u00eancias a cada 100 mil mulheres.<\/p>\n<p>J\u00e1 o c\u00e2ncer de p\u00eanis acomete 1,3 a cada 100 mil habitantes. Embora n\u00e3o seja t\u00e3o incidente, a doen\u00e7a \u00e9 agressiva: dados do Inca apontam que entre 2007 e 2022, foram realizadas 7.790 amputa\u00e7\u00f5es do \u00f3rg\u00e3o genital decorrentes de c\u00e2ncer pelo Sistema \u00danico de Sa\u00fade (SUS), cerca de 486 por ano.<\/p>\n<p><strong>Na Para\u00edba \u2013 <\/strong>Atualmente, no Estado, s\u00e3o estimados 126.044 casos de jovens de ambos os sexos n\u00e3o vacinados contra HPV, na faixa et\u00e1ria de 15 a 19 anos. No munic\u00edpio de Jo\u00e3o Pessoa, esse n\u00famero representa 23.545 jovens, sendo 4.101 meninas e 19.444 meninos.<\/p>\n<p>Em 2021, em Jo\u00e3o Pessoa foram vacinadas 8.643 pessoas contra o HPV (5.868 meninas e 2.775 meninos), na faixa et\u00e1ria de 9 a 14 anos; em 2022, foram 9.213 (5.771 meninas e 3.442 meninos); em 2023, foram 13.691 (7.707 meninos e 5.984 meninas); em 2024, foram 8.030 (3.702 meninas e 4.328 meninos).<\/p>\n<p><strong>Prote\u00e7\u00e3o contra o HPV \u2013 <\/strong>Na Rede Municipal de Sa\u00fade, a vacina\u00e7\u00e3o \u00e9 destinada para meninas e meninos de 9 a 14 anos e outros grupos espec\u00edficos definidos pelo Programa Nacional de Imuniza\u00e7\u00e3o (PNI), a exemplo de mulheres e homens que vivem com HIV, transplantados de \u00f3rg\u00e3os s\u00f3lidos, de medula \u00f3ssea ou pacientes oncol\u00f3gicos na faixa et\u00e1ria de 9 a 45 anos, v\u00edtimas de abuso sexual e pessoas imunocompetentes.<\/p>\n<p>Tamb\u00e9m fazem parte do grupo para preven\u00e7\u00e3o usu\u00e1rios de Profilaxia Pr\u00e9-Exposi\u00e7\u00e3o (PrEP) de HIV, com idade de 15 a 45 anos, que n\u00e3o tenham tomado a vacina HPV ou estejam com esquema incompleto (de acordo com esquema preconizado para idade ou situa\u00e7\u00e3o especial); e pacientes com Papilomatose Respirat\u00f3ria Recorrente\/PRR a partir de 2 anos de idade.<\/p>\n<p><strong>Locais e hor\u00e1rios para vacina\u00e7\u00e3o em Jo\u00e3o Pessoa nesta semana:<\/strong><\/p>\n<p><strong>Unidades de Sa\u00fade da Fam\u00edlia (USFs)<\/strong><\/p>\n<p>Todas as vacinas do calend\u00e1rio de rotina<\/p>\n<p>Vacinas de campanha:<\/p>\n<p>\u2013 Dengue: adolescentes de 10 a 14 anos;<\/p>\n<p>\u2013 Influenza: crian\u00e7as menores de 6 anos e grupos priorit\u00e1rios;<\/p>\n<p>\u2013 Covid-19: crian\u00e7as menores de 5 anos e grupos priorit\u00e1rios;<\/p>\n<p>\u2013 HPV: campanha de atualiza\u00e7\u00e3o para o p\u00fablico de 9 a 19 anos.<\/p>\n<p>Hor\u00e1rio: 7h \u00e0s 11h e das 12h \u00e0s 16h<\/p>\n<p><strong>USF Integrada Cruz das Armas<\/strong><\/p>\n<p>\u2013 Vacina\u00e7\u00e3o contra Covid-19 de crian\u00e7as menores de 5 anos e grupos priorit\u00e1rios<\/p>\n<p>Hor\u00e1rio: 7h \u00e0s 11h e das 12h \u00e0s 16h<\/p>\n<p><strong>Policl\u00ednicas Municipais<\/strong><\/p>\n<p>Todas as vacinas do calend\u00e1rio de rotina<\/p>\n<p>Vacinas de campanha:<\/p>\n<p>\u2013 Dengue: adolescentes de 10 a 14 anos;<\/p>\n<p>\u2013 Influenza: crian\u00e7as menores de 6 anos e grupos priorit\u00e1rios;<\/p>\n<p>\u2013 Covid-19: crian\u00e7as menores de 5 anos e grupos priorit\u00e1rios;<\/p>\n<p>\u2013 HPV: campanha de atualiza\u00e7\u00e3o para o p\u00fablico de 9 a 19 anos.<\/p>\n<p>Hor\u00e1rio: 8h \u00e0s 16h<\/p>\n<p><strong>Centro Municipal de Imuniza\u00e7\u00e3o<\/strong><\/p>\n<p>Todas as vacinas do calend\u00e1rio de rotina<\/p>\n<p>Vacinas de campanha:<\/p>\n<p>\u2013 Dengue: adolescentes de 10 a 14 anos;<\/p>\n<p>\u2013 Influenza: crian\u00e7as menores de 6 anos e grupos priorit\u00e1rios;<\/p>\n<p>\u2013 Covid-19: crian\u00e7as menores de 5 anos e grupos priorit\u00e1rios;<\/p>\n<p>\u2013 HPV: campanha de atualiza\u00e7\u00e3o para o p\u00fablico de 9 a 19 anos.<\/p>\n<p>Hor\u00e1rio: 8h \u00e0s 16h<\/p>\n<p><strong>Home Center Ferreira Costa<\/strong><\/p>\n<p>Todas as vacinas do calend\u00e1rio de rotina<\/p>\n<p>Vacinas de campanha:<\/p>\n<p>\u2013 Influenza: crian\u00e7as menores de 6 anos e grupos priorit\u00e1rios;<\/p>\n<p>\u2013 Covid-19: crian\u00e7as menores de 5 anos e grupos priorit\u00e1rios;<\/p>\n<p>\u2013 HPV: campanha de atualiza\u00e7\u00e3o para o p\u00fablico de 9 a 19 anos.<\/p>\n<p>Hor\u00e1rio: 12h \u00e0s 21h (segunda a sexta-feira) e das 8h \u00e0s 16h (aos s\u00e1bados)<\/p>\n<p><strong>Shopping Sul<\/strong><\/p>\n<p>Todas as vacinas do calend\u00e1rio de rotina<\/p>\n<p>Vacinas de campanha:<\/p>\n<p>\u2013 Influenza: crian\u00e7as menores de 6 anos e grupos priorit\u00e1rios;<\/p>\n<p>\u2013 Covid-19: crian\u00e7as menores de 5 anos e grupos priorit\u00e1rios;<\/p>\n<p>\u2013 HPV: campanha de atualiza\u00e7\u00e3o para o p\u00fablico de 9 a 19 anos.<\/p>\n<p>Hor\u00e1rio: 12h \u00e0s 21h (segunda a sexta-feira) e das 10h \u00e0s 16h (aos s\u00e1bados)<\/p>\n<p><strong>Shopping Tambi\u00e1<\/strong><\/p>\n<p>Todas as vacinas do calend\u00e1rio de rotina<\/p>\n<p>Vacinas de campanha:<\/p>\n<p>\u2013 Influenza: crian\u00e7as menores de 6 anos e grupos priorit\u00e1rios;<\/p>\n<p>\u2013 Covid-19: crian\u00e7as menores de 5 anos e grupos priorit\u00e1rios;<\/p>\n<p>\u2013 HPV: campanha de atualiza\u00e7\u00e3o para o p\u00fablico de 9 a 19 anos.<\/p>\n<p>Hor\u00e1rio: 12h \u00e0s 20h (segunda a sexta-feira) e das 9h \u00e0s 16h (aos s\u00e1bados)<\/p>\n<p><strong>Vacina\u00e7\u00e3o Domiciliar<\/strong><\/p>\n<p>Para ter acesso \u00e0 vacina\u00e7\u00e3o domiciliar, o cidad\u00e3o deve fazer o agendamento pelo aplicativo \u2018Jo\u00e3o Pessoa na Palma da M\u00e3o\u2019. A vacina\u00e7\u00e3o nas resid\u00eancias \u00e9 destinada \u00e0s pessoas acamadas (restritas ao leito).<\/p>\n<\/p><\/div>\n","protected":false},"excerpt":{"rendered":"<p>A Prefeitura de Jo\u00e3o Pessoa tem promovido busca ativa para preven\u00e7\u00e3o por meio da vacina\u00e7\u00e3o contra o HPV. At\u00e9 o dia 17 de junho, a prote\u00e7\u00e3o contra o HPV ser\u00e1 estendida para jovens entre 15 e 19 anos, com objetivo de resgatar pessoas nessa faixa et\u00e1ria que ainda n\u00e3o receberam a vacina, essencial na preven\u00e7\u00e3o &#8230; <a title=\"Vacina\u00e7\u00e3o contra HPV est\u00e1 dispon\u00edvel para o p\u00fablico de 15 a 19 anos at\u00e9 o dia 17 de junho na rede municipal\" class=\"read-more\" href=\"https:\/\/superinteressantes.com.br\/index.php\/2025\/05\/18\/vacinacao-contra-hpv-esta-disponivel-para-o-publico-de-15-a-19-anos-ate-o-dia-17-de-junho-na-rede-municipal\/\" aria-label=\"More on Vacina\u00e7\u00e3o contra HPV est\u00e1 dispon\u00edvel para o p\u00fablico de 15 a 19 anos at\u00e9 o dia 17 de junho na rede municipal\">Ler mais<\/a><\/p>\n","protected":false},"author":1,"featured_media":0,"comment_status":"","ping_status":"","sticky":false,"template":"","format":"standard","meta":{"footnotes":""},"categories":[1],"tags":[],"class_list":["post-26082","post","type-post","status-publish","format-standard","hentry","category-sem-categoria"],"amp_enabled":true,"_links":{"self":[{"href":"https:\/\/superinteressantes.com.br\/index.php\/wp-json\/wp\/v2\/posts\/26082","targetHints":{"allow":["GET"]}}],"collection":[{"href":"https:\/\/superinteressantes.com.br\/index.php\/wp-json\/wp\/v2\/posts"}],"about":[{"href":"https:\/\/superinteressantes.com.br\/index.php\/wp-json\/wp\/v2\/types\/post"}],"author":[{"embeddable":true,"href":"https:\/\/superinteressantes.com.br\/index.php\/wp-json\/wp\/v2\/users\/1"}],"replies":[{"embeddable":true,"href":"https:\/\/superinteressantes.com.br\/index.php\/wp-json\/wp\/v2\/comments?post=26082"}],"version-history":[{"count":0,"href":"https:\/\/superinteressantes.com.br\/index.php\/wp-json\/wp\/v2\/posts\/26082\/revisions"}],"wp:attachment":[{"href":"https:\/\/superinteressantes.com.br\/index.php\/wp-json\/wp\/v2\/media?parent=26082"}],"wp:term":[{"taxonomy":"category","embeddable":true,"href":"https:\/\/superinteressantes.com.br\/index.php\/wp-json\/wp\/v2\/categories?post=26082"},{"taxonomy":"post_tag","embeddable":true,"href":"https:\/\/superinteressantes.com.br\/index.php\/wp-json\/wp\/v2\/tags?post=26082"}],"curies":[{"name":"wp","href":"https:\/\/api.w.org\/{rel}","templated":true}]}}