{"id":26079,"date":"2025-05-18T13:13:50","date_gmt":"2025-05-18T16:13:50","guid":{"rendered":"https:\/\/superinteressantes.com.br\/index.php\/2025\/05\/18\/prefeito-comanda-segunda-reuniao-de-secretariado-da-gestao-2025-2028-prefeitura-da-cidade-do-rio-de-janeiro\/"},"modified":"2025-05-18T13:13:50","modified_gmt":"2025-05-18T16:13:50","slug":"prefeito-comanda-segunda-reuniao-de-secretariado-da-gestao-2025-2028-prefeitura-da-cidade-do-rio-de-janeiro","status":"publish","type":"post","link":"https:\/\/superinteressantes.com.br\/index.php\/2025\/05\/18\/prefeito-comanda-segunda-reuniao-de-secretariado-da-gestao-2025-2028-prefeitura-da-cidade-do-rio-de-janeiro\/","title":{"rendered":"Prefeito comanda segunda reuni\u00e3o de secretariado da gest\u00e3o 2025\u20132028 &#8211; Prefeitura da Cidade do Rio de Janeiro"},"content":{"rendered":"<p><\/p>\n<div id=\"main\">\n<div class=\"wrapper-breadcrumbs\" wp_automatic_readability=\"31.610191082803\">\n<div class=\"image-post\" wp_automatic_readability=\"33\">\n                     O objetivo foi avaliar as a\u00e7\u00f5es j\u00e1 realizadas e alinhar as pr\u00f3ximas metas da Prefeitura &#8211; Beth Santos\/Prefeitura do Rio                  <\/div>\n<p>O prefeito Eduardo Paes reuniu, neste domingo (18\/5), o secretariado e os principais gestores da administra\u00e7\u00e3o municipal para a segunda reuni\u00e3o dos l\u00edderes da gest\u00e3o 2025\u20132028. O objetivo foi avaliar as a\u00e7\u00f5es j\u00e1 realizadas e alinhar as pr\u00f3ximas metas da Prefeitura.<\/p>\n<p>Durante a reuni\u00e3o, o prefeito ressaltou a import\u00e2ncia de temas estrat\u00e9gicos para a cidade, como o avan\u00e7o nos servi\u00e7os de transporte urbano e a nova atua\u00e7\u00e3o da Prefeitura na \u00e1rea da seguran\u00e7a p\u00fablica.<\/p>\n<blockquote wp_automatic_readability=\"22\">\n<p>\u2013 A gente quer fazer com que os \u00f4nibus urbanos normais tenham a mesma evolu\u00e7\u00e3o que a gente fez com o BRT. Tamb\u00e9m tem uma nova fun\u00e7\u00e3o que a Prefeitura passa a assumir no campo da seguran\u00e7a p\u00fablica com a cria\u00e7\u00e3o da For\u00e7a Municipal de Seguran\u00e7a, com a Guarda Armada\u201d, afirmou o prefeito, que ressaltou ainda a import\u00e2ncia da realiza\u00e7\u00e3o deste tipo de reuni\u00e3o para manter o ritmo da gest\u00e3o e garantir que os compromissos assumidos com a popula\u00e7\u00e3o sejam cumpridos.<\/p>\n<p>\u2013 \u00c9 uma avalia\u00e7\u00e3o de como \u00e9 a gest\u00e3o, cobran\u00e7a das nossas metas, das nossas tarefas, al\u00e9m de entender os desafios que a cidade tem diante de si. Ent\u00e3o \u00e9 um dia de presta\u00e7\u00e3o de contas, de avalia\u00e7\u00e3o, de discuss\u00e3o, \u2026 \u00c9 domingo. Os cariocas est\u00e3o descansando ou est\u00e3o no lazer e a gente est\u00e1 aqui pensando neles \u2013 declarou.<\/p>\n<\/blockquote>\n<p>A reuni\u00e3o terminou com a presen\u00e7a da atriz e escritora Beth Goulart, que recitou uma composi\u00e7\u00e3o de v\u00e1rios textos de Clarice Lispector, parte do espet\u00e1culo teatral \u201cSimplesmente eu, Clarice Lispector\u201d, que est\u00e1 em cartaz no Teatro Clara Nunes. O momento foi uma homenagem ao Rio Capital Mundial do Livro, t\u00edtulo que a cidade tem neste ano.<\/p>\n<p>             <!-- Compartilhe ---><\/p>\n<p>\t\t\t <!-- TAGS --><\/p>\n<section class=\"category-tags\">\n<div class=\"marcacao-category\">\n<article class=\"category-post\">\n<p>Categoria: <\/p>\n<\/article>\n<li>18 de maio de 2025<\/li><\/div>\n<article class=\"tags\">\n\t\t\t\t\tMarca\u00e7\u00f5es: gest\u00e3o 2025-2028 prefeito Prefeitura do Rio reuni\u00e3o de secretariado<br \/><\/article>\n<\/section>\n<p>            <!-- Mais Not&iacute;cias --><\/p>\n<p>\t\t<!-- Conte&uacute;do SIDEBAR --><\/p><\/div>\n<\/p><\/div>\n","protected":false},"excerpt":{"rendered":"<p>O objetivo foi avaliar as a\u00e7\u00f5es j\u00e1 realizadas e alinhar as pr\u00f3ximas metas da Prefeitura &#8211; Beth Santos\/Prefeitura do Rio O prefeito Eduardo Paes reuniu, neste domingo (18\/5), o secretariado e os principais gestores da administra\u00e7\u00e3o municipal para a segunda reuni\u00e3o dos l\u00edderes da gest\u00e3o 2025\u20132028. O objetivo foi avaliar as a\u00e7\u00f5es j\u00e1 realizadas e &#8230; <a title=\"Prefeito comanda segunda reuni\u00e3o de secretariado da gest\u00e3o 2025\u20132028 &#8211; Prefeitura da Cidade do Rio de Janeiro\" class=\"read-more\" href=\"https:\/\/superinteressantes.com.br\/index.php\/2025\/05\/18\/prefeito-comanda-segunda-reuniao-de-secretariado-da-gestao-2025-2028-prefeitura-da-cidade-do-rio-de-janeiro\/\" aria-label=\"More on Prefeito comanda segunda reuni\u00e3o de secretariado da gest\u00e3o 2025\u20132028 &#8211; Prefeitura da Cidade do Rio de Janeiro\">Ler mais<\/a><\/p>\n","protected":false},"author":1,"featured_media":0,"comment_status":"","ping_status":"","sticky":false,"template":"","format":"standard","meta":{"footnotes":""},"categories":[1],"tags":[],"class_list":["post-26079","post","type-post","status-publish","format-standard","hentry","category-sem-categoria"],"amp_enabled":true,"_links":{"self":[{"href":"https:\/\/superinteressantes.com.br\/index.php\/wp-json\/wp\/v2\/posts\/26079","targetHints":{"allow":["GET"]}}],"collection":[{"href":"https:\/\/superinteressantes.com.br\/index.php\/wp-json\/wp\/v2\/posts"}],"about":[{"href":"https:\/\/superinteressantes.com.br\/index.php\/wp-json\/wp\/v2\/types\/post"}],"author":[{"embeddable":true,"href":"https:\/\/superinteressantes.com.br\/index.php\/wp-json\/wp\/v2\/users\/1"}],"replies":[{"embeddable":true,"href":"https:\/\/superinteressantes.com.br\/index.php\/wp-json\/wp\/v2\/comments?post=26079"}],"version-history":[{"count":0,"href":"https:\/\/superinteressantes.com.br\/index.php\/wp-json\/wp\/v2\/posts\/26079\/revisions"}],"wp:attachment":[{"href":"https:\/\/superinteressantes.com.br\/index.php\/wp-json\/wp\/v2\/media?parent=26079"}],"wp:term":[{"taxonomy":"category","embeddable":true,"href":"https:\/\/superinteressantes.com.br\/index.php\/wp-json\/wp\/v2\/categories?post=26079"},{"taxonomy":"post_tag","embeddable":true,"href":"https:\/\/superinteressantes.com.br\/index.php\/wp-json\/wp\/v2\/tags?post=26079"}],"curies":[{"name":"wp","href":"https:\/\/api.w.org\/{rel}","templated":true}]}}