{"id":26072,"date":"2025-05-18T09:18:34","date_gmt":"2025-05-18T12:18:34","guid":{"rendered":"https:\/\/superinteressantes.com.br\/index.php\/2025\/05\/18\/agencia-minas-gerais-em-maringa-governo-de-minas-apresenta-forca-do-agronegocio-do-estado-durante-a-expoinga\/"},"modified":"2025-05-18T09:18:34","modified_gmt":"2025-05-18T12:18:34","slug":"agencia-minas-gerais-em-maringa-governo-de-minas-apresenta-forca-do-agronegocio-do-estado-durante-a-expoinga","status":"publish","type":"post","link":"https:\/\/superinteressantes.com.br\/index.php\/2025\/05\/18\/agencia-minas-gerais-em-maringa-governo-de-minas-apresenta-forca-do-agronegocio-do-estado-durante-a-expoinga\/","title":{"rendered":"Ag\u00eancia Minas Gerais | Em Maring\u00e1, Governo de Minas apresenta for\u00e7a do agroneg\u00f3cio do estado durante a Expoing\u00e1"},"content":{"rendered":"<p><\/p>\n<div>\n<section class=\"news-related \/ col-md-4 col-lg-3 \/ margin-md-bottom-2 margin-left-1 \/ pull-right \/ hidden-xs hidden-sm\">\n<header>\n<p class=\"text-title-section \/ margin-bottom-1\">Relacionadas<\/p>\n<\/header>\n<p>\t\t\t\t\t\t\t<main><\/p>\n<hr class=\"row margin-md-bottom-2\"\/>\n\t\t\t\t\t\t\t<\/main><br \/>\n\t\t\t\t\t\t<\/section>\n<p>O governador de Minas Gerais, Romeu Zema, participou, nesta sexta-feira (16\/5), da Expoing\u00e1, uma das maiores feiras do agroneg\u00f3cio do Sul do Brasil, que \u00e9 realizada no Parque Internacional de Exposi\u00e7\u00f5es de Maring\u00e1, cidade no interior do Paran\u00e1.<\/p>\n<p>O evento \u00e9 promovido pelo Sindicato Rural de Maring\u00e1 e re\u00fane expositores, produtores, lideran\u00e7as do setor, institui\u00e7\u00f5es privadas e p\u00fablicas, proporcionando um ambiente prop\u00edcio para neg\u00f3cios, aprendizado, entretenimento e turismo.<\/p>\n<p>Na oportunidade, o chefe do Governo de Minas apresentou os n\u00fameros do agroneg\u00f3cio em Minas Gerais, que hoje impulsiona a economia mineira, sendo respons\u00e1vel por cerca de 42% das exporta\u00e7\u00f5es do estado. &#8220;Em 2024, pela primeira vez na hist\u00f3ria de Minas, o agro exportou mais do que atividade de minera\u00e7\u00e3o, que sempre foi com muito destaque a principal pauta de exporta\u00e7\u00e3o.\u00a0Isso \u00e9 muito em virtude do nosso esfor\u00e7o para melhorar a seguran\u00e7a no campo e dar apoio \u00e0s cooperativas, \u00e0 Federa\u00e7\u00e3o da Agricultura e Pecu\u00e1ria do Estado de Minas Gerais (Faemg) e aos produtores rurais&#8221;.<br \/>&#13;<br \/>\n\u00a0<\/p>\n<table align=\"center\" border=\"0\" cellpadding=\"1\" cellspacing=\"1\" style=\"width: 100%;\">&#13;<\/p>\n<tbody>&#13;<\/p>\n<tr>&#13;<\/p>\n<td colspan=\"5\" style=\"text-align: center; vertical-align: middle;\">&#13;<\/p>\n<p style=\"text-align:center\">\n<p>&#13;\n\t\t\t<\/td>\n<p>&#13;<br \/>\n\t\t<\/tr>\n<p>&#13;<\/p>\n<tr>&#13;<\/p>\n<td style=\"text-align: center; vertical-align: middle;\">\u00a0<\/td>\n<p>&#13;<\/p>\n<td colspan=\"3\" rowspan=\"3\" style=\"text-align: center; vertical-align: middle;\">&#13;<br \/>\n\t\t\t&#13;\n\t\t\t<\/td>\n<p>&#13;<\/p>\n<td style=\"text-align: center; vertical-align: middle;\">\u00a0<\/td>\n<p>&#13;<br \/>\n\t\t<\/tr>\n<p>&#13;<\/p>\n<tr>&#13;<\/p>\n<td style=\"text-align: center; vertical-align: middle;\">\u00a0<\/td>\n<p>&#13;<\/p>\n<td style=\"text-align: center; vertical-align: middle;\">\u00a0<\/td>\n<p>&#13;<br \/>\n\t\t<\/tr>\n<p>&#13;<\/p>\n<tr>&#13;<\/p>\n<td style=\"text-align: center; vertical-align: middle;\">\u00a0<\/td>\n<p>&#13;<\/p>\n<td style=\"text-align: center; vertical-align: middle;\">\u00a0<\/td>\n<p>&#13;<br \/>\n\t\t<\/tr>\n<p>&#13;<\/p>\n<tr>&#13;<\/p>\n<td colspan=\"5\" style=\"text-align: center; vertical-align: middle;\">&#13;<\/p>\n<p style=\"text-align:center\">\n<p>&#13;\n\t\t\t<\/td>\n<p>&#13;<br \/>\n\t\t<\/tr>\n<p>&#13;<br \/>\n\t<\/tbody>\n<p>&#13;<br \/>\n<\/table>\n<p>&#13;<br \/>\n<strong>Cooperativismo<\/strong><\/p>\n<p>Mais cedo, Zema se reuniu com lideran\u00e7as cooperativas na Cocamar, Cooperativa Agroindustrial de Maring\u00e1, que se consolidou como uma das maiores organiza\u00e7\u00f5es cooperativistas do Brasil, detendo o parque industrial mais completo e diversificado do setor.<br \/>&#13;<br \/>\n\u00a0<\/p>\n<div style=\"text-align:center\">\n<figure class=\"image\" style=\"display:inline-block\">&#13;<figcaption><em><sub>Andr\u00e9 Valadares \/ Digital MG<\/sub><\/em><\/figcaption>&#13;<br \/>\n<\/figure>\n<\/div>\n<p>&#13;<br \/>\nAtualmente, s\u00e3o mais de 19 mil fam\u00edlias apoiadas pela cooperativa, que atuam principalmente nas culturas de soja, milho, trigo, caf\u00e9 e laranja.<br \/>&#13;<br \/>\n\u00a0<\/p>\n<table align=\"center\" border=\"0\" cellpadding=\"1\" cellspacing=\"1\" style=\"width: 100%;\">&#13;<\/p>\n<tbody>&#13;<\/p>\n<tr>&#13;<\/p>\n<td colspan=\"5\" style=\"text-align: center; vertical-align: middle;\">&#13;<\/p>\n<p style=\"text-align:center\">\n<p>&#13;\n\t\t\t<\/td>\n<p>&#13;<br \/>\n\t\t<\/tr>\n<p>&#13;<\/p>\n<tr>&#13;<\/p>\n<td style=\"text-align: center; vertical-align: middle;\">\u00a0<\/td>\n<p>&#13;<\/p>\n<td colspan=\"3\" rowspan=\"3\" style=\"text-align: center; vertical-align: middle;\">&#13;<br \/>\n\t\t\t&#13;\n\t\t\t<\/td>\n<p>&#13;<\/p>\n<td style=\"text-align: center; vertical-align: middle;\">\u00a0<\/td>\n<p>&#13;<br \/>\n\t\t<\/tr>\n<p>&#13;<\/p>\n<tr>&#13;<\/p>\n<td style=\"text-align: center; vertical-align: middle;\">\u00a0<\/td>\n<p>&#13;<\/p>\n<td style=\"text-align: center; vertical-align: middle;\">\u00a0<\/td>\n<p>&#13;<br \/>\n\t\t<\/tr>\n<p>&#13;<\/p>\n<tr>&#13;<\/p>\n<td style=\"text-align: center; vertical-align: middle;\">\u00a0<\/td>\n<p>&#13;<\/p>\n<td style=\"text-align: center; vertical-align: middle;\">\u00a0<\/td>\n<p>&#13;<br \/>\n\t\t<\/tr>\n<p>&#13;<\/p>\n<tr>&#13;<\/p>\n<td colspan=\"5\" style=\"text-align: center; vertical-align: middle;\">&#13;<\/p>\n<p style=\"text-align:center\">\n<p>&#13;\n\t\t\t<\/td>\n<p>&#13;<br \/>\n\t\t<\/tr>\n<p>&#13;<br \/>\n\t<\/tbody>\n<p>&#13;<br \/>\n<\/table>\n<p>&#13;<br \/>\n<strong>Com\u00e9rcio e Ind\u00fastria<\/strong><\/p>\n<p>Ainda como parte dos compromissos realizados na cidade de Maring\u00e1, o governador se reuniu com representantes do com\u00e9rcio e de servi\u00e7os da cidade paranaense. Em encontro promovido pela Associa\u00e7\u00e3o Comercial e Empresarial de Maring\u00e1 (Acim), Zema apresentou os avan\u00e7os realizados em Minas e o que faz do estado ser um dos que mais atraem investimentos no pa\u00eds.<\/p>\n<p>Ele tamb\u00e9m conheceu a sede da Sky Group Brasil, empresa maringaense do ramo automotivo, que ampliou sua presen\u00e7a em Minas nas filiais em Contagem e em Belo Horizonte.<\/p>\n<\/p><\/div>\n","protected":false},"excerpt":{"rendered":"<p>Relacionadas O governador de Minas Gerais, Romeu Zema, participou, nesta sexta-feira (16\/5), da Expoing\u00e1, uma das maiores feiras do agroneg\u00f3cio do Sul do Brasil, que \u00e9 realizada no Parque Internacional de Exposi\u00e7\u00f5es de Maring\u00e1, cidade no interior do Paran\u00e1. O evento \u00e9 promovido pelo Sindicato Rural de Maring\u00e1 e re\u00fane expositores, produtores, lideran\u00e7as do setor, &#8230; <a title=\"Ag\u00eancia Minas Gerais | Em Maring\u00e1, Governo de Minas apresenta for\u00e7a do agroneg\u00f3cio do estado durante a Expoing\u00e1\" class=\"read-more\" href=\"https:\/\/superinteressantes.com.br\/index.php\/2025\/05\/18\/agencia-minas-gerais-em-maringa-governo-de-minas-apresenta-forca-do-agronegocio-do-estado-durante-a-expoinga\/\" aria-label=\"More on Ag\u00eancia Minas Gerais | Em Maring\u00e1, Governo de Minas apresenta for\u00e7a do agroneg\u00f3cio do estado durante a Expoing\u00e1\">Ler mais<\/a><\/p>\n","protected":false},"author":1,"featured_media":0,"comment_status":"","ping_status":"","sticky":false,"template":"","format":"standard","meta":{"footnotes":""},"categories":[1],"tags":[],"class_list":["post-26072","post","type-post","status-publish","format-standard","hentry","category-sem-categoria"],"amp_enabled":true,"_links":{"self":[{"href":"https:\/\/superinteressantes.com.br\/index.php\/wp-json\/wp\/v2\/posts\/26072","targetHints":{"allow":["GET"]}}],"collection":[{"href":"https:\/\/superinteressantes.com.br\/index.php\/wp-json\/wp\/v2\/posts"}],"about":[{"href":"https:\/\/superinteressantes.com.br\/index.php\/wp-json\/wp\/v2\/types\/post"}],"author":[{"embeddable":true,"href":"https:\/\/superinteressantes.com.br\/index.php\/wp-json\/wp\/v2\/users\/1"}],"replies":[{"embeddable":true,"href":"https:\/\/superinteressantes.com.br\/index.php\/wp-json\/wp\/v2\/comments?post=26072"}],"version-history":[{"count":0,"href":"https:\/\/superinteressantes.com.br\/index.php\/wp-json\/wp\/v2\/posts\/26072\/revisions"}],"wp:attachment":[{"href":"https:\/\/superinteressantes.com.br\/index.php\/wp-json\/wp\/v2\/media?parent=26072"}],"wp:term":[{"taxonomy":"category","embeddable":true,"href":"https:\/\/superinteressantes.com.br\/index.php\/wp-json\/wp\/v2\/categories?post=26072"},{"taxonomy":"post_tag","embeddable":true,"href":"https:\/\/superinteressantes.com.br\/index.php\/wp-json\/wp\/v2\/tags?post=26072"}],"curies":[{"name":"wp","href":"https:\/\/api.w.org\/{rel}","templated":true}]}}