{"id":26070,"date":"2025-05-18T08:31:33","date_gmt":"2025-05-18T11:31:33","guid":{"rendered":"https:\/\/superinteressantes.com.br\/index.php\/2025\/05\/18\/alunos-da-juvrio-participam-da-semana-nacional-de-educacao-financeira-prefeitura-da-cidade-do-rio-de-janeiro\/"},"modified":"2025-05-18T08:31:33","modified_gmt":"2025-05-18T11:31:33","slug":"alunos-da-juvrio-participam-da-semana-nacional-de-educacao-financeira-prefeitura-da-cidade-do-rio-de-janeiro","status":"publish","type":"post","link":"https:\/\/superinteressantes.com.br\/index.php\/2025\/05\/18\/alunos-da-juvrio-participam-da-semana-nacional-de-educacao-financeira-prefeitura-da-cidade-do-rio-de-janeiro\/","title":{"rendered":"Alunos da JUVRio participam da Semana Nacional de Educa\u00e7\u00e3o Financeira &#8211; Prefeitura da Cidade do Rio de Janeiro"},"content":{"rendered":"<p><\/p>\n<div id=\"main\">\n<div class=\"wrapper-breadcrumbs\" wp_automatic_readability=\"33.528963414634\">\n<div class=\"image-post\" wp_automatic_readability=\"32\">\n                     O encontro faz parte da 12\u00aa Semana da Educa\u00e7\u00e3o Financeira &#8211; Laryssa Lomenha\/JUVRio                  <\/div>\n<p>Sessenta e quatro jovens que realizaram cursos nos Espa\u00e7os das Juventude de Madureira, Est\u00e1cio e Casa da Juventude Centro ganharam uma nova oportunidade de se qualificar, durante os encontros da Semana Nacional de Educa\u00e7\u00e3o Financeira. A iniciativa \u00e9 uma parceria entre a Secretaria da Juventude Carioca (JUVRio) o Sicoob e o Sescoop RJ. Estudantes de 15 a 29 anos, moradores de comunidade do Rio, participaram do evento, que incluiu palestras sobre Cooperativismo e Educa\u00e7\u00e3o Financeira com especialistas, entre os dias 13 e 15 de maio, no Centro.<\/p>\n<p>O encontro faz parte da 12\u00aa Semana da Educa\u00e7\u00e3o Financeira, que, neste ano, teve como tema \u201cEduca\u00e7\u00e3o Financeira para Crian\u00e7as e Jovens: Preparando a Sociedade para Escolhas Conscientes\u201d.<\/p>\n<p>Ane Cristine, de 18 anos, est\u00e1 em busca de aprender a administrar melhor seu pr\u00f3prio dinheiro. A jovem aluna do Espa\u00e7o da Juventude de Madureira, que come\u00e7ou a trabalhar recentemente, quer entender seus pr\u00f3prios gastos e evitar d\u00edvidas.<\/p>\n<blockquote wp_automatic_readability=\"12\">\n<p>\u2013 Gostei muito de entender como organizar meus gastos em planilhas ou anotando. Eu n\u00e3o sabia aplicar muito bem os conhecimentos em finan\u00e7as e agora, com esse curso, vou conseguir. \u00c9 um caminho para, no futuro, evitar a ansiedade sobre o que podemos ou n\u00e3o fazer com o pr\u00f3prio dinheiro \u2013 disse a moradora de Inha\u00fama.<\/p>\n<\/blockquote>\n<p>Al\u00e9m da palestra, os alunos poder\u00e3o realizar diversos cursos on-line. Na plataforma do Sicoob \u00e9 poss\u00edvel encontrar forma\u00e7\u00f5es com foco em finan\u00e7as. J\u00e1 na do Sescoop os jovens poder\u00e3o aprender sobre diferentes temas relacionados \u00e0 educa\u00e7\u00e3o financeira e cooperativista.<\/p>\n<p>             <!-- Compartilhe ---><\/p>\n<p>\t\t\t <!-- TAGS --><\/p>\n<section class=\"category-tags\">\n<article class=\"tags\">\n\t\t\t\t\tMarca\u00e7\u00f5es: Casa da Juventude Espa\u00e7os da Juventude palestras Semana Nacional de Educa\u00e7\u00e3o Financeira<br \/><\/article>\n<\/section>\n<p>            <!-- Mais Not&iacute;cias --><\/p>\n<p>\t\t<!-- Conte&uacute;do SIDEBAR --><\/p><\/div>\n<\/p><\/div>\n","protected":false},"excerpt":{"rendered":"<p>O encontro faz parte da 12\u00aa Semana da Educa\u00e7\u00e3o Financeira &#8211; Laryssa Lomenha\/JUVRio Sessenta e quatro jovens que realizaram cursos nos Espa\u00e7os das Juventude de Madureira, Est\u00e1cio e Casa da Juventude Centro ganharam uma nova oportunidade de se qualificar, durante os encontros da Semana Nacional de Educa\u00e7\u00e3o Financeira. A iniciativa \u00e9 uma parceria entre a &#8230; <a title=\"Alunos da JUVRio participam da Semana Nacional de Educa\u00e7\u00e3o Financeira &#8211; Prefeitura da Cidade do Rio de Janeiro\" class=\"read-more\" href=\"https:\/\/superinteressantes.com.br\/index.php\/2025\/05\/18\/alunos-da-juvrio-participam-da-semana-nacional-de-educacao-financeira-prefeitura-da-cidade-do-rio-de-janeiro\/\" aria-label=\"More on Alunos da JUVRio participam da Semana Nacional de Educa\u00e7\u00e3o Financeira &#8211; Prefeitura da Cidade do Rio de Janeiro\">Ler mais<\/a><\/p>\n","protected":false},"author":1,"featured_media":0,"comment_status":"","ping_status":"","sticky":false,"template":"","format":"standard","meta":{"footnotes":""},"categories":[1],"tags":[],"class_list":["post-26070","post","type-post","status-publish","format-standard","hentry","category-sem-categoria"],"amp_enabled":true,"_links":{"self":[{"href":"https:\/\/superinteressantes.com.br\/index.php\/wp-json\/wp\/v2\/posts\/26070","targetHints":{"allow":["GET"]}}],"collection":[{"href":"https:\/\/superinteressantes.com.br\/index.php\/wp-json\/wp\/v2\/posts"}],"about":[{"href":"https:\/\/superinteressantes.com.br\/index.php\/wp-json\/wp\/v2\/types\/post"}],"author":[{"embeddable":true,"href":"https:\/\/superinteressantes.com.br\/index.php\/wp-json\/wp\/v2\/users\/1"}],"replies":[{"embeddable":true,"href":"https:\/\/superinteressantes.com.br\/index.php\/wp-json\/wp\/v2\/comments?post=26070"}],"version-history":[{"count":0,"href":"https:\/\/superinteressantes.com.br\/index.php\/wp-json\/wp\/v2\/posts\/26070\/revisions"}],"wp:attachment":[{"href":"https:\/\/superinteressantes.com.br\/index.php\/wp-json\/wp\/v2\/media?parent=26070"}],"wp:term":[{"taxonomy":"category","embeddable":true,"href":"https:\/\/superinteressantes.com.br\/index.php\/wp-json\/wp\/v2\/categories?post=26070"},{"taxonomy":"post_tag","embeddable":true,"href":"https:\/\/superinteressantes.com.br\/index.php\/wp-json\/wp\/v2\/tags?post=26070"}],"curies":[{"name":"wp","href":"https:\/\/api.w.org\/{rel}","templated":true}]}}