{"id":26069,"date":"2025-05-18T07:44:44","date_gmt":"2025-05-18T10:44:44","guid":{"rendered":"https:\/\/superinteressantes.com.br\/index.php\/2025\/05\/18\/sorocaba-intensifica-acoes-territoriais-para-o-enfrentamento-ao-trabalho-infantil-agencia-de-noticias\/"},"modified":"2025-05-18T07:44:44","modified_gmt":"2025-05-18T10:44:44","slug":"sorocaba-intensifica-acoes-territoriais-para-o-enfrentamento-ao-trabalho-infantil-agencia-de-noticias","status":"publish","type":"post","link":"https:\/\/superinteressantes.com.br\/index.php\/2025\/05\/18\/sorocaba-intensifica-acoes-territoriais-para-o-enfrentamento-ao-trabalho-infantil-agencia-de-noticias\/","title":{"rendered":"Sorocaba intensifica a\u00e7\u00f5es territoriais para o enfrentamento ao trabalho infantil \u2013 Ag\u00eancia de Not\u00edcias"},"content":{"rendered":"<p><\/p>\n<div>\n<p>Em prepara\u00e7\u00e3o para o Dia Mundial contra o Trabalho Infantil (12 de junho), a Prefeitura de Sorocaba, por meio da Secretaria da Cidadania (Secid), est\u00e1 promovendo uma s\u00e9rie de a\u00e7\u00f5es estrat\u00e9gicas voltadas ao enfrentamento dessa viola\u00e7\u00e3o de direitos junto aos Centros de Refer\u00eancia Especializado de Assist\u00eancia Social (Creas).<\/p>\n<p>Nesta quinta-feira (15), foi realizada uma reuni\u00e3o de alinhamento, na sede do Creas Sul Leste, com os Centros de Refer\u00eancia de Assist\u00eancia Social (Cras) vinculados a esta regional do Creas. S\u00e3o eles: Cras Aparecidinha, Cras Brigadeiro Tobias, Cras Cajuru e Cras Sul-Leste. O objetivo do encontro foi de fortalecer a articula\u00e7\u00e3o entre os servi\u00e7os, tra\u00e7ando estrat\u00e9gias conjuntas para mobiliza\u00e7\u00f5es e a\u00e7\u00f5es de sensibiliza\u00e7\u00e3o junto \u00e0 comunidade atendida.<\/p>\n<p>Participaram da reuni\u00e3o as coordenadoras do Creas e dos Cras, que puderam planejar interven\u00e7\u00f5es que ampliem a conscientiza\u00e7\u00e3o da popula\u00e7\u00e3o sobre os riscos e preju\u00edzos do trabalho infantil, promovendo a prote\u00e7\u00e3o integral de crian\u00e7as e adolescentes.<\/p>\n<p>As a\u00e7\u00f5es planejadas ser\u00e3o desenvolvidas ao longo das pr\u00f3ximas semanas, com foco especial no m\u00eas de junho, mas com desdobramentos para al\u00e9m da data alusiva, com o envolvimento direto das crian\u00e7as e adolescentes e suas fam\u00edlias e a pr\u00f3pria rede de prote\u00e7\u00e3o para que possam auxiliar na identifica\u00e7\u00e3o deste tipo de viola\u00e7\u00e3o.<\/p>\n<p>De acordo com a Secretaria da Cidadania, novas reuni\u00f5es ser\u00e3o realizadas ao longo deste m\u00eas com as outras regionais, para o planejamento das a\u00e7\u00f5es.<\/p>\n<p>Mais informa\u00e7\u00f5es sobre a\u00e7\u00f5es relacionadas ao combate ao trabalho infantil em Sorocaba podem ser obtidas junto \u00e0 Secretaria da Cidadania, que est\u00e1 localizada na Rua Santa Cruz, 116, no Centro, e funciona de segunda a sexta-feira, das 8h \u00e0s 17h, pelo telefone: (15) 3212-6900 ou ainda pelo e-mail: assistenciasocial@sorocaba.sp.gov.br.<\/p>\n<\/p><\/div>\n","protected":false},"excerpt":{"rendered":"<p>Em prepara\u00e7\u00e3o para o Dia Mundial contra o Trabalho Infantil (12 de junho), a Prefeitura de Sorocaba, por meio da Secretaria da Cidadania (Secid), est\u00e1 promovendo uma s\u00e9rie de a\u00e7\u00f5es estrat\u00e9gicas voltadas ao enfrentamento dessa viola\u00e7\u00e3o de direitos junto aos Centros de Refer\u00eancia Especializado de Assist\u00eancia Social (Creas). Nesta quinta-feira (15), foi realizada uma reuni\u00e3o &#8230; <a title=\"Sorocaba intensifica a\u00e7\u00f5es territoriais para o enfrentamento ao trabalho infantil \u2013 Ag\u00eancia de Not\u00edcias\" class=\"read-more\" href=\"https:\/\/superinteressantes.com.br\/index.php\/2025\/05\/18\/sorocaba-intensifica-acoes-territoriais-para-o-enfrentamento-ao-trabalho-infantil-agencia-de-noticias\/\" aria-label=\"More on Sorocaba intensifica a\u00e7\u00f5es territoriais para o enfrentamento ao trabalho infantil \u2013 Ag\u00eancia de Not\u00edcias\">Ler mais<\/a><\/p>\n","protected":false},"author":1,"featured_media":0,"comment_status":"","ping_status":"","sticky":false,"template":"","format":"standard","meta":{"footnotes":""},"categories":[1],"tags":[],"class_list":["post-26069","post","type-post","status-publish","format-standard","hentry","category-sem-categoria"],"amp_enabled":true,"_links":{"self":[{"href":"https:\/\/superinteressantes.com.br\/index.php\/wp-json\/wp\/v2\/posts\/26069","targetHints":{"allow":["GET"]}}],"collection":[{"href":"https:\/\/superinteressantes.com.br\/index.php\/wp-json\/wp\/v2\/posts"}],"about":[{"href":"https:\/\/superinteressantes.com.br\/index.php\/wp-json\/wp\/v2\/types\/post"}],"author":[{"embeddable":true,"href":"https:\/\/superinteressantes.com.br\/index.php\/wp-json\/wp\/v2\/users\/1"}],"replies":[{"embeddable":true,"href":"https:\/\/superinteressantes.com.br\/index.php\/wp-json\/wp\/v2\/comments?post=26069"}],"version-history":[{"count":0,"href":"https:\/\/superinteressantes.com.br\/index.php\/wp-json\/wp\/v2\/posts\/26069\/revisions"}],"wp:attachment":[{"href":"https:\/\/superinteressantes.com.br\/index.php\/wp-json\/wp\/v2\/media?parent=26069"}],"wp:term":[{"taxonomy":"category","embeddable":true,"href":"https:\/\/superinteressantes.com.br\/index.php\/wp-json\/wp\/v2\/categories?post=26069"},{"taxonomy":"post_tag","embeddable":true,"href":"https:\/\/superinteressantes.com.br\/index.php\/wp-json\/wp\/v2\/tags?post=26069"}],"curies":[{"name":"wp","href":"https:\/\/api.w.org\/{rel}","templated":true}]}}