{"id":26067,"date":"2025-05-18T06:57:32","date_gmt":"2025-05-18T09:57:32","guid":{"rendered":"https:\/\/superinteressantes.com.br\/index.php\/2025\/05\/18\/defesa-civil-itinerante-realiza-acao-educativa\/"},"modified":"2025-05-18T06:57:32","modified_gmt":"2025-05-18T09:57:32","slug":"defesa-civil-itinerante-realiza-acao-educativa","status":"publish","type":"post","link":"https:\/\/superinteressantes.com.br\/index.php\/2025\/05\/18\/defesa-civil-itinerante-realiza-acao-educativa\/","title":{"rendered":"Defesa Civil Itinerante realiza a\u00e7\u00e3o educativa"},"content":{"rendered":"<p><\/p>\n<div>\n<p><b>Paula Paz<\/b><br \/>&#13;<br \/>\n&#13;<br \/>\n                <span style=\"font-weight: bold;\">Secretaria de Prote\u00e7\u00e3o ao Cidad\u00e3o<\/span><\/p>\n<p><span style=\"font-weight: 400;\">A Defesa Civil Itinerante promoveu, nesta sexta-feira (16), uma a\u00e7\u00e3o educativa na pra\u00e7a Padre Jo\u00e3o, conhecida como Pra\u00e7a da Matriz, localizada na regi\u00e3o central da cidade. <\/span><\/p>\n<p><span style=\"font-weight: 400;\">A atividade ocorreu das 8h30 \u00e0s 12h e contou com o apoio do Corpo de Bombeiros.<\/span><\/p>\n<p><span style=\"font-weight: 400;\">Durante a manh\u00e3, as equipes orientaram os cidad\u00e3os sobre a preven\u00e7\u00e3o de queimadas, o uso consciente da \u00e1gua e as principais medidas de seguran\u00e7a em casos de inc\u00eandio.<\/span><\/p>\n<p><span class=\"intertitulo\">Aprova\u00e7\u00e3o da comunidade<\/span><\/p>\n<p><\/p>\n<p><span style=\"font-weight: 400;\">Moradora da regi\u00e3o norte, dona Maria Gomes Rosa, de 70 anos, aprovou a iniciativa.<\/span><\/p>\n<p><span style=\"font-weight: 400;\">&#8220;Este per\u00edodo de seca \u00e9 muito perigoso. As queimadas n\u00e3o s\u00f3 prejudicam o meio ambiente, como tamb\u00e9m colocam os bichinhos em risco. \u00c9 important\u00edssimo esse trabalho de conscientiza\u00e7\u00e3o\u201d, afirmou dona Maria.<\/span><\/p>\n<p><\/p>\n<p><span style=\"font-weight: 400;\">Andy Kawamata, de 10 anos, que sonha em ser veterin\u00e1ria, aproveitou a oportunidade para conhecer de perto o ve\u00edculo da Defesa Civil \u2014 e at\u00e9 acionou a sirene! <\/span><\/p>\n<p><span style=\"font-weight: 400;\">\u201cGostei muito da a\u00e7\u00e3o, especialmente de conhecer o carro da Defesa Civil\u201d, disse, empolgada.<\/span><\/p>\n<p><span class=\"intertitulo\">Cartilha Dona Brasa<\/span><\/p>\n<p><span style=\"font-weight: 400;\">Durante a a\u00e7\u00e3o, foi distribu\u00edda a cartilha <\/span>Dona Brasa<span style=\"font-weight: 400;\">, criada para divulgar dicas de seguran\u00e7a durante o per\u00edodo de estiagem.<\/span><\/p>\n<p><span style=\"font-weight: 400;\">Com linguagem clara e ilustra\u00e7\u00f5es did\u00e1ticas, a publica\u00e7\u00e3o apresenta orienta\u00e7\u00f5es acess\u00edveis sobre como prevenir acidentes, proteger a fam\u00edlia e reduzir os impactos causados por queimadas.<\/span><\/p>\n<p><span style=\"font-weight: 400;\">A atua\u00e7\u00e3o da Defesa Civil vai muito al\u00e9m da resposta a desastres. Sua presen\u00e7a pr\u00f3xima da popula\u00e7\u00e3o \u00e9 essencial para promover a preven\u00e7\u00e3o e a conscientiza\u00e7\u00e3o sobre os riscos. Quando a popula\u00e7\u00e3o sabe como agir em situa\u00e7\u00f5es de emerg\u00eancia, vidas s\u00e3o preservadas e os danos s\u00e3o minimizados. <\/span><\/p>\n<p><span style=\"font-weight: 400;\">Por isso, fortalecer o v\u00ednculo entre a Defesa Civil e a popula\u00e7\u00e3o n\u00e3o \u00e9 apenas uma estrat\u00e9gia \u2013 \u00e9 uma necessidade.<\/span><\/p>\n<p><span style=\"font-weight: 400;\">A colabora\u00e7\u00e3o, o di\u00e1logo e a confian\u00e7a m\u00fatua s\u00e3o os pilares de uma gest\u00e3o de riscos eficaz e de uma cultura de seguran\u00e7a que beneficia a todos.<\/span><\/p>\n<p>&#13;<br \/>\n                        <strong>MAIS NOT\u00cdCIAS<\/strong><br \/>&#13;<br \/>\n                        Secretaria de Prote\u00e7\u00e3o ao Cidad\u00e3o&#13;\n                    <\/p>\n<\/p><\/div>\n","protected":false},"excerpt":{"rendered":"<p>Paula Paz&#13; &#13; Secretaria de Prote\u00e7\u00e3o ao Cidad\u00e3o A Defesa Civil Itinerante promoveu, nesta sexta-feira (16), uma a\u00e7\u00e3o educativa na pra\u00e7a Padre Jo\u00e3o, conhecida como Pra\u00e7a da Matriz, localizada na regi\u00e3o central da cidade. A atividade ocorreu das 8h30 \u00e0s 12h e contou com o apoio do Corpo de Bombeiros. Durante a manh\u00e3, as equipes &#8230; <a title=\"Defesa Civil Itinerante realiza a\u00e7\u00e3o educativa\" class=\"read-more\" href=\"https:\/\/superinteressantes.com.br\/index.php\/2025\/05\/18\/defesa-civil-itinerante-realiza-acao-educativa\/\" aria-label=\"More on Defesa Civil Itinerante realiza a\u00e7\u00e3o educativa\">Ler mais<\/a><\/p>\n","protected":false},"author":1,"featured_media":0,"comment_status":"","ping_status":"","sticky":false,"template":"","format":"standard","meta":{"footnotes":""},"categories":[1],"tags":[],"class_list":["post-26067","post","type-post","status-publish","format-standard","hentry","category-sem-categoria"],"amp_enabled":true,"_links":{"self":[{"href":"https:\/\/superinteressantes.com.br\/index.php\/wp-json\/wp\/v2\/posts\/26067","targetHints":{"allow":["GET"]}}],"collection":[{"href":"https:\/\/superinteressantes.com.br\/index.php\/wp-json\/wp\/v2\/posts"}],"about":[{"href":"https:\/\/superinteressantes.com.br\/index.php\/wp-json\/wp\/v2\/types\/post"}],"author":[{"embeddable":true,"href":"https:\/\/superinteressantes.com.br\/index.php\/wp-json\/wp\/v2\/users\/1"}],"replies":[{"embeddable":true,"href":"https:\/\/superinteressantes.com.br\/index.php\/wp-json\/wp\/v2\/comments?post=26067"}],"version-history":[{"count":0,"href":"https:\/\/superinteressantes.com.br\/index.php\/wp-json\/wp\/v2\/posts\/26067\/revisions"}],"wp:attachment":[{"href":"https:\/\/superinteressantes.com.br\/index.php\/wp-json\/wp\/v2\/media?parent=26067"}],"wp:term":[{"taxonomy":"category","embeddable":true,"href":"https:\/\/superinteressantes.com.br\/index.php\/wp-json\/wp\/v2\/categories?post=26067"},{"taxonomy":"post_tag","embeddable":true,"href":"https:\/\/superinteressantes.com.br\/index.php\/wp-json\/wp\/v2\/tags?post=26067"}],"curies":[{"name":"wp","href":"https:\/\/api.w.org\/{rel}","templated":true}]}}