{"id":26054,"date":"2025-05-18T01:28:41","date_gmt":"2025-05-18T04:28:41","guid":{"rendered":"https:\/\/superinteressantes.com.br\/index.php\/2025\/05\/18\/semob-jp-emite-credenciais-de-estacionamento-para-pessoas-com-fibromialgia-de-forma-gratuita\/"},"modified":"2025-05-18T01:28:41","modified_gmt":"2025-05-18T04:28:41","slug":"semob-jp-emite-credenciais-de-estacionamento-para-pessoas-com-fibromialgia-de-forma-gratuita","status":"publish","type":"post","link":"https:\/\/superinteressantes.com.br\/index.php\/2025\/05\/18\/semob-jp-emite-credenciais-de-estacionamento-para-pessoas-com-fibromialgia-de-forma-gratuita\/","title":{"rendered":"Semob-JP emite credenciais de estacionamento para pessoas com fibromialgia de forma gratuita"},"content":{"rendered":"<p><\/p>\n<div>\n<p>Neste m\u00eas de maio, \u00e9 comemorado o Dia Nacional de Conscientiza\u00e7\u00e3o e Enfrentamento da Fibromialgia, s\u00edndrome cl\u00ednica que provoca dores musculares generalizadas e persistentes. Com isso, esse grupo priorit\u00e1rio enfrenta muitas dificuldades no dia a dia. No entanto, a Superintend\u00eancia Executiva de Mobilidade Urbana de Jo\u00e3o Pessoa (Semob-JP) realiza um servi\u00e7o que d\u00e1 mais comodidade a esse p\u00fablico, que \u00e9 a emiss\u00e3o gratuita das credenciais de estacionamento nas vagas especiais, que tem validade nos estabelecimentos em todo o territ\u00f3rio nacional. Ao longo de 2024, foram emitidas 174 credenciais e, em 2025, foram 45.<\/p>\n<figure class=\"wp-block-gallery has-nested-images columns-default is-cropped wp-block-gallery-1 is-layout-flex wp-block-gallery-is-layout-flex\">\n<figure class=\"wp-block-image size-large\"><\/figure>\n<figure class=\"wp-block-image size-full\"><\/figure>\n<\/figure>\n<p>O superintendente de Mobilidade Urbana de Jo\u00e3o Pessoa, Marc\u00edlio do HBE, falou da import\u00e2ncia que o documento tem para facilitar o deslocamento das pessoas. \u201cO documento representa um avan\u00e7o importante no cuidado das pessoas acometidas por essas doen\u00e7as cr\u00f4nicas, que afetam diretamente o bem-estar f\u00edsico e emocional. A credencial tem validade de tr\u00eas anos e pode ser utilizada em qualquer ve\u00edculo em que o condutor ou o conduzido seja do grupo priorit\u00e1rio\u201d, explicou.<\/p>\n<p><strong>Outros grupos priorit\u00e1rios<\/strong> \u2013 Al\u00e9m das pessoas com fibromialgia, pessoas com defici\u00eancia, Transtorno do Espectro Autista (TEA) e S\u00edndrome de Down tamb\u00e9m t\u00eam o direito ao documento e precisam apresentar um laudo m\u00e9dico. Para pessoas com defici\u00eancia e fibromialgia, o laudo m\u00e9dico dever\u00e1 ser emitido com validade de at\u00e9 120 dias. Com isso, o cidad\u00e3o deve preencher o formul\u00e1rio e anexar foto, documento oficial com foto e comprovante de resid\u00eancia de Jo\u00e3o Pessoa, expedido com at\u00e9 90 dias. Idosos n\u00e3o precisam apresentar laudo m\u00e9dico.<\/p>\n<p><strong>Como adquirir a credencial<\/strong> \u2013 A Semob-JP disponibiliza o atendimento presencial nos seguintes endere\u00e7os: sede da Semob-JP, no bairro do Cristo Redentor (3213-7192); posto da Semob-JP na Casa da Cidadania de Jaguaribe (98760-2191) e posto da Semob-JP na Casa da Cidadania do Shopping Mana\u00edra (98645-8766). Al\u00e9m disso, o cidad\u00e3o pode preencher o formul\u00e1rio dispon\u00edvel no endere\u00e7o eletr\u00f4nico da Semob-JP: portal.semobjp.pb.gov.br.<\/p>\n<p><strong>Jo\u00e3o Pessoa na Palma da M\u00e3o<\/strong>\u00a0\u2013 Outra forma de solicitar a credencial \u00e9 por meio do aplicativo \u2018Jo\u00e3o Pessoa na Palma da M\u00e3o\u2019, realizando o pedido e anexando os documentos necess\u00e1rios para a emiss\u00e3o, de uma maneira simples e eficiente. \u00c9 s\u00f3 baixar o aplicativo que est\u00e1 dispon\u00edvel para os sistemas operacionais Android e IOS.<\/p>\n<p><strong>Dia nacional <\/strong>\u2013 A\u00a0data 12 de maio, institu\u00edda pela Lei Federal n\u00ba 14.233\/2021, \u00e9 um marco importante na luta por mais visibilidade, respeito e acolhimento \u00e0s pessoas que convivem com a fibromialgia, uma s\u00edndrome cr\u00f4nica que afeta milh\u00f5es de brasileiros com sintomas muitas vezes invis\u00edveis, mas profundamente incapacitantes.<\/p>\n<\/p><\/div>\n","protected":false},"excerpt":{"rendered":"<p>Neste m\u00eas de maio, \u00e9 comemorado o Dia Nacional de Conscientiza\u00e7\u00e3o e Enfrentamento da Fibromialgia, s\u00edndrome cl\u00ednica que provoca dores musculares generalizadas e persistentes. Com isso, esse grupo priorit\u00e1rio enfrenta muitas dificuldades no dia a dia. No entanto, a Superintend\u00eancia Executiva de Mobilidade Urbana de Jo\u00e3o Pessoa (Semob-JP) realiza um servi\u00e7o que d\u00e1 mais comodidade &#8230; <a title=\"Semob-JP emite credenciais de estacionamento para pessoas com fibromialgia de forma gratuita\" class=\"read-more\" href=\"https:\/\/superinteressantes.com.br\/index.php\/2025\/05\/18\/semob-jp-emite-credenciais-de-estacionamento-para-pessoas-com-fibromialgia-de-forma-gratuita\/\" aria-label=\"More on Semob-JP emite credenciais de estacionamento para pessoas com fibromialgia de forma gratuita\">Ler mais<\/a><\/p>\n","protected":false},"author":1,"featured_media":0,"comment_status":"","ping_status":"","sticky":false,"template":"","format":"standard","meta":{"footnotes":""},"categories":[1],"tags":[],"class_list":["post-26054","post","type-post","status-publish","format-standard","hentry","category-sem-categoria"],"amp_enabled":true,"_links":{"self":[{"href":"https:\/\/superinteressantes.com.br\/index.php\/wp-json\/wp\/v2\/posts\/26054","targetHints":{"allow":["GET"]}}],"collection":[{"href":"https:\/\/superinteressantes.com.br\/index.php\/wp-json\/wp\/v2\/posts"}],"about":[{"href":"https:\/\/superinteressantes.com.br\/index.php\/wp-json\/wp\/v2\/types\/post"}],"author":[{"embeddable":true,"href":"https:\/\/superinteressantes.com.br\/index.php\/wp-json\/wp\/v2\/users\/1"}],"replies":[{"embeddable":true,"href":"https:\/\/superinteressantes.com.br\/index.php\/wp-json\/wp\/v2\/comments?post=26054"}],"version-history":[{"count":0,"href":"https:\/\/superinteressantes.com.br\/index.php\/wp-json\/wp\/v2\/posts\/26054\/revisions"}],"wp:attachment":[{"href":"https:\/\/superinteressantes.com.br\/index.php\/wp-json\/wp\/v2\/media?parent=26054"}],"wp:term":[{"taxonomy":"category","embeddable":true,"href":"https:\/\/superinteressantes.com.br\/index.php\/wp-json\/wp\/v2\/categories?post=26054"},{"taxonomy":"post_tag","embeddable":true,"href":"https:\/\/superinteressantes.com.br\/index.php\/wp-json\/wp\/v2\/tags?post=26054"}],"curies":[{"name":"wp","href":"https:\/\/api.w.org\/{rel}","templated":true}]}}