{"id":26027,"date":"2025-05-17T13:43:54","date_gmt":"2025-05-17T16:43:54","guid":{"rendered":"https:\/\/superinteressantes.com.br\/index.php\/2025\/05\/17\/escola-municipal-de-nova-iguacu-inaugura-redario-e-envolve-familias-em-feira-literaria\/"},"modified":"2025-05-17T13:43:54","modified_gmt":"2025-05-17T16:43:54","slug":"escola-municipal-de-nova-iguacu-inaugura-redario-e-envolve-familias-em-feira-literaria","status":"publish","type":"post","link":"https:\/\/superinteressantes.com.br\/index.php\/2025\/05\/17\/escola-municipal-de-nova-iguacu-inaugura-redario-e-envolve-familias-em-feira-literaria\/","title":{"rendered":"Escola municipal de Nova Igua\u00e7u inaugura red\u00e1rio e envolve fam\u00edlias em Feira Liter\u00e1ria"},"content":{"rendered":"<p><\/p>\n<div id=\"post_34548\">\n<header>\n<h2>Escola municipal de Nova Igua\u00e7u inaugura red\u00e1rio e envolve fam\u00edlias em Feira Liter\u00e1ria<\/h2>\n<h4>\n                <em><br \/>\n                    <time class=\"text-muted\" datetime=\"16-05-2025\">16 de maio de 2025<\/time><br \/>\n                <\/em><br \/>\n            <\/h4>\n<\/header>\n<section>\n<p>Afeto, mem\u00f3ria e boas hist\u00f3rias marcaram a tarde da \u00faltima quinta-feira (15) na Escola Municipal Capistrano de Abreu, em Nova Igua\u00e7u. A unidade inaugurou o Red\u00e1rio Tia Dida, um espa\u00e7o que oferece um ambiente tranquilo, onde os estudantes possam ler de forma prazerosa, al\u00e9m das propostas pedag\u00f3gicas dos professores. A iniciativa integra as a\u00e7\u00f5es permanentes de incentivo \u00e0 leitura da Secretaria Municipal de Educa\u00e7\u00e3o.<\/p>\n<p>O nome do red\u00e1rio foi escolhido em vota\u00e7\u00e3o aberta a alunos e funcion\u00e1rios, e \u00e9 uma homenagem \u00e0 servidora Rosilda Santos, que trabalhou por anos na escola. Ela faleceu em setembro do ano passado, e era carinhosamente conhecida como Tia Dida. A inaugura\u00e7\u00e3o contou com a presen\u00e7a de familiares da homenageada, como sua filha, a manicure Fabiana Santos Silva, de 40 anos, e sua neta, Pietra Silva Moura, de 10 anos, aluna do 5\u00ba ano da unidade.<\/p>\n<p>\u201cMinha m\u00e3e amou e foi muito amada aqui. N\u00e3o tem como entrar nessa escola e n\u00e3o lembrar dela. Espero que esse espa\u00e7o inspire a imagina\u00e7\u00e3o de todos e que a mem\u00f3ria dela continue viva em cada leitura que ser\u00e1 feita aqui\u201d, disse Fabiana, emocionada.<\/p>\n<\/p>\n<p>Para al\u00e9m do fator afetivo, a secret\u00e1ria de Educa\u00e7\u00e3o, Maria Virg\u00ednia Andrade Rocha, tamb\u00e9m ressaltou o impacto na aprendizagem.<\/p>\n<p>\u201cO pr\u00f3prio ambiente do red\u00e1rio na escola j\u00e1 estimula a imagina\u00e7\u00e3o e a curiosidade. As cores vibrantes das redes, o movimento de balan\u00e7o que acalma e concentra, a sensa\u00e7\u00e3o de estar em um espa\u00e7o diferente cria possibilidades para a explora\u00e7\u00e3o da linguagem e o desenvolvimento dos nossos alunos\u201d, afirmou Maria Virg\u00ednia.<\/p>\n<p><strong>Feira Liter\u00e1ria destaca protagonismo das fam\u00edlias<\/strong><\/p>\n<p>No mesmo dia, a escola realizou a edi\u00e7\u00e3o 2025 da Feira Liter\u00e1ria Capistrano de Abreu (FLICA), com o tema \u201cSomos Terra\u201d. A atividade integrou o M\u00eas da Fam\u00edlia na escola, aproximando respons\u00e1veis, estudantes e profissionais da educa\u00e7\u00e3o por meio da literatura.<\/p>\n<p>Os corredores e espa\u00e7os externos foram transformados em exposi\u00e7\u00f5es com produ\u00e7\u00f5es liter\u00e1rias dos alunos. A programa\u00e7\u00e3o contou com conta\u00e7\u00e3o de hist\u00f3rias, apresenta\u00e7\u00f5es culturais, interven\u00e7\u00f5es musicais e momentos de integra\u00e7\u00e3o com as fam\u00edlias.<\/p>\n<\/p>\n<p>\u201cQuando voc\u00ea traz o respons\u00e1vel para a escola e mostra o que est\u00e1 sendo feito para educar seus filhos, isso transforma a rela\u00e7\u00e3o com a comunidade. A leitura tem que acontecer em todos os lugares, at\u00e9 mesmo na rede. A escola inteira se envolve, da crian\u00e7a de 3 anos ao aluno de 12 anos. A imagina\u00e7\u00e3o floresce com a leitura\u201d, afirma a diretora Mari\u00e2ngela Carvalho Mendes.<\/p>\n<p>Entre os momentos mais marcantes do dia festivo, esteve a apresenta\u00e7\u00e3o de Heitor Braga Morais, de 9 anos, aluno do 4\u00ba ano. Ele \u00e9 ca\u00e7ula da professora Alessandra Braga, ex-aluna da escola e m\u00e3e de outros ex-alunos, que viu toda a fam\u00edlia reunida no evento.<\/p>\n<\/p>\n<p>\u201cQuando a escola conquista o aluno, conquista tamb\u00e9m a fam\u00edlia. E a\u00ed, a aprendizagem acontece com naturalidade. Ver meu filho se apresentar neste lugar que faz parte da minha hist\u00f3ria \u00e9 muito especial\u201d, afirmou a professora.<\/p>\n<p>Heitor tamb\u00e9m celebrou sua participa\u00e7\u00e3o na FLICA.<\/p>\n<p>\u201cFoi muito legal ver todo mundo junto, minha m\u00e3e feliz, meus irm\u00e3os que tamb\u00e9m vieram me ver. Eu acho que foi um momento \u00fanico e inesquec\u00edvel.\u201d<\/p>\n<\/section><\/div>\n","protected":false},"excerpt":{"rendered":"<p>Escola municipal de Nova Igua\u00e7u inaugura red\u00e1rio e envolve fam\u00edlias em Feira Liter\u00e1ria 16 de maio de 2025 Afeto, mem\u00f3ria e boas hist\u00f3rias marcaram a tarde da \u00faltima quinta-feira (15) na Escola Municipal Capistrano de Abreu, em Nova Igua\u00e7u. A unidade inaugurou o Red\u00e1rio Tia Dida, um espa\u00e7o que oferece um ambiente tranquilo, onde os &#8230; <a title=\"Escola municipal de Nova Igua\u00e7u inaugura red\u00e1rio e envolve fam\u00edlias em Feira Liter\u00e1ria\" class=\"read-more\" href=\"https:\/\/superinteressantes.com.br\/index.php\/2025\/05\/17\/escola-municipal-de-nova-iguacu-inaugura-redario-e-envolve-familias-em-feira-literaria\/\" aria-label=\"More on Escola municipal de Nova Igua\u00e7u inaugura red\u00e1rio e envolve fam\u00edlias em Feira Liter\u00e1ria\">Ler mais<\/a><\/p>\n","protected":false},"author":1,"featured_media":0,"comment_status":"","ping_status":"","sticky":false,"template":"","format":"standard","meta":{"footnotes":""},"categories":[1],"tags":[],"class_list":["post-26027","post","type-post","status-publish","format-standard","hentry","category-sem-categoria"],"amp_enabled":true,"_links":{"self":[{"href":"https:\/\/superinteressantes.com.br\/index.php\/wp-json\/wp\/v2\/posts\/26027","targetHints":{"allow":["GET"]}}],"collection":[{"href":"https:\/\/superinteressantes.com.br\/index.php\/wp-json\/wp\/v2\/posts"}],"about":[{"href":"https:\/\/superinteressantes.com.br\/index.php\/wp-json\/wp\/v2\/types\/post"}],"author":[{"embeddable":true,"href":"https:\/\/superinteressantes.com.br\/index.php\/wp-json\/wp\/v2\/users\/1"}],"replies":[{"embeddable":true,"href":"https:\/\/superinteressantes.com.br\/index.php\/wp-json\/wp\/v2\/comments?post=26027"}],"version-history":[{"count":0,"href":"https:\/\/superinteressantes.com.br\/index.php\/wp-json\/wp\/v2\/posts\/26027\/revisions"}],"wp:attachment":[{"href":"https:\/\/superinteressantes.com.br\/index.php\/wp-json\/wp\/v2\/media?parent=26027"}],"wp:term":[{"taxonomy":"category","embeddable":true,"href":"https:\/\/superinteressantes.com.br\/index.php\/wp-json\/wp\/v2\/categories?post=26027"},{"taxonomy":"post_tag","embeddable":true,"href":"https:\/\/superinteressantes.com.br\/index.php\/wp-json\/wp\/v2\/tags?post=26027"}],"curies":[{"name":"wp","href":"https:\/\/api.w.org\/{rel}","templated":true}]}}