{"id":26025,"date":"2025-05-17T12:56:45","date_gmt":"2025-05-17T15:56:45","guid":{"rendered":"https:\/\/superinteressantes.com.br\/index.php\/2025\/05\/17\/agencia-minas-gerais-comunicado-oficial\/"},"modified":"2025-05-17T12:56:45","modified_gmt":"2025-05-17T15:56:45","slug":"agencia-minas-gerais-comunicado-oficial","status":"publish","type":"post","link":"https:\/\/superinteressantes.com.br\/index.php\/2025\/05\/17\/agencia-minas-gerais-comunicado-oficial\/","title":{"rendered":"Ag\u00eancia Minas Gerais | Comunicado Oficial"},"content":{"rendered":"<p><\/p>\n<div>\n<p>O Governo de Minas, por meio da Secretaria de Estado de Agricultura, Pecu\u00e1ria e Abastecimento (Seapa) e do Instituto Mineiro de Agropecu\u00e1ria (IMA), informa que, na manh\u00e3 deste s\u00e1bado (17), realizou reuni\u00e3o emergencial sobre o tema \u201cgripe avi\u00e1ria\u201d.\u00a0<\/p>\n<p>Foram rastreados ovos f\u00e9rteis trazidos para Minas Gerais a partir de uma granja comercial da cidade Montenegro, Rio Grande do Sul, local cuja detec\u00e7\u00e3o do v\u00edrus da influenza avi\u00e1ria de alta patogenicidade foi confirmada pelo Minist\u00e9rio da Agricultura e Pecu\u00e1ria (Mapa) nesta quinta-feira (15).\u00a0<\/p>\n<p>Por esta raz\u00e3o, como medida preventiva, neste s\u00e1bado (17), 450 toneladas de ovos fecundados e demais materiais envolvidos ser\u00e3o descartados no Centro-Oeste de Minas. A iniciativa mostrou-se necess\u00e1ria para manter o controle sanit\u00e1rio, seguindo planos pr\u00e9vios para poss\u00edveis ocorr\u00eancias do tipo, garantindo conten\u00e7\u00e3o e erradica\u00e7\u00e3o da doen\u00e7a e a manuten\u00e7\u00e3o da capacidade produtiva do setor. Todas as medidas que est\u00e3o sendo tomadas fazem parte do Plano de Conting\u00eancia da Influenza Avi\u00e1ria de Alta Patoneneidade (IAAP), firmado entre Uni\u00e3o, Estados e setor produtivo em 2022, quando surgiu o primeiro foco da doen\u00e7a na \u00a0Am\u00e9rica do Sul. \u00c9 importante ressaltar que a gripe avi\u00e1ria leva as aves \u00e0 morte, mas n\u00e3o representa risco para a popula\u00e7\u00e3o por n\u00e3o ser transmiss\u00edvel por meio do consumo da carne ou ovos.<\/p>\n<p>Cabe ainda explicar que ovos f\u00e9rteis s\u00e3o aqueles usados para fecunda\u00e7\u00e3o e produ\u00e7\u00e3o de aves, e n\u00e3o para consumo. O rastreamento de ovos f\u00e9rteis produzidos nessa granja da cidade de Montenegro, Rio Grande do Sul, est\u00e1 sendo finalizado e, portanto, a necessidade de novos descartes de produtos em Minas Gerais ainda pode ocorrer nos pr\u00f3ximos dias.<\/p>\n<p>O Governo de Minas, a Seapa e o IMA t\u00eam se mobilizado para conter a chegada da doen\u00e7a no estado, investindo em pol\u00edticas de preven\u00e7\u00e3o, rastreio e controle sanit\u00e1rios da Influenza Avi\u00e1ria, al\u00e9m de contato direto com o Minist\u00e9rio da Agricultura e Pecu\u00e1ria. Continuamente, o IMA promove estrat\u00e9gias de vigil\u00e2ncia epidemiol\u00f3gica para as doen\u00e7as av\u00edcolas de controle oficial: newcastle, salmonelose e micoplasmose. As a\u00e7\u00f5es incluem medidas de biosseguridade das granjas comerciais, pol\u00edticas de educa\u00e7\u00e3o sanit\u00e1ria e vigil\u00e2ncia nas propriedades classificadas como risco, cadastro e vistoria em criat\u00f3rios de subsist\u00eancia.<\/p>\n<p>Em 2024, mais de 8 mil a\u00e7\u00f5es de educa\u00e7\u00e3o sanit\u00e1ria foram realizadas em estabelecimentos com aves em Minas Gerais. Al\u00e9m das a\u00e7\u00f5es estabelecidas pelo IMA, o Estado tamb\u00e9m atua no Plano Nacional de Vigil\u00e2ncia, em parceria com o Minist\u00e9rio da Agricultura, Pecu\u00e1ria e Abastecimento.<\/p>\n<p>O Governo de Minas, a Seapa e o IMA reafirmam seu compromisso com a transpar\u00eancia de dados e asseguram que novas informa\u00e7\u00f5es ser\u00e3o repassadas assim que poss\u00edvel.\u00a0<\/p>\n<p>Minas Gerais responde hoje pela segunda maior produ\u00e7\u00e3o de ovos do pa\u00eds e a quinta maior na produ\u00e7\u00e3o de galin\u00e1ceos.\u00a0<\/p>\n<p>Demandas de imprensa: imprensa@governo.mg.gov.br<br \/>&#13;<br \/>\n\u00a0<\/p>\n<\/p><\/div>\n","protected":false},"excerpt":{"rendered":"<p>O Governo de Minas, por meio da Secretaria de Estado de Agricultura, Pecu\u00e1ria e Abastecimento (Seapa) e do Instituto Mineiro de Agropecu\u00e1ria (IMA), informa que, na manh\u00e3 deste s\u00e1bado (17), realizou reuni\u00e3o emergencial sobre o tema \u201cgripe avi\u00e1ria\u201d.\u00a0 Foram rastreados ovos f\u00e9rteis trazidos para Minas Gerais a partir de uma granja comercial da cidade Montenegro, &#8230; <a title=\"Ag\u00eancia Minas Gerais | Comunicado Oficial\" class=\"read-more\" href=\"https:\/\/superinteressantes.com.br\/index.php\/2025\/05\/17\/agencia-minas-gerais-comunicado-oficial\/\" aria-label=\"More on Ag\u00eancia Minas Gerais | Comunicado Oficial\">Ler mais<\/a><\/p>\n","protected":false},"author":1,"featured_media":0,"comment_status":"","ping_status":"","sticky":false,"template":"","format":"standard","meta":{"footnotes":""},"categories":[1],"tags":[],"class_list":["post-26025","post","type-post","status-publish","format-standard","hentry","category-sem-categoria"],"amp_enabled":true,"_links":{"self":[{"href":"https:\/\/superinteressantes.com.br\/index.php\/wp-json\/wp\/v2\/posts\/26025","targetHints":{"allow":["GET"]}}],"collection":[{"href":"https:\/\/superinteressantes.com.br\/index.php\/wp-json\/wp\/v2\/posts"}],"about":[{"href":"https:\/\/superinteressantes.com.br\/index.php\/wp-json\/wp\/v2\/types\/post"}],"author":[{"embeddable":true,"href":"https:\/\/superinteressantes.com.br\/index.php\/wp-json\/wp\/v2\/users\/1"}],"replies":[{"embeddable":true,"href":"https:\/\/superinteressantes.com.br\/index.php\/wp-json\/wp\/v2\/comments?post=26025"}],"version-history":[{"count":0,"href":"https:\/\/superinteressantes.com.br\/index.php\/wp-json\/wp\/v2\/posts\/26025\/revisions"}],"wp:attachment":[{"href":"https:\/\/superinteressantes.com.br\/index.php\/wp-json\/wp\/v2\/media?parent=26025"}],"wp:term":[{"taxonomy":"category","embeddable":true,"href":"https:\/\/superinteressantes.com.br\/index.php\/wp-json\/wp\/v2\/categories?post=26025"},{"taxonomy":"post_tag","embeddable":true,"href":"https:\/\/superinteressantes.com.br\/index.php\/wp-json\/wp\/v2\/tags?post=26025"}],"curies":[{"name":"wp","href":"https:\/\/api.w.org\/{rel}","templated":true}]}}