{"id":22499,"date":"2025-03-07T22:06:19","date_gmt":"2025-03-08T01:06:19","guid":{"rendered":"https:\/\/superinteressantes.com.br\/index.php\/2025\/03\/07\/agencia-minas-gerais-dia-internacional-da-mulher-em-minas-gerais-elas-se-destacam-em-aprovacao-no-exame-de-direcao\/"},"modified":"2025-03-07T22:06:19","modified_gmt":"2025-03-08T01:06:19","slug":"agencia-minas-gerais-dia-internacional-da-mulher-em-minas-gerais-elas-se-destacam-em-aprovacao-no-exame-de-direcao","status":"publish","type":"post","link":"https:\/\/superinteressantes.com.br\/index.php\/2025\/03\/07\/agencia-minas-gerais-dia-internacional-da-mulher-em-minas-gerais-elas-se-destacam-em-aprovacao-no-exame-de-direcao\/","title":{"rendered":"Ag\u00eancia Minas Gerais | Dia Internacional da Mulher: em Minas Gerais, elas se destacam em aprova\u00e7\u00e3o no exame de dire\u00e7\u00e3o"},"content":{"rendered":"<p><\/p>\n<div>\n<p>Minas Gerais conta, atualmente, com mais de 2,9 milh\u00f5es de mulheres habilitadas, considerando o total de pessoas aprovadas nos exames de dire\u00e7\u00e3o da primeira habilita\u00e7\u00e3o.<\/p>\n<p>Em 2024, o n\u00famero de mulheres aprovadas somente na categoria B foi de 112.690, superior ao de homens, que foi de 109.964 aprova\u00e7\u00f5es.<\/p>\n<p>Os dados s\u00e3o da Coordenadoria Estadual de Gest\u00e3o de Tr\u00e2nsito de Minas Gerais (CET-MG), da Secretaria de Estado de Planejamento e Gest\u00e3o (Seplag). Minas possui mais de 8,3 milh\u00f5es de condutores habilitados.<\/p>\n<p>\u00a0<\/p>\n<p style=\"text-align:center\">&#13;<br \/>\n<sub><em>CET-MG \/ Divulga\u00e7\u00e3o<\/em><\/sub><\/p>\n<p>&#13;<br \/>\n<strong>O que representa cada categoria de habilita\u00e7\u00e3o<\/strong><\/p>\n<p>O C\u00f3digo de Tr\u00e2nsito Brasileiro (CDT) especifica cada categoria de habilita\u00e7\u00e3o em seu artigo 143, sendo elas:<\/p>\n<p><strong>Categoria A &#8211; <\/strong>Condutor de ve\u00edculo motorizado de duas ou tr\u00eas rodas, com ou sem carro lateral<\/p>\n<p><strong>Categoria B &#8211;<\/strong> Condutor de ve\u00edculo motorizado, n\u00e3o abrangido pela categoria A, cujo peso bruto total n\u00e3o exceda a 3,5 mil quilos e cuja lota\u00e7\u00e3o n\u00e3o exceda a oito lugares, exclu\u00eddo o do motorista<\/p>\n<p><strong>Categoria C &#8211;<\/strong> Condutor de ve\u00edculo abrangido pela categoria B e de ve\u00edculo motorizado utilizado em transporte de carga cujo peso bruto total exceda a 3,5 mil quilos<\/p>\n<p><strong>Categoria D &#8211;<\/strong> Condutor de ve\u00edculo abrangido pelas categorias B e C e de ve\u00edculo motorizado utilizado no transporte de passageiros cuja lota\u00e7\u00e3o exceda a oito lugares, exclu\u00eddo o do motorista (Reda\u00e7\u00e3o dada pela Lei n\u00ba 14.440, de 2022)<\/p>\n<p><strong>Categoria E &#8211;<\/strong> Condutor de combina\u00e7\u00e3o de ve\u00edculos em que a unidade tratora se enquadre nas categorias B, C ou D e cuja unidade acoplada, reboque, semirreboque, trailer ou articulada tenha 6 mil quilos ou mais de peso bruto total, ou cuja lota\u00e7\u00e3o exceda a oito lugares<\/p>\n<p><strong>Cuidados especiais na dire\u00e7\u00e3o<\/strong><\/p>\n<ul>&#13;<\/p>\n<li>Para condutores com crian\u00e7as, \u00e9 fundamental utilizar cadeirinhas apropriadas para a idade e peso da crian\u00e7a<\/li>\n<p>&#13;<\/p>\n<li>Saia de casa com anteced\u00eancia para evitar pressa e n\u00e3o exceder o limite de velocidade<\/li>\n<p>&#13;<\/p>\n<li>Realize manuten\u00e7\u00f5es peri\u00f3dicas no carro, como checar pneus, freios e luzes.<\/li>\n<p>&#13;<\/p>\n<li>Sempre use o cinto de seguran\u00e7a e assegure-se de que todos os passageiros tamb\u00e9m estejam usando.<\/li>\n<p>&#13;<\/p>\n<li>Nunca dirija sob a influ\u00eancia de subst\u00e2ncias que possam prejudicar sua capacidade de dirigir<\/li>\n<p>&#13;<\/p>\n<li>Durante a dire\u00e7\u00e3o, as gestantes devem utilizar equipamento de tr\u00eas pontos. A faixa diagonal do cinto deve cruzar o meio do ombro, passando entre os seios, e nunca sobre o \u00fatero. J\u00e1 a faixa subabdominal deve estar mais baixa e ajustada quanto poss\u00edvel<\/li>\n<p>&#13;\n<\/ul>\n<\/p><\/div>\n","protected":false},"excerpt":{"rendered":"<p>Minas Gerais conta, atualmente, com mais de 2,9 milh\u00f5es de mulheres habilitadas, considerando o total de pessoas aprovadas nos exames de dire\u00e7\u00e3o da primeira habilita\u00e7\u00e3o. Em 2024, o n\u00famero de mulheres aprovadas somente na categoria B foi de 112.690, superior ao de homens, que foi de 109.964 aprova\u00e7\u00f5es. Os dados s\u00e3o da Coordenadoria Estadual de &#8230; <a title=\"Ag\u00eancia Minas Gerais | Dia Internacional da Mulher: em Minas Gerais, elas se destacam em aprova\u00e7\u00e3o no exame de dire\u00e7\u00e3o\" class=\"read-more\" href=\"https:\/\/superinteressantes.com.br\/index.php\/2025\/03\/07\/agencia-minas-gerais-dia-internacional-da-mulher-em-minas-gerais-elas-se-destacam-em-aprovacao-no-exame-de-direcao\/\" aria-label=\"More on Ag\u00eancia Minas Gerais | Dia Internacional da Mulher: em Minas Gerais, elas se destacam em aprova\u00e7\u00e3o no exame de dire\u00e7\u00e3o\">Ler mais<\/a><\/p>\n","protected":false},"author":1,"featured_media":0,"comment_status":"","ping_status":"","sticky":false,"template":"","format":"standard","meta":{"footnotes":""},"categories":[1],"tags":[],"class_list":["post-22499","post","type-post","status-publish","format-standard","hentry","category-sem-categoria"],"amp_enabled":true,"_links":{"self":[{"href":"https:\/\/superinteressantes.com.br\/index.php\/wp-json\/wp\/v2\/posts\/22499","targetHints":{"allow":["GET"]}}],"collection":[{"href":"https:\/\/superinteressantes.com.br\/index.php\/wp-json\/wp\/v2\/posts"}],"about":[{"href":"https:\/\/superinteressantes.com.br\/index.php\/wp-json\/wp\/v2\/types\/post"}],"author":[{"embeddable":true,"href":"https:\/\/superinteressantes.com.br\/index.php\/wp-json\/wp\/v2\/users\/1"}],"replies":[{"embeddable":true,"href":"https:\/\/superinteressantes.com.br\/index.php\/wp-json\/wp\/v2\/comments?post=22499"}],"version-history":[{"count":0,"href":"https:\/\/superinteressantes.com.br\/index.php\/wp-json\/wp\/v2\/posts\/22499\/revisions"}],"wp:attachment":[{"href":"https:\/\/superinteressantes.com.br\/index.php\/wp-json\/wp\/v2\/media?parent=22499"}],"wp:term":[{"taxonomy":"category","embeddable":true,"href":"https:\/\/superinteressantes.com.br\/index.php\/wp-json\/wp\/v2\/categories?post=22499"},{"taxonomy":"post_tag","embeddable":true,"href":"https:\/\/superinteressantes.com.br\/index.php\/wp-json\/wp\/v2\/tags?post=22499"}],"curies":[{"name":"wp","href":"https:\/\/api.w.org\/{rel}","templated":true}]}}