{"id":22489,"date":"2025-03-07T18:10:08","date_gmt":"2025-03-07T21:10:08","guid":{"rendered":"https:\/\/superinteressantes.com.br\/index.php\/2025\/03\/07\/sao-jose-e-a-1a-cidade-do-pais-a-ter-onibus-100-eletricos\/"},"modified":"2025-03-07T18:10:08","modified_gmt":"2025-03-07T21:10:08","slug":"sao-jose-e-a-1a-cidade-do-pais-a-ter-onibus-100-eletricos","status":"publish","type":"post","link":"https:\/\/superinteressantes.com.br\/index.php\/2025\/03\/07\/sao-jose-e-a-1a-cidade-do-pais-a-ter-onibus-100-eletricos\/","title":{"rendered":"S\u00e3o Jos\u00e9 \u00e9 a 1\u00aa cidade do pa\u00eds a ter \u00f4nibus 100% el\u00e9tricos"},"content":{"rendered":"<p><\/p>\n<div>\n<p><b>Ana L\u00facia Abranches<\/b><br \/>&#13;<br \/>\n&#13;<br \/>\n                <span style=\"font-weight: bold;\">Urbam<\/span><\/p>\n<p>A licita\u00e7\u00e3o para a loca\u00e7\u00e3o de 400 \u00f4nibus el\u00e9tricos para o transporte p\u00fablico em S\u00e3o Jos\u00e9 dos Campos foi conclu\u00edda com a garantia legal de R$ 20,3 milh\u00f5es (seguro garantia) apresentada pela empresa Green Energy S.A. O contrato foi assinado na tarde desta sexta-feira (7).<\/p>\n<p>A\u00a0empresa ter\u00e1 cerca de seis meses para come\u00e7ar a entregar os primeiros ve\u00edculos que come\u00e7ar\u00e3o a circular pelas ruas da cidade, substituindo gradativamente a frota atual. A implanta\u00e7\u00e3o do transporte p\u00fablico 100% el\u00e9trico, \u00e9 um dos principais compromissos do plano de gest\u00e3o de 2025 a 2028.<\/p>\n<p>S\u00e3o Jos\u00e9 ter\u00e1 um sistema inovador, sendo a primeira cidade do pa\u00eds a ter frota totalmente el\u00e9trica, zero quil\u00f4metro, com menos emiss\u00e3o de poluentes, ve\u00edculos modernos, com ar-condicionado, tecnologia embarcada, piso baixo e mais seguros para oferecer um servi\u00e7o de qualidade \u00e0 popula\u00e7\u00e3o. O sistema ter\u00e1 mais \u00f4nibus, mais hor\u00e1rios, um transporte sustent\u00e1vel e integrado com bicicletas e vans do transporte alternativo.<\/p>\n<p><span class=\"intertitulo\">Modelo<\/span><\/p>\n<p>Ser\u00e3o 400 \u00f4nibus, 100% el\u00e9tricos (divididos em tr\u00eas modelos), com ar-condicionado e outras comodidades, como carregador USB. A contratada far\u00e1 ainda a manuten\u00e7\u00e3o preventiva dos ve\u00edculos. A Urbam ser\u00e1 respons\u00e1vel pela gest\u00e3o do contrato de loca\u00e7\u00e3o.<\/p>\n<p>A licita\u00e7\u00e3o feita pela Urbam \u00e9 somente para os ve\u00edculos. A opera\u00e7\u00e3o e o sistema de carregamento ser\u00e3o definidos pela Prefeitura de S\u00e3o Jos\u00e9 dos Campos em outro edital.<\/p>\n<p>&#13;<br \/>\n                        <strong>MAIS NOT\u00cdCIAS<\/strong><br \/>&#13;<br \/>\n                        Urbam&#13;\n                    <\/p>\n<\/p><\/div>\n","protected":false},"excerpt":{"rendered":"<p>Ana L\u00facia Abranches&#13; &#13; Urbam A licita\u00e7\u00e3o para a loca\u00e7\u00e3o de 400 \u00f4nibus el\u00e9tricos para o transporte p\u00fablico em S\u00e3o Jos\u00e9 dos Campos foi conclu\u00edda com a garantia legal de R$ 20,3 milh\u00f5es (seguro garantia) apresentada pela empresa Green Energy S.A. O contrato foi assinado na tarde desta sexta-feira (7). A\u00a0empresa ter\u00e1 cerca de seis &#8230; <a title=\"S\u00e3o Jos\u00e9 \u00e9 a 1\u00aa cidade do pa\u00eds a ter \u00f4nibus 100% el\u00e9tricos\" class=\"read-more\" href=\"https:\/\/superinteressantes.com.br\/index.php\/2025\/03\/07\/sao-jose-e-a-1a-cidade-do-pais-a-ter-onibus-100-eletricos\/\" aria-label=\"More on S\u00e3o Jos\u00e9 \u00e9 a 1\u00aa cidade do pa\u00eds a ter \u00f4nibus 100% el\u00e9tricos\">Ler mais<\/a><\/p>\n","protected":false},"author":1,"featured_media":0,"comment_status":"","ping_status":"","sticky":false,"template":"","format":"standard","meta":{"footnotes":""},"categories":[1],"tags":[],"class_list":["post-22489","post","type-post","status-publish","format-standard","hentry","category-sem-categoria"],"amp_enabled":true,"_links":{"self":[{"href":"https:\/\/superinteressantes.com.br\/index.php\/wp-json\/wp\/v2\/posts\/22489","targetHints":{"allow":["GET"]}}],"collection":[{"href":"https:\/\/superinteressantes.com.br\/index.php\/wp-json\/wp\/v2\/posts"}],"about":[{"href":"https:\/\/superinteressantes.com.br\/index.php\/wp-json\/wp\/v2\/types\/post"}],"author":[{"embeddable":true,"href":"https:\/\/superinteressantes.com.br\/index.php\/wp-json\/wp\/v2\/users\/1"}],"replies":[{"embeddable":true,"href":"https:\/\/superinteressantes.com.br\/index.php\/wp-json\/wp\/v2\/comments?post=22489"}],"version-history":[{"count":0,"href":"https:\/\/superinteressantes.com.br\/index.php\/wp-json\/wp\/v2\/posts\/22489\/revisions"}],"wp:attachment":[{"href":"https:\/\/superinteressantes.com.br\/index.php\/wp-json\/wp\/v2\/media?parent=22489"}],"wp:term":[{"taxonomy":"category","embeddable":true,"href":"https:\/\/superinteressantes.com.br\/index.php\/wp-json\/wp\/v2\/categories?post=22489"},{"taxonomy":"post_tag","embeddable":true,"href":"https:\/\/superinteressantes.com.br\/index.php\/wp-json\/wp\/v2\/tags?post=22489"}],"curies":[{"name":"wp","href":"https:\/\/api.w.org\/{rel}","templated":true}]}}