{"id":22488,"date":"2025-03-07T17:22:35","date_gmt":"2025-03-07T20:22:35","guid":{"rendered":"https:\/\/superinteressantes.com.br\/index.php\/2025\/03\/07\/semob-jp-define-esquema-de-transito-para-meia-maratona-e-eventos-esportivos-neste-fim-de-semana\/"},"modified":"2025-03-07T17:22:35","modified_gmt":"2025-03-07T20:22:35","slug":"semob-jp-define-esquema-de-transito-para-meia-maratona-e-eventos-esportivos-neste-fim-de-semana","status":"publish","type":"post","link":"https:\/\/superinteressantes.com.br\/index.php\/2025\/03\/07\/semob-jp-define-esquema-de-transito-para-meia-maratona-e-eventos-esportivos-neste-fim-de-semana\/","title":{"rendered":"Semob-JP define esquema de tr\u00e2nsito para meia maratona e eventos esportivos neste fim de semana"},"content":{"rendered":"<p><\/p>\n<div>\n<p>A Superintend\u00eancia Executiva de Mobilidade Urbana (Semob-JP) preparou um esquema de tr\u00e2nsito para atender eventos esportivos que ser\u00e3o realizados neste s\u00e1bado (8) e domingo (9). O objetivo da opera\u00e7\u00e3o \u00e9 garantir a seguran\u00e7a vi\u00e1ria dos participantes e disciplinar o fluxo de ve\u00edculos no entorno dos eventos.<\/p>\n<figure class=\"wp-block-gallery has-nested-images columns-default is-cropped wp-block-gallery-1 is-layout-flex wp-block-gallery-is-layout-flex\">\n<figure class=\"wp-block-image size-large\"><\/figure>\n<figure class=\"wp-block-image size-large\"><\/figure>\n<\/figure>\n<p>Neste s\u00e1bado (8), a partir das 18h30, vai ser realizada uma Motociata com concentra\u00e7\u00e3o no Parque Solon de Lucena, e seguir\u00e1 pelo Centro hist\u00f3rico, avenidas Epit\u00e1cio Pessoa, Cabo Branco, concluindo na Esta\u00e7\u00e3o Cabo Branco \u2013 Ci\u00eancia, Cultura e Arte, no bairro Altiplano.<\/p>\n<figure class=\"wp-block-gallery has-nested-images columns-default is-cropped wp-block-gallery-2 is-layout-flex wp-block-gallery-is-layout-flex\">\n<figure class=\"wp-block-image size-large\"><\/figure>\n<figure class=\"wp-block-image size-large\"><\/figure>\n<\/figure>\n<p>J\u00e1 \u00e0s 20h, vai acontecer a VII Corrida Feminina, evento alusivo ao Dia Internacional da Mulher, com largada e chegada no Parque Horizontal da Esta\u00e7\u00e3o Ci\u00eancia. Percurso saindo na Esta\u00e7\u00e3o Ci\u00eancia seguindo a Av. Jo\u00e3o Cirilo, Rua Aderbal Maia Paiva, Rua Luzinete Formiga, PB-008, Rod. Min. Abelardo Jurema Ara\u00fajo, no per\u00edmetro entre o Posto Federal e a rotat\u00f3ria do Farol.<\/p>\n<p><strong>Meia Maratona Track &amp; Field Run Series<\/strong> \u2013 No domingo (9), a Semob-JP vai apoiar a Meia Maratona Track &amp; Field Run Series com in\u00edcio \u00e0s 5h e dist\u00e2ncias de 5km, 10 km e 21 km. A previs\u00e3o do evento \u00e9 de dois mil atletas. A corrida de 5 km ter\u00e1 largada no Busto de Tamandar\u00e9, seguindo em dire\u00e7\u00e3o ao bairro do Bessa, entrando na Avenida S\u00e3o Gon\u00e7alo e retornando pela Avenida Edson Ramalho. J\u00e1 os de 10 km e 21 km seguem at\u00e9 o bairro de Intermares, em Cabedelo, onde retornar\u00e3o ao Busto de Tamandar\u00e9, finalizando a prova.<\/p>\n<p>\u00c0s 6h, a organiza\u00e7\u00e3o do Dia do Mundial do Rim 2025 vai realizar o 2\u00ba Passeio Cicl\u00edstico do HULW, com previs\u00e3o de t\u00e9rmino \u00e0s 9h30, no estacionamento do Hospital Universit\u00e1rio Lauro Wanderley. O percurso do evento seguir\u00e1 na avenida principal dos Banc\u00e1rios, Trevo das Mangabeiras, Rodovia PB-008, sentido Esta\u00e7\u00e3o Ci\u00eancias, passando pela Orla do Cabo Branco, at\u00e9 o Busto de Tamandar\u00e9. O retorno ser\u00e1 realizado pela Avenida Beira-Rio, bairro Castelo Branco, finalizando no Hospital Universit\u00e1rio, totalizando 22 km. A estimativa \u00e9 de aproximadamente 250 ciclistas.<\/p>\n<\/p><\/div>\n","protected":false},"excerpt":{"rendered":"<p>A Superintend\u00eancia Executiva de Mobilidade Urbana (Semob-JP) preparou um esquema de tr\u00e2nsito para atender eventos esportivos que ser\u00e3o realizados neste s\u00e1bado (8) e domingo (9). O objetivo da opera\u00e7\u00e3o \u00e9 garantir a seguran\u00e7a vi\u00e1ria dos participantes e disciplinar o fluxo de ve\u00edculos no entorno dos eventos. Neste s\u00e1bado (8), a partir das 18h30, vai ser &#8230; <a title=\"Semob-JP define esquema de tr\u00e2nsito para meia maratona e eventos esportivos neste fim de semana\" class=\"read-more\" href=\"https:\/\/superinteressantes.com.br\/index.php\/2025\/03\/07\/semob-jp-define-esquema-de-transito-para-meia-maratona-e-eventos-esportivos-neste-fim-de-semana\/\" aria-label=\"More on Semob-JP define esquema de tr\u00e2nsito para meia maratona e eventos esportivos neste fim de semana\">Ler mais<\/a><\/p>\n","protected":false},"author":1,"featured_media":0,"comment_status":"","ping_status":"","sticky":false,"template":"","format":"standard","meta":{"footnotes":""},"categories":[1],"tags":[],"class_list":["post-22488","post","type-post","status-publish","format-standard","hentry","category-sem-categoria"],"amp_enabled":true,"_links":{"self":[{"href":"https:\/\/superinteressantes.com.br\/index.php\/wp-json\/wp\/v2\/posts\/22488","targetHints":{"allow":["GET"]}}],"collection":[{"href":"https:\/\/superinteressantes.com.br\/index.php\/wp-json\/wp\/v2\/posts"}],"about":[{"href":"https:\/\/superinteressantes.com.br\/index.php\/wp-json\/wp\/v2\/types\/post"}],"author":[{"embeddable":true,"href":"https:\/\/superinteressantes.com.br\/index.php\/wp-json\/wp\/v2\/users\/1"}],"replies":[{"embeddable":true,"href":"https:\/\/superinteressantes.com.br\/index.php\/wp-json\/wp\/v2\/comments?post=22488"}],"version-history":[{"count":0,"href":"https:\/\/superinteressantes.com.br\/index.php\/wp-json\/wp\/v2\/posts\/22488\/revisions"}],"wp:attachment":[{"href":"https:\/\/superinteressantes.com.br\/index.php\/wp-json\/wp\/v2\/media?parent=22488"}],"wp:term":[{"taxonomy":"category","embeddable":true,"href":"https:\/\/superinteressantes.com.br\/index.php\/wp-json\/wp\/v2\/categories?post=22488"},{"taxonomy":"post_tag","embeddable":true,"href":"https:\/\/superinteressantes.com.br\/index.php\/wp-json\/wp\/v2\/tags?post=22488"}],"curies":[{"name":"wp","href":"https:\/\/api.w.org\/{rel}","templated":true}]}}