{"id":22482,"date":"2025-03-07T15:01:56","date_gmt":"2025-03-07T18:01:56","guid":{"rendered":"https:\/\/superinteressantes.com.br\/index.php\/2025\/03\/07\/marco-chegou-com-uma-programacao-especial-para-voce-mulher-de-guaratingueta-prefeitura-estancia-turistica-guaratingueta\/"},"modified":"2025-03-07T15:01:56","modified_gmt":"2025-03-07T18:01:56","slug":"marco-chegou-com-uma-programacao-especial-para-voce-mulher-de-guaratingueta-prefeitura-estancia-turistica-guaratingueta","status":"publish","type":"post","link":"https:\/\/superinteressantes.com.br\/index.php\/2025\/03\/07\/marco-chegou-com-uma-programacao-especial-para-voce-mulher-de-guaratingueta-prefeitura-estancia-turistica-guaratingueta\/","title":{"rendered":"Mar\u00e7o chegou com uma programa\u00e7\u00e3o especial para voc\u00ea, mulher de Guaratinguet\u00e1! \u2013 Prefeitura Est\u00e2ncia Tur\u00edstica Guaratinguet\u00e1"},"content":{"rendered":"<p><\/p>\n<div>\n<p>\u00a0<\/p>\n<p>A Secretaria da Cultura preparou uma agenda cultural incr\u00edvel para celebrar o M\u00eas da Mulher, com eventos pensados especialmente para voc\u00ea!<\/p>\n<p>Fique atenta \u00e0s datas e n\u00e3o perca nenhum detalhe dessa programa\u00e7\u00e3o feita com carinho e dedica\u00e7\u00e3o.<\/p>\n<p>Confira nossa programa\u00e7\u00e3o dessa primeira quinzena e participe!<\/p>\n<p>\u00a0<\/p>\n<\/p><\/div>\n","protected":false},"excerpt":{"rendered":"<p>\u00a0 A Secretaria da Cultura preparou uma agenda cultural incr\u00edvel para celebrar o M\u00eas da Mulher, com eventos pensados especialmente para voc\u00ea! Fique atenta \u00e0s datas e n\u00e3o perca nenhum detalhe dessa programa\u00e7\u00e3o feita com carinho e dedica\u00e7\u00e3o. Confira nossa programa\u00e7\u00e3o dessa primeira quinzena e participe! \u00a0<\/p>\n","protected":false},"author":1,"featured_media":0,"comment_status":"","ping_status":"","sticky":false,"template":"","format":"standard","meta":{"footnotes":""},"categories":[1],"tags":[],"class_list":["post-22482","post","type-post","status-publish","format-standard","hentry","category-sem-categoria"],"amp_enabled":true,"_links":{"self":[{"href":"https:\/\/superinteressantes.com.br\/index.php\/wp-json\/wp\/v2\/posts\/22482","targetHints":{"allow":["GET"]}}],"collection":[{"href":"https:\/\/superinteressantes.com.br\/index.php\/wp-json\/wp\/v2\/posts"}],"about":[{"href":"https:\/\/superinteressantes.com.br\/index.php\/wp-json\/wp\/v2\/types\/post"}],"author":[{"embeddable":true,"href":"https:\/\/superinteressantes.com.br\/index.php\/wp-json\/wp\/v2\/users\/1"}],"replies":[{"embeddable":true,"href":"https:\/\/superinteressantes.com.br\/index.php\/wp-json\/wp\/v2\/comments?post=22482"}],"version-history":[{"count":0,"href":"https:\/\/superinteressantes.com.br\/index.php\/wp-json\/wp\/v2\/posts\/22482\/revisions"}],"wp:attachment":[{"href":"https:\/\/superinteressantes.com.br\/index.php\/wp-json\/wp\/v2\/media?parent=22482"}],"wp:term":[{"taxonomy":"category","embeddable":true,"href":"https:\/\/superinteressantes.com.br\/index.php\/wp-json\/wp\/v2\/categories?post=22482"},{"taxonomy":"post_tag","embeddable":true,"href":"https:\/\/superinteressantes.com.br\/index.php\/wp-json\/wp\/v2\/tags?post=22482"}],"curies":[{"name":"wp","href":"https:\/\/api.w.org\/{rel}","templated":true}]}}