{"id":22467,"date":"2025-03-07T08:09:45","date_gmt":"2025-03-07T11:09:45","guid":{"rendered":"https:\/\/superinteressantes.com.br\/index.php\/2025\/03\/07\/brasil-enfrentara-a-grecia-para-voltar-a-elite-da-copa-davis\/"},"modified":"2025-03-07T08:09:45","modified_gmt":"2025-03-07T11:09:45","slug":"brasil-enfrentara-a-grecia-para-voltar-a-elite-da-copa-davis","status":"publish","type":"post","link":"https:\/\/superinteressantes.com.br\/index.php\/2025\/03\/07\/brasil-enfrentara-a-grecia-para-voltar-a-elite-da-copa-davis\/","title":{"rendered":"Brasil enfrentar\u00e1 a Gr\u00e9cia para voltar \u00e0 elite da Copa Davis"},"content":{"rendered":"<p><\/p>\n<div wp_automatic_readability=\"62.780893042575\">\n<p>A Gr\u00e9cia, pa\u00eds do tenista n\u00famero 9 do mundo Stefanos Tsisipas, ser\u00e1 a advers\u00e1ria da sele\u00e7\u00e3o brasileira no Grupo Mundial I da Copa Davis,\u00a0maior torneio entre na\u00e7\u00f5es do t\u00eanis masculino. A defini\u00e7\u00e3o do rival brasileiro ocorreu nesta quinta-feira (6), ap\u00f3s sorteio realizado pela Federa\u00e7\u00e3o Internacional de T\u00eanis (ITF), em Londres. Quem vencer a disputa do Mundial I, entre os dias 12 e 14 de setembro na Gr\u00e9cia, garantir\u00e1 presen\u00e7a na primeira rodada dos <em>qualifiers<\/em> (fase classificat\u00f3ria) em 2026\u00a0e seguir sonhando com o t\u00edtulo\u00a0da Copa Davis na pr\u00f3xima temporada. \u00a0Al\u00e9m de Brasil e Gr\u00e9cia, a competi\u00e7\u00e3o do Grupo Mundial I ter\u00e1 outros 12 confrontos entre na\u00e7\u00f5es.<\/p>\n<blockquote class=\"twitter-tweet\" wp_automatic_readability=\"14.227272727273\">\n<p dir=\"ltr\" lang=\"pt\" xml:lang=\"pt\">Confronto definido! \ud83c\udde7\ud83c\uddf7\ud83c\uddec\ud83c\uddf7<\/p>\n<p>O Time Brasil BRB enfrenta a Gr\u00e9cia no Grupo Mundial I da Copa Davis. A defini\u00e7\u00e3o aconteceu em sorteio realizado nesta quinta-feira, em Londres, na Inglaterra. As partidas acontecem na Gr\u00e9cia entre os dias 12\/09 e 13\/09 ou 13\/09 e 14\/09.<\/p>\n<p>Vamos Brasil! <a href=\"https:\/\/t.co\/Uu79DXc50m\">pic.twitter.com\/Uu79DXc50m<\/a><\/p>\n<p>\u2014 CBT (@cbtenis) <a href=\"https:\/\/twitter.com\/cbtenis\/status\/1897610741424783428?ref_src=twsrc%5Etfw\">March 6, 2025<\/a><\/p>\n<\/blockquote>\n<p>O Brasil caiu na disputa do Grupo Mundial I por ter sido superado este ano na primeira rodada do <em>qualifiers,<\/em> que assegura vaga na fase principal da Copa Davis. Em fevereiro, a\u00a0sele\u00e7\u00e3o foi derrotada pela Fran\u00e7a (4 a 0), na cidade de Orleans. O Brasil foi representado por Jo\u00e3o Fonseca, Thiago Wild, Marcelo Melo, Rafael Matos e Matheus Pucinelli.<\/p>\n<blockquote wp_automatic_readability=\"25\">\n<p>\u201cMais uma vez, temos que enfrentar um advers\u00e1rio fora de casa, e, infelizmente, o sorteio nos levou para longe de casa novamente. Desta vez, enfrentaremos a Gr\u00e9cia, principalmente com Stefanos Tsitsipas, que \u00e9 o grande nome da equipe. \u00c9 bem prov\u00e1vel que tamb\u00e9m vejamos os irm\u00e3os Tsitsipas, Stefanos e Petros, em a\u00e7\u00e3o. A dificuldade de jogar novamente fora \u00e9 grande, e, como sempre, o sorteio acaba nos colocando em uma situa\u00e7\u00e3o complicada. No entanto, ainda h\u00e1 bastante tempo para nos prepararmos, e estou muito otimista com o desempenho dos nossos jogadores. Vamos encarar esse desafio com toda a determina\u00e7\u00e3o e lutar pela vit\u00f3ria, mesmo longe da nossa torcida\u201d, pontuou Jaime Oncins, capit\u00e3o da sele\u00e7\u00e3o.<\/p>\n<\/blockquote>\n<p>Al\u00e9m de Tsitsipas, que enfrenta o paranaense Thiago Wild (91\u00ba no ranking mundial) na segunda rodada do Masters 1000 de Indian Wells nesta sexta (7), a equipe grega conta tamb\u00e9m com Stefanos Sakellaridis (452\u00b0) e Aristotelis Thanos (595\u00b0), al\u00e9m de Petros Tsitsipas (114\u00ba no ranking mundial de duplas).<\/p>\n<p>J\u00e1 a equipe Brasil dever\u00e1 entrar em quadra com o jovem carioca Jo\u00e3o Fonseca (80\u00ba), rec\u00e9m-campe\u00e3o do ATP 250 de Buenos Aires, e Thiago Wild na chave de simples;\u00a0e com a exitosa parceria do mineiro Marcelo Melo (23\u00ba) com Rafael Matos (38\u00ba) nas duplas.<\/p>\n<p>Brasil e Gr\u00e9cia j\u00e1 se se enfrentaram em 1963 e a sele\u00e7\u00e3o levou a melhor por 3 a 2, com duas vit\u00f3rias de Jos\u00e9-Edison Mandarino e uma de Ronald Barnes.<\/p>\n<\/div>\n<p><script async src=\"\/\/platform.twitter.com\/widgets.js\" charset=\"utf-8\"><\/script><\/p>\n","protected":false},"excerpt":{"rendered":"<p>A Gr\u00e9cia, pa\u00eds do tenista n\u00famero 9 do mundo Stefanos Tsisipas, ser\u00e1 a advers\u00e1ria da sele\u00e7\u00e3o brasileira no Grupo Mundial I da Copa Davis,\u00a0maior torneio entre na\u00e7\u00f5es do t\u00eanis masculino. A defini\u00e7\u00e3o do rival brasileiro ocorreu nesta quinta-feira (6), ap\u00f3s sorteio realizado pela Federa\u00e7\u00e3o Internacional de T\u00eanis (ITF), em Londres. Quem vencer a disputa do &#8230; <a title=\"Brasil enfrentar\u00e1 a Gr\u00e9cia para voltar \u00e0 elite da Copa Davis\" class=\"read-more\" href=\"https:\/\/superinteressantes.com.br\/index.php\/2025\/03\/07\/brasil-enfrentara-a-grecia-para-voltar-a-elite-da-copa-davis\/\" aria-label=\"More on Brasil enfrentar\u00e1 a Gr\u00e9cia para voltar \u00e0 elite da Copa Davis\">Ler mais<\/a><\/p>\n","protected":false},"author":3,"featured_media":0,"comment_status":"","ping_status":"","sticky":false,"template":"","format":"standard","meta":{"footnotes":""},"categories":[1],"tags":[],"class_list":["post-22467","post","type-post","status-publish","format-standard","hentry","category-sem-categoria"],"amp_enabled":true,"_links":{"self":[{"href":"https:\/\/superinteressantes.com.br\/index.php\/wp-json\/wp\/v2\/posts\/22467","targetHints":{"allow":["GET"]}}],"collection":[{"href":"https:\/\/superinteressantes.com.br\/index.php\/wp-json\/wp\/v2\/posts"}],"about":[{"href":"https:\/\/superinteressantes.com.br\/index.php\/wp-json\/wp\/v2\/types\/post"}],"author":[{"embeddable":true,"href":"https:\/\/superinteressantes.com.br\/index.php\/wp-json\/wp\/v2\/users\/3"}],"replies":[{"embeddable":true,"href":"https:\/\/superinteressantes.com.br\/index.php\/wp-json\/wp\/v2\/comments?post=22467"}],"version-history":[{"count":0,"href":"https:\/\/superinteressantes.com.br\/index.php\/wp-json\/wp\/v2\/posts\/22467\/revisions"}],"wp:attachment":[{"href":"https:\/\/superinteressantes.com.br\/index.php\/wp-json\/wp\/v2\/media?parent=22467"}],"wp:term":[{"taxonomy":"category","embeddable":true,"href":"https:\/\/superinteressantes.com.br\/index.php\/wp-json\/wp\/v2\/categories?post=22467"},{"taxonomy":"post_tag","embeddable":true,"href":"https:\/\/superinteressantes.com.br\/index.php\/wp-json\/wp\/v2\/tags?post=22467"}],"curies":[{"name":"wp","href":"https:\/\/api.w.org\/{rel}","templated":true}]}}