{"id":22448,"date":"2025-03-06T23:19:37","date_gmt":"2025-03-07T02:19:37","guid":{"rendered":"https:\/\/superinteressantes.com.br\/index.php\/2025\/03\/06\/prefeitura-vai-padronizar-ambulantes-da-orla-maritima-e-oferecer-cursos-de-qualificacao\/"},"modified":"2025-03-06T23:19:37","modified_gmt":"2025-03-07T02:19:37","slug":"prefeitura-vai-padronizar-ambulantes-da-orla-maritima-e-oferecer-cursos-de-qualificacao","status":"publish","type":"post","link":"https:\/\/superinteressantes.com.br\/index.php\/2025\/03\/06\/prefeitura-vai-padronizar-ambulantes-da-orla-maritima-e-oferecer-cursos-de-qualificacao\/","title":{"rendered":"Prefeitura vai padronizar ambulantes da orla mar\u00edtima e oferecer cursos de qualifica\u00e7\u00e3o"},"content":{"rendered":"<p><\/p>\n<div>\n<h5 class=\"text-primary\">Fortalecimento do turismo<\/h5>\n<p>                        <!-- Mostra o t&iacute;tulo como um link para o link permanente do post --><\/p>\n<h2 class=\"mb-3\">Prefeitura vai padronizar ambulantes da orla mar\u00edtima e oferecer cursos de qualifica\u00e7\u00e3o<\/h2>\n<p class=\"text-secondary font-italic mb-3 p-0\">&#13;<br \/>\n                            <i class=\"fa fa-calendar\"\/> 06\/03\/2025 | &#13;<br \/>\n                            <i class=\"fa fa-clock-o\"\/> 19:00 |&#13;<br \/>\n                            <i class=\"fa fa-eye\"\/> 164                        <\/p>\n<p>                        <!-- Mostra o conte&uacute;do do post em uma DIV --><\/p>\n<div class=\"\">\n<p>A Secretaria de Turismo de Jo\u00e3o Pessoa (Setur-JP) investir\u00e1 na qualifica\u00e7\u00e3o da presta\u00e7\u00e3o dos servi\u00e7os dos ambulantes cadastrados pela Prefeitura, abrindo a oportunidade deles participarem de cursos preparat\u00f3rios para o Turismo. Outra medida ser\u00e1 a padroniza\u00e7\u00e3o dos trabalhadores que atuam na orla mar\u00edtima, que receber\u00e3o camisas e bon\u00e9s, al\u00e9m de protetor solar, uma importante prote\u00e7\u00e3o para aqueles que exercem suas atividades ao ar livre.<\/p>\n<figure class=\"wp-block-image size-full\"><\/figure>\n<p>Nesta quinta-feira (6), o secret\u00e1rio de Turismo Vitor Hugo recebeu, em seu gabinete, a presidente da Associa\u00e7\u00e3o dos Ambulantes e Trabalhadores em Geral da Para\u00edba, M\u00e1rcia Medeiros, que estava acompanhada de alguns representantes da categoria, para alinhar essas iniciativas que dever\u00e3o transformar e fortalecer o Turismo na Capital paraibana.<\/p>\n<p>De acordo com Vitor Hugo, a qualifica\u00e7\u00e3o dos servi\u00e7os e a padroniza\u00e7\u00e3o dos profissionais que atuam no com\u00e9rcio ambulante na orla dar\u00e3o maior seguran\u00e7a aos consumidores \u2013 turistas e a pr\u00f3pria popula\u00e7\u00e3o local \u2013 no relacionamento comercial, assim como maior qualidade no servi\u00e7o prestado. \u201cA padroniza\u00e7\u00e3o desses profissionais indica que todos s\u00e3o cadastrados, legalizados e autorizados a exercer suas atividades\u201d, apontou o secret\u00e1rio.<\/p>\n<p>Ainda conforme Vitor Hugo, o prefeito C\u00edcero Lucena tem priorizado as a\u00e7\u00f5es para tornar as atividades ligadas ao Turismo mais seguras e com o m\u00e1ximo de qualidade, principalmente, procurando valorizar e dar dignidade aos trabalhadores. \u201cA padroniza\u00e7\u00e3o desses profissionais e a qualifica\u00e7\u00e3o para aprimorar o atendimento far\u00e3o um grande diferencial\u201d, enfatizou.<\/p>\n<\/p><\/div>\n<\/p><\/div>\n","protected":false},"excerpt":{"rendered":"<p>Fortalecimento do turismo Prefeitura vai padronizar ambulantes da orla mar\u00edtima e oferecer cursos de qualifica\u00e7\u00e3o &#13; 06\/03\/2025 | &#13; 19:00 |&#13; 164 A Secretaria de Turismo de Jo\u00e3o Pessoa (Setur-JP) investir\u00e1 na qualifica\u00e7\u00e3o da presta\u00e7\u00e3o dos servi\u00e7os dos ambulantes cadastrados pela Prefeitura, abrindo a oportunidade deles participarem de cursos preparat\u00f3rios para o Turismo. Outra medida &#8230; <a title=\"Prefeitura vai padronizar ambulantes da orla mar\u00edtima e oferecer cursos de qualifica\u00e7\u00e3o\" class=\"read-more\" href=\"https:\/\/superinteressantes.com.br\/index.php\/2025\/03\/06\/prefeitura-vai-padronizar-ambulantes-da-orla-maritima-e-oferecer-cursos-de-qualificacao\/\" aria-label=\"More on Prefeitura vai padronizar ambulantes da orla mar\u00edtima e oferecer cursos de qualifica\u00e7\u00e3o\">Ler mais<\/a><\/p>\n","protected":false},"author":1,"featured_media":0,"comment_status":"","ping_status":"","sticky":false,"template":"","format":"standard","meta":{"footnotes":""},"categories":[1],"tags":[],"class_list":["post-22448","post","type-post","status-publish","format-standard","hentry","category-sem-categoria"],"amp_enabled":true,"_links":{"self":[{"href":"https:\/\/superinteressantes.com.br\/index.php\/wp-json\/wp\/v2\/posts\/22448","targetHints":{"allow":["GET"]}}],"collection":[{"href":"https:\/\/superinteressantes.com.br\/index.php\/wp-json\/wp\/v2\/posts"}],"about":[{"href":"https:\/\/superinteressantes.com.br\/index.php\/wp-json\/wp\/v2\/types\/post"}],"author":[{"embeddable":true,"href":"https:\/\/superinteressantes.com.br\/index.php\/wp-json\/wp\/v2\/users\/1"}],"replies":[{"embeddable":true,"href":"https:\/\/superinteressantes.com.br\/index.php\/wp-json\/wp\/v2\/comments?post=22448"}],"version-history":[{"count":0,"href":"https:\/\/superinteressantes.com.br\/index.php\/wp-json\/wp\/v2\/posts\/22448\/revisions"}],"wp:attachment":[{"href":"https:\/\/superinteressantes.com.br\/index.php\/wp-json\/wp\/v2\/media?parent=22448"}],"wp:term":[{"taxonomy":"category","embeddable":true,"href":"https:\/\/superinteressantes.com.br\/index.php\/wp-json\/wp\/v2\/categories?post=22448"},{"taxonomy":"post_tag","embeddable":true,"href":"https:\/\/superinteressantes.com.br\/index.php\/wp-json\/wp\/v2\/tags?post=22448"}],"curies":[{"name":"wp","href":"https:\/\/api.w.org\/{rel}","templated":true}]}}