{"id":22442,"date":"2025-03-06T20:10:36","date_gmt":"2025-03-06T23:10:36","guid":{"rendered":"https:\/\/superinteressantes.com.br\/index.php\/2025\/03\/06\/cet-rio-divulga-esquema-de-transito-no-entorno-do-sambodromo-para-o-desfile-das-campeas-prefeitura-da-cidade-do-rio-de-janeiro\/"},"modified":"2025-03-06T20:10:36","modified_gmt":"2025-03-06T23:10:36","slug":"cet-rio-divulga-esquema-de-transito-no-entorno-do-sambodromo-para-o-desfile-das-campeas-prefeitura-da-cidade-do-rio-de-janeiro","status":"publish","type":"post","link":"https:\/\/superinteressantes.com.br\/index.php\/2025\/03\/06\/cet-rio-divulga-esquema-de-transito-no-entorno-do-sambodromo-para-o-desfile-das-campeas-prefeitura-da-cidade-do-rio-de-janeiro\/","title":{"rendered":"CET-Rio divulga esquema de tr\u00e2nsito no entorno do Samb\u00f3dromo para o Desfile das Campe\u00e3s &#8211; Prefeitura da Cidade do Rio de Janeiro"},"content":{"rendered":"<p><\/p>\n<div wp_automatic_readability=\"114.42738043001\">\n<div class=\"image-post\" wp_automatic_readability=\"34\">\n                     \u00c0s 15h, haver\u00e1 o bloqueio dos principais acessos \u00e0 Avenida Presidente Vargas. Arte: Divulga\u00e7\u00e3o\/CET-Rio                  <\/div>\n<p>A partir das 2h de s\u00e1bado (08\/03), ocorrer\u00e1 a libera\u00e7\u00e3o da pista lateral da Avenida Presidente Vargas, sentido Candel\u00e1ria. J\u00e1 o entorno do Samb\u00f3dromo ter\u00e1 as interdi\u00e7\u00f5es mantidas para o posicionamento dos carros aleg\u00f3ricos para prepara\u00e7\u00e3o do Desfile das Campe\u00e3s, como por exemplo, Rua Benedito Hip\u00f3lito, Rua Presidente Barroso, Rua J\u00falio do Carmo e Travessa Pedregais.<\/p>\n<p>\u00c0s 15h, haver\u00e1 o bloqueio dos principais acessos \u00e0 Avenida Presidente Vargas pela Avenida Francisco Bicalho, pelo Viaduto Freyssinet (viaduto Paulo de Frontin) e pela Pra\u00e7a da Bandeira. Ser\u00e1 efetuado, tamb\u00e9m, o desvio do fluxo de ve\u00edculos da Avenida Paulo de Frontin para a Rua Aristides Lobo, assim como, ampliada a \u00e1rea de interdi\u00e7\u00e3o no entorno do Samb\u00f3dromo com a restri\u00e7\u00e3o do tr\u00e1fego pela Avenida Salvador de S\u00e1, Rua H\u00e9lio Beltr\u00e3o, Rua de Santana, Rua Marqu\u00eas de Pombal e em diversas outras vias da Cidade Nova.<\/p>\n<p>\u00c0s 17h30 , ocorrer\u00e1 a \u00faltima etapa de interdi\u00e7\u00f5es, com a restri\u00e7\u00e3o do fluxo de ve\u00edculos na Rua Frei Caneca, Viaduto Trinta e Um de Mar\u00e7o, sentido Laranjeiras, vias do Catumbi e vias pr\u00f3ximas \u00e0 Pra\u00e7a da Rep\u00fablica.<\/p>\n<p>A estimativa \u00e9 que todos os bloqueios sejam mantidos at\u00e9 ao meio-dia de domingo (09\/03), quando todas as vias ser\u00e3o liberadas.<\/p>\n<p>Nos dias de Carnaval, durante as interven\u00e7\u00f5es no tr\u00e2nsito para os desfiles no Samb\u00f3dromo, a \u00c1rea de Lazer da Pra\u00e7a da Cruz Vermelha e o estacionamento da Avenida Presidente Vargas para o com\u00e9rcio da Saara, estar\u00e3o suspensos.<\/p>\n<p><strong>ALTERNATIVAS DE CIRCULA\u00c7\u00c3O NO PER\u00cdODO DO CARNAVAL<\/strong><\/p>\n<p>Os ve\u00edculos vindos da Avenida Francisco Bicalho, sentido Centro, dever\u00e3o seguir pela Avenida Paulo de Frontin, Pra\u00e7a Condessa Paulo de Frontin, Rua Estrela e Rua Itapiru at\u00e9 o acesso ao T\u00fanel Martim de S\u00e1.<\/p>\n<p>Os ve\u00edculos vindos da Pra\u00e7a da Bandeira, sentido Centro, dever\u00e3o acessar a Rua do Matoso, Rua Haddock Lobo, Avenida Paulo de Frontin, Rua Estrela, Rua Itapiru e, sob a sa\u00edda do T\u00fanel Santa B\u00e1rbara, seguir pelo T\u00fanel Martim de S\u00e1 at\u00e9 a Rua Riachuelo.<\/p>\n<p>Os ve\u00edculos vindos da Avenida Brasil e da Ponte Rio-Niter\u00f3i, com destino ao Centro e Zona Sul, dever\u00e3o utilizar o T\u00fanel Marcello Alencar, exceto durante as madrugadas quando houver deslocamento dos carros aleg\u00f3ricos.<\/p>\n<p>Os ve\u00edculos vindos da Pra\u00e7a da Bandeira, sentido Centro ou Botafogo, pelo T\u00fanel Santa B\u00e1rbara, dever\u00e3o seguir a Rua do Matoso, Rua Haddock Lobo, Avenida Paulo de Frontin, Pra\u00e7a Condessa Paulo de Frontin, Rua Estrela, Rua Itapiru, Rua Dr. Agra e T\u00fanel Martim de S\u00e1, para o Centro. Para Botafogo, dever\u00e3o seguir o mesmo trajeto at\u00e9 a Rua Dr. Agra e pegar o retorno para o acesso ao T\u00fanel Santa B\u00e1rbara.<\/p>\n<p><strong>\u00c9 RECOMENDADO O USO DO TRANSPORTE P\u00daBLICO COLETIVO, DE PREFER\u00caNCIA TREM OU METR\u00d4, NOS ACESSOS AO CENTRO E AO SAMB\u00d3DROMO, DEVIDO AO GRANDE N\u00daMERO DE INTERDI\u00c7\u00d5ES DE VIAS NESTES DIAS, TANTO PARA A REALIZA\u00c7\u00c3O DOS DESFILES, QUANTO EM DECORR\u00caNCIA DO DESLOCAMENTO DOS CARROS ALEG\u00d3RICOS.<\/strong><\/p>\n<p><strong>PROIBI\u00c7\u00c3O DO ESTACIONAMENTO<\/strong><\/p>\n<p>Para preservar a circula\u00e7\u00e3o de sa\u00edda dos carros aleg\u00f3ricos e pedestres, al\u00e9m dos locais onde j\u00e1 existe regulamenta\u00e7\u00e3o de proibi\u00e7\u00e3o, o estacionamento no entorno do Samb\u00f3dromo estar\u00e1 das 6h de s\u00e1bado, 08\/03 at\u00e9 \u00e0s 12h de domingo, 09\/03, nas vias internas aos bloqueios e nas principais ruas e avenidas da regi\u00e3o central.<\/p>\n<p><strong>COMO CHEGAR AO SAMB\u00d3DROMO:<\/strong><\/p>\n<p><strong>\u2013 METR\u00d4<\/strong><br \/>O p\u00fablico destinado ao setor par poder\u00e1 utilizar as esta\u00e7\u00f5es Cidade Nova, Est\u00e1cio e Pra\u00e7a Onze e aqueles destinados ao setor \u00edmpar dever\u00e3o utilizar a esta\u00e7\u00e3o Central do Brasil.<\/p>\n<p><strong>\u2013 TREM<\/strong><br \/>Dever\u00e3o utilizar a esta\u00e7\u00e3o Central do Brasil.<\/p>\n<p><strong>\u2013 \u00d4NIBUS DE LINHAS REGULARES<\/strong><br \/>Mais de 50 linhas passam pela \u00e1rea do evento, vindo de diversas regi\u00f5es da cidade.<\/p>\n<p>             <!-- Compartilhe ---><\/p>\n<p>\t\t\t <!-- TAGS --><\/p>\n<section class=\"category-tags\">\n<div class=\"marcacao-category\">\n<article class=\"category-post\">\n<p>Categoria: <\/p>\n<\/article>\n<li>6 de mar\u00e7o de 2025<\/li><\/div>\n<article class=\"tags\">\n\t\t\t\t\tMarca\u00e7\u00f5es: Carnaval 2025 Desfile das Campe\u00e3s interdi\u00e7\u00e3o de rua Samb\u00f3dromo tr\u00e2nsito<br \/><\/article>\n<\/section>\n<p>            <!-- Mais Not&iacute;cias --><\/p>\n<p>\t\t<!-- Conte&uacute;do SIDEBAR --><\/p><\/div>\n","protected":false},"excerpt":{"rendered":"<p>\u00c0s 15h, haver\u00e1 o bloqueio dos principais acessos \u00e0 Avenida Presidente Vargas. Arte: Divulga\u00e7\u00e3o\/CET-Rio A partir das 2h de s\u00e1bado (08\/03), ocorrer\u00e1 a libera\u00e7\u00e3o da pista lateral da Avenida Presidente Vargas, sentido Candel\u00e1ria. J\u00e1 o entorno do Samb\u00f3dromo ter\u00e1 as interdi\u00e7\u00f5es mantidas para o posicionamento dos carros aleg\u00f3ricos para prepara\u00e7\u00e3o do Desfile das Campe\u00e3s, como &#8230; <a title=\"CET-Rio divulga esquema de tr\u00e2nsito no entorno do Samb\u00f3dromo para o Desfile das Campe\u00e3s &#8211; Prefeitura da Cidade do Rio de Janeiro\" class=\"read-more\" href=\"https:\/\/superinteressantes.com.br\/index.php\/2025\/03\/06\/cet-rio-divulga-esquema-de-transito-no-entorno-do-sambodromo-para-o-desfile-das-campeas-prefeitura-da-cidade-do-rio-de-janeiro\/\" aria-label=\"More on CET-Rio divulga esquema de tr\u00e2nsito no entorno do Samb\u00f3dromo para o Desfile das Campe\u00e3s &#8211; Prefeitura da Cidade do Rio de Janeiro\">Ler mais<\/a><\/p>\n","protected":false},"author":1,"featured_media":0,"comment_status":"","ping_status":"","sticky":false,"template":"","format":"standard","meta":{"footnotes":""},"categories":[1],"tags":[],"class_list":["post-22442","post","type-post","status-publish","format-standard","hentry","category-sem-categoria"],"amp_enabled":true,"_links":{"self":[{"href":"https:\/\/superinteressantes.com.br\/index.php\/wp-json\/wp\/v2\/posts\/22442","targetHints":{"allow":["GET"]}}],"collection":[{"href":"https:\/\/superinteressantes.com.br\/index.php\/wp-json\/wp\/v2\/posts"}],"about":[{"href":"https:\/\/superinteressantes.com.br\/index.php\/wp-json\/wp\/v2\/types\/post"}],"author":[{"embeddable":true,"href":"https:\/\/superinteressantes.com.br\/index.php\/wp-json\/wp\/v2\/users\/1"}],"replies":[{"embeddable":true,"href":"https:\/\/superinteressantes.com.br\/index.php\/wp-json\/wp\/v2\/comments?post=22442"}],"version-history":[{"count":0,"href":"https:\/\/superinteressantes.com.br\/index.php\/wp-json\/wp\/v2\/posts\/22442\/revisions"}],"wp:attachment":[{"href":"https:\/\/superinteressantes.com.br\/index.php\/wp-json\/wp\/v2\/media?parent=22442"}],"wp:term":[{"taxonomy":"category","embeddable":true,"href":"https:\/\/superinteressantes.com.br\/index.php\/wp-json\/wp\/v2\/categories?post=22442"},{"taxonomy":"post_tag","embeddable":true,"href":"https:\/\/superinteressantes.com.br\/index.php\/wp-json\/wp\/v2\/tags?post=22442"}],"curies":[{"name":"wp","href":"https:\/\/api.w.org\/{rel}","templated":true}]}}