{"id":22439,"date":"2025-03-06T18:57:54","date_gmt":"2025-03-06T21:57:54","guid":{"rendered":"https:\/\/superinteressantes.com.br\/index.php\/2025\/03\/06\/caso-vitoria-policia-identifica-novo-investigado-que-desapareceu-apos-o-crime-motivacao-e-revelada\/"},"modified":"2025-03-06T18:57:54","modified_gmt":"2025-03-06T21:57:54","slug":"caso-vitoria-policia-identifica-novo-investigado-que-desapareceu-apos-o-crime-motivacao-e-revelada","status":"publish","type":"post","link":"https:\/\/superinteressantes.com.br\/index.php\/2025\/03\/06\/caso-vitoria-policia-identifica-novo-investigado-que-desapareceu-apos-o-crime-motivacao-e-revelada\/","title":{"rendered":"Caso Vit\u00f3ria, Pol\u00edcia Identifica Novo Investigado que Desapareceu Ap\u00f3s o Crime, Motiva\u00e7\u00e3o \u00e9 revelada"},"content":{"rendered":"<p> Por MRNews<br \/>\n<\/p>\n<div wp_automatic_readability=\"151.65650803183\">\n<p><strong>Caso Vit\u00f3ria: Pol\u00edcia Identifica Novo Investigado que \u2018Desapareceu\u2019 Ap\u00f3s o Crime<\/strong><\/p>\n<p>A investiga\u00e7\u00e3o sobre o assassinato de <strong>Vit\u00f3ria Regina Sousa<\/strong>, de 17 anos, encontrada morta em Cajamar, na Grande S\u00e3o Paulo, teve um novo desdobramento. A <strong>Pol\u00edcia Civil identificou um novo investigado<\/strong>, um homem que morava perto da casa da v\u00edtima e que sumiu da regi\u00e3o no mesmo dia do crime.<\/p>\n<p>A Justi\u00e7a, no entanto, <strong>negou o pedido de pris\u00e3o tempor\u00e1ria do ex-namorado da adolescente<\/strong>, alegando que, por ora, n\u00e3o h\u00e1 ind\u00edcios suficientes para comprovar a autoria do crime. As autoridades seguem aprofundando as investiga\u00e7\u00f5es para esclarecer o caso.<\/p>\n<hr\/>\n<h2>Motiva\u00e7\u00e3o<\/h2>\n<p>A pol\u00edcia j\u00e1 possui fortes ind\u00edcios de que o assassinato de Vit\u00f3ria Regina Sousa tem motiva\u00e7\u00f5es de vingan\u00e7a, conforme revelado pela situa\u00e7\u00e3o do corpo da v\u00edtima. O delegado Aldo Galiano afirmou que, devido \u00e0s marcas de viol\u00eancia e outros elementos encontrados na cena do crime, \u00e9 poss\u00edvel concluir que o crime n\u00e3o foi aleat\u00f3rio, mas sim premeditado, provavelmente relacionado a uma disputa ou revide pessoal. A hip\u00f3tese de vingan\u00e7a \u00e9 refor\u00e7ada tamb\u00e9m pela possibilidade de envolvimento de uma organiza\u00e7\u00e3o criminosa, que pode ter motivado a execu\u00e7\u00e3o do crime.<\/p>\n<h2><strong>Novo Investigado no Caso Vit\u00f3ria<\/strong><\/h2>\n<p>Segundo o delegado <strong>Aldo Galiano<\/strong>, que conduz a investiga\u00e7\u00e3o, o novo suspeito desapareceu no dia do crime e j\u00e1 foi alvo de v\u00e1rias pistas. Ele tamb\u00e9m teria <strong>emprestado um carro ao ex-namorado da v\u00edtima<\/strong>, ve\u00edculo que, de acordo com a investiga\u00e7\u00e3o, <strong>passou pelo local onde Vit\u00f3ria foi encontrada morta<\/strong>.<\/p>\n<p>Al\u00e9m desse novo investigado, outras <strong>14 pessoas foram ouvidas<\/strong>, sendo <strong>sete tratadas como investigadas<\/strong>. Entre elas est\u00e3o:<\/p>\n<ul>\n<li>O ex-namorado da v\u00edtima<\/li>\n<li>Um \u201cficante\u201d da adolescente<\/li>\n<li>Dois homens que pegaram o mesmo \u00f4nibus que Vit\u00f3ria<\/li>\n<li>Dois indiv\u00edduos que importunaram a jovem ap\u00f3s ela descer do \u00f4nibus<\/li>\n<\/ul>\n<hr\/>\n<h2><strong>Justi\u00e7a Nega Pedido de Pris\u00e3o do Ex-Namorado<\/strong><\/h2>\n<p>A Pol\u00edcia Civil solicitou a pris\u00e3o do ex-namorado da v\u00edtima, mas a Justi\u00e7a negou o pedido. O juiz <strong>Marcelo Henrique Mariano<\/strong> alegou que <strong>n\u00e3o h\u00e1 provas suficientes<\/strong> para prender o jovem neste momento.<\/p>\n<p>Apesar disso, a pol\u00edcia segue investigando o envolvimento do ex-namorado, pois h\u00e1 suspeitas de que <strong>ele sabia do crime, mesmo que n\u00e3o tenha participado diretamente<\/strong>. As diverg\u00eancias em seu depoimento refor\u00e7am a necessidade de novas apura\u00e7\u00f5es.<\/p>\n<p>O corpo da jovem foi encontrado em uma \u00e1rea de mata com <strong>marcas de viol\u00eancia, cabelo raspado e sem roupas<\/strong>. A per\u00edcia apontou que Vit\u00f3ria foi morta com uma <strong>facada no t\u00f3rax<\/strong>.<\/p>\n<hr\/>\n<h2><strong>Crime Pode Ter Liga\u00e7\u00e3o com Organiza\u00e7\u00e3o Criminosa<\/strong><\/h2>\n<p>De acordo com o delegado, <strong>Vit\u00f3ria foi assassinada por vingan\u00e7a<\/strong>, e h\u00e1 ind\u00edcios de envolvimento de uma organiza\u00e7\u00e3o criminosa no caso.<\/p>\n<p>Al\u00e9m disso, imagens de c\u00e2meras de seguran\u00e7a mostram que a adolescente <strong>foi seguida por dois homens ao sair do shopping onde trabalhava<\/strong>. Um deles embarcou no mesmo \u00f4nibus que ela, aumentando as suspeitas sobre seu envolvimento.<\/p>\n<hr\/>\n<h2><strong>\u00c1udios de Vit\u00f3ria Antes do Desaparecimento<\/strong><\/h2>\n<p>Momentos antes de desaparecer, Vit\u00f3ria enviou mensagens de \u00e1udio para uma amiga relatando que <strong>foi seguida e assediada por homens em um carro<\/strong>. Nos \u00e1udios, ela demonstrava medo e dizia que ficava paralisada diante de situa\u00e7\u00f5es de perigo.<\/p>\n<p>Ela tamb\u00e9m mencionou que dois homens estavam no ponto de \u00f4nibus ao seu lado e que um deles entrou no mesmo \u00f4nibus que ela. Essa foi a \u00faltima comunica\u00e7\u00e3o da jovem antes de desaparecer.<\/p>\n<hr\/>\n<h2><strong>Prefeitura de Cajamar Lamenta a Morte da Adolescente<\/strong><\/h2>\n<p>A Prefeitura de Cajamar emitiu uma nota oficial expressando pesar pela morte de Vit\u00f3ria e decretou <strong>tr\u00eas dias de luto oficial<\/strong>. A administra\u00e7\u00e3o municipal afirmou que seguir\u00e1 acompanhando o caso e prestando suporte \u00e0 fam\u00edlia da v\u00edtima.<\/p>\n<hr\/>\n<h2><strong>Conclus\u00e3o<\/strong><\/h2>\n<p>O caso Vit\u00f3ria segue sob investiga\u00e7\u00e3o, com novas pistas sendo analisadas pela Pol\u00edcia Civil. A identifica\u00e7\u00e3o de um novo suspeito que desapareceu ap\u00f3s o crime <strong>pode ser decisiva para solucionar o caso<\/strong>. Enquanto isso, a Justi\u00e7a mant\u00e9m a cautela e n\u00e3o autorizou a pris\u00e3o do ex-namorado, exigindo mais provas antes de qualquer medida mais severa.<\/p>\n<p>A sociedade aguarda respostas, e a press\u00e3o para que o crime seja solucionado cresce. A investiga\u00e7\u00e3o continua, e novas revela\u00e7\u00f5es podem surgir a qualquer momento.<\/p>\n<p><strong>Caso Vit\u00f3ria: Ex-Namorado Se Entrega \u00e0 Pol\u00edcia ap\u00f3s Morte da Jovem em Cajamar<\/strong><\/p>\n<p>A jovem Vit\u00f3ria Regina de Sousa, de 17 anos, desapareceu no dia 26 de fevereiro de 2025, depois de sair do trabalho em um shopping na <a href=\"https:\/\/abcdmaior.com.br\">Grande S\u00e3o Paulo<\/a>. Seu corpo foi encontrado uma semana depois, em uma \u00e1rea rural de Cajamar, com sinais de viol\u00eancia e em estado avan\u00e7ado de decomposi\u00e7\u00e3o. O caso gerou grande como\u00e7\u00e3o, especialmente ap\u00f3s a divulga\u00e7\u00e3o de \u00e1udios em que Vit\u00f3ria relatava medo de ser seguida por um carro com quatro homens, antes de desaparecer.<\/p>\n<p>Na tarde de quinta-feira, 6 de mar\u00e7o, o ex-namorado da v\u00edtima se entregou \u00e0 pol\u00edcia na Delegacia de <a href=\"https:\/\/correiodelins.com.br\">Cajamar<\/a>. A pris\u00e3o tempor\u00e1ria do rapaz havia sido decretada pelo Tribunal de Justi\u00e7a de S\u00e3o Paulo. O ex-namorado foi at\u00e9 a delegacia para prestar esclarecimentos e acabou sendo preso. A investiga\u00e7\u00e3o agora foca na poss\u00edvel rela\u00e7\u00e3o do crime com o Primeiro Comando da Capital (PCC), j\u00e1 que alguns dos ferimentos encontrados no corpo de Vit\u00f3ria podem ter sido causados por membros do crime organizado.<\/p>\n<p>Testemunhas afirmaram ter visto um ve\u00edculo suspeito na regi\u00e3o onde Vit\u00f3ria morava, e ela mesma relatou seu medo em \u00e1udios enviados para uma amiga. Al\u00e9m disso, a pol\u00edcia investiga um poss\u00edvel envolvimento do ex-namorado com o crime organizado.<\/p>\n<p><strong>Resumo:<\/strong> Vit\u00f3ria Regina de Sousa, uma jovem de 17 anos, desapareceu ap\u00f3s sair do trabalho em fevereiro de 2025, e seu corpo foi encontrado uma semana depois, em Cajamar, com sinais de viol\u00eancia. O ex-namorado se entregou \u00e0 pol\u00edcia ap\u00f3s a decreta\u00e7\u00e3o de sua pris\u00e3o tempor\u00e1ria. A investiga\u00e7\u00e3o aponta para uma poss\u00edvel conex\u00e3o com o crime organizado, como o PCC. O caso continua sendo investigado pelas autoridades.<\/p>\n<p><!-- CONTENT END 2 --><\/p><\/div>\n","protected":false},"excerpt":{"rendered":"<p>Por MRNews Caso Vit\u00f3ria: Pol\u00edcia Identifica Novo Investigado que \u2018Desapareceu\u2019 Ap\u00f3s o Crime A investiga\u00e7\u00e3o sobre o assassinato de Vit\u00f3ria Regina Sousa, de 17 anos, encontrada morta em Cajamar, na Grande S\u00e3o Paulo, teve um novo desdobramento. A Pol\u00edcia Civil identificou um novo investigado, um homem que morava perto da casa da v\u00edtima e que &#8230; <a title=\"Caso Vit\u00f3ria, Pol\u00edcia Identifica Novo Investigado que Desapareceu Ap\u00f3s o Crime, Motiva\u00e7\u00e3o \u00e9 revelada\" class=\"read-more\" href=\"https:\/\/superinteressantes.com.br\/index.php\/2025\/03\/06\/caso-vitoria-policia-identifica-novo-investigado-que-desapareceu-apos-o-crime-motivacao-e-revelada\/\" aria-label=\"More on Caso Vit\u00f3ria, Pol\u00edcia Identifica Novo Investigado que Desapareceu Ap\u00f3s o Crime, Motiva\u00e7\u00e3o \u00e9 revelada\">Ler mais<\/a><\/p>\n","protected":false},"author":3,"featured_media":0,"comment_status":"","ping_status":"","sticky":false,"template":"","format":"standard","meta":{"footnotes":""},"categories":[1],"tags":[],"class_list":["post-22439","post","type-post","status-publish","format-standard","hentry","category-sem-categoria"],"amp_enabled":true,"_links":{"self":[{"href":"https:\/\/superinteressantes.com.br\/index.php\/wp-json\/wp\/v2\/posts\/22439","targetHints":{"allow":["GET"]}}],"collection":[{"href":"https:\/\/superinteressantes.com.br\/index.php\/wp-json\/wp\/v2\/posts"}],"about":[{"href":"https:\/\/superinteressantes.com.br\/index.php\/wp-json\/wp\/v2\/types\/post"}],"author":[{"embeddable":true,"href":"https:\/\/superinteressantes.com.br\/index.php\/wp-json\/wp\/v2\/users\/3"}],"replies":[{"embeddable":true,"href":"https:\/\/superinteressantes.com.br\/index.php\/wp-json\/wp\/v2\/comments?post=22439"}],"version-history":[{"count":0,"href":"https:\/\/superinteressantes.com.br\/index.php\/wp-json\/wp\/v2\/posts\/22439\/revisions"}],"wp:attachment":[{"href":"https:\/\/superinteressantes.com.br\/index.php\/wp-json\/wp\/v2\/media?parent=22439"}],"wp:term":[{"taxonomy":"category","embeddable":true,"href":"https:\/\/superinteressantes.com.br\/index.php\/wp-json\/wp\/v2\/categories?post=22439"},{"taxonomy":"post_tag","embeddable":true,"href":"https:\/\/superinteressantes.com.br\/index.php\/wp-json\/wp\/v2\/tags?post=22439"}],"curies":[{"name":"wp","href":"https:\/\/api.w.org\/{rel}","templated":true}]}}