{"id":22437,"date":"2025-03-06T18:37:04","date_gmt":"2025-03-06T21:37:04","guid":{"rendered":"https:\/\/superinteressantes.com.br\/index.php\/2025\/03\/06\/secretaria-da-mulher-de-nova-iguacu-lanca-rota-da-mulher-semuni-com-acoes-para-o-empoderamento-feminino\/"},"modified":"2025-03-06T18:37:04","modified_gmt":"2025-03-06T21:37:04","slug":"secretaria-da-mulher-de-nova-iguacu-lanca-rota-da-mulher-semuni-com-acoes-para-o-empoderamento-feminino","status":"publish","type":"post","link":"https:\/\/superinteressantes.com.br\/index.php\/2025\/03\/06\/secretaria-da-mulher-de-nova-iguacu-lanca-rota-da-mulher-semuni-com-acoes-para-o-empoderamento-feminino\/","title":{"rendered":"Secretaria da Mulher de Nova Igua\u00e7u lan\u00e7a \u201cRota da Mulher SEMUNI\u201d com a\u00e7\u00f5es para o empoderamento feminino"},"content":{"rendered":"<p><\/p>\n<div id=\"post_33864\">\n<header>\n<h2>Secretaria da Mulher de Nova Igua\u00e7u lan\u00e7a \u201cRota da Mulher SEMUNI\u201d com a\u00e7\u00f5es para o empoderamento feminino<\/h2>\n<h4>\n                <em><br \/>\n                    <time class=\"text-muted\" datetime=\"28-02-2025\">28 de fevereiro de 2025<\/time><br \/>\n                <\/em><br \/>\n            <\/h4>\n<\/header>\n<section>\n<p style=\"text-align: justify;\">A Secretaria da Mulher de Nova Igua\u00e7u refor\u00e7a seu compromisso com pol\u00edticas de longo prazo ao lan\u00e7ar a \u201cRota da Mulher SEMUNI\u201d, iniciativa que visa levar informa\u00e7\u00f5es, servi\u00e7os e apoio \u00e0s mulheres do munic\u00edpio. O projeto, que come\u00e7a em mar\u00e7o, m\u00eas em que se comemora o Dia Internacional da Mulher, \u00e9 emblem\u00e1tico e refor\u00e7a a import\u00e2ncia de a\u00e7\u00f5es cont\u00ednuas para o enfrentamento da viol\u00eancia de g\u00eanero, preven\u00e7\u00f5es \u00e0 sa\u00fade e acesso a meios para alcan\u00e7ar a autonomia financeira.<\/p>\n<p style=\"text-align: justify;\">A \u201cRota da Mulher SEMUNI\u201d, que acontecer\u00e1 entre os dias 10 e 16 de mar\u00e7o, ter\u00e1 uma agenda di\u00e1ria de atividades multidisciplinares em diversos bairros da cidade. O objetivo \u00e9 alcan\u00e7ar n\u00e3o apenas as mulheres, mas tamb\u00e9m a popula\u00e7\u00e3o em geral, promovendo uma conscientiza\u00e7\u00e3o ampla sobre os direitos das mulheres e os servi\u00e7os dispon\u00edveis. A a\u00e7\u00e3o tamb\u00e9m busca fortalecer a rede de apoio \u00e0s mulheres, mostrando que elas n\u00e3o est\u00e3o sozinhas nessa luta.<\/p>\n<p style=\"text-align: justify;\">\u201cEstamos come\u00e7ando a \u2018Rota da Mulher SEMUNI\u2019 no m\u00eas em que celebramos as conquistas das mulheres, mas tamb\u00e9m \u00e9 preciso refletir sobre os desafios que ainda precisam ser enfrentados e superados. A \u2018Rota da Mulher SEMUNI\u2019 \u00e9 um marco importante para Nova Igua\u00e7u, pois mostra que, mesmo sendo uma secretaria recente, estamos comprometidos em construir pol\u00edticas p\u00fablicas efetivas e de longo prazo\u201d, afirma Doutora Roberta, secret\u00e1ria da Mulher de Nova Igua\u00e7u.<\/p>\n<p style=\"text-align: justify;\">De 10 a 15 de mar\u00e7o, as a\u00e7\u00f5es ser\u00e3o realizadas nos bairros Cabu\u00e7u, Km 32, Jardim Tropical, Vila de Cava, Comendador Soares e Austin, respectivamente, sempre das 9h \u00e0s 16h. O encerramento ser\u00e1 no dia 16, no Centro de Nova Igua\u00e7u, a partir das 9h, com um ato simb\u00f3lico de plantio de mudas de laranjeiras e resed\u00e1s no Pa\u00e7o das Laranjeiras, Via Light, em parceria com a Secretaria de Meio Ambiente numa a\u00e7\u00e3o chamada \u201cMulheres Igua\u00e7uanas Plantando o Futuro\u201d.<\/p>\n<p style=\"text-align: justify;\"><strong>Confira os locais das a\u00e7\u00f5es:<\/strong><\/p>\n<p style=\"text-align: justify;\"><strong>10 de mar\u00e7o<\/strong> \u2013 Pra\u00e7a de Cabu\u00e7u \u2013 Rua Ot\u00e1vio Teixeira, esquina com Severino Pereira da Silva<br \/><strong>11 de mar\u00e7o<\/strong> \u2013 Pra\u00e7a do Km 32 \u2013 Alameda S\u00e3o Bernardo Lt 18 Qd 02<br \/><strong>12 de mar\u00e7o<\/strong> \u2013 Pra\u00e7a do Jardim Tropical \u2013 Rua Damas Batista<br \/><strong>13 de mar\u00e7o<\/strong> \u2013 Pra\u00e7a de Vila de Cava \u2013 Rua Vitor Hugo<br \/><strong>14 de mar\u00e7o<\/strong> \u2013 Pra\u00e7a Havana \u2013 Comendador Soares \u2013 Rua Havana<br \/><strong>15 de mar\u00e7o<\/strong> \u2013 Rua Coronel Monteiro de Bairros \u2013 Austin<br \/><strong>16 de mar\u00e7o<\/strong> \u2013 Via Light (altura da Av. Nilo Pe\u00e7anha) \u2013 Pa\u00e7o dos Laranjais \u2013 Centro<\/p>\n<p style=\"text-align: justify;\"><strong>Parcerias Estrat\u00e9gicas para Ampliar o Impacto<\/strong><\/p>\n<p>A \u201cRota da Mulher SEMUNI\u201d vai contar com colabora\u00e7\u00f5es essenciais de diversas secretarias municipais, refor\u00e7ando o compromisso da Prefeitura de Nova Igua\u00e7u com a causa feminina. A Secretaria Municipal de Sa\u00fade, por exemplo, oferecer\u00e1 servi\u00e7os de preven\u00e7\u00e3o e cuidado com a sa\u00fade da mulher, como exames preventivos e orienta\u00e7\u00f5es sobre planejamento familiar. A Secretaria de Assist\u00eancia Social, por sua vez, contribuir\u00e1 com a\u00e7\u00f5es voltadas ao acolhimento e apoio social, garantindo que mulheres em situa\u00e7\u00e3o de vulnerabilidade tenham acesso a benef\u00edcios e programas de assist\u00eancia. Tamb\u00e9m estar\u00e3o presentes as secretarias do Meio Ambiente, do Desenvolvimento Econ\u00f4mico, Trabalho e Turismo, entre outras.<\/p>\n<p style=\"text-align: justify;\">A Prefeitura vai garantir a infraestrutura necess\u00e1ria e o suporte log\u00edstico para que as a\u00e7\u00f5es alcancem todos os bairros do munic\u00edpio. Essa integra\u00e7\u00e3o demonstra o esfor\u00e7o conjunto para promover o empoderamento feminino e a igualdade de g\u00eanero em Nova Igua\u00e7u.<\/p>\n<\/section><\/div>\n","protected":false},"excerpt":{"rendered":"<p>Secretaria da Mulher de Nova Igua\u00e7u lan\u00e7a \u201cRota da Mulher SEMUNI\u201d com a\u00e7\u00f5es para o empoderamento feminino 28 de fevereiro de 2025 A Secretaria da Mulher de Nova Igua\u00e7u refor\u00e7a seu compromisso com pol\u00edticas de longo prazo ao lan\u00e7ar a \u201cRota da Mulher SEMUNI\u201d, iniciativa que visa levar informa\u00e7\u00f5es, servi\u00e7os e apoio \u00e0s mulheres do &#8230; <a title=\"Secretaria da Mulher de Nova Igua\u00e7u lan\u00e7a \u201cRota da Mulher SEMUNI\u201d com a\u00e7\u00f5es para o empoderamento feminino\" class=\"read-more\" href=\"https:\/\/superinteressantes.com.br\/index.php\/2025\/03\/06\/secretaria-da-mulher-de-nova-iguacu-lanca-rota-da-mulher-semuni-com-acoes-para-o-empoderamento-feminino\/\" aria-label=\"More on Secretaria da Mulher de Nova Igua\u00e7u lan\u00e7a \u201cRota da Mulher SEMUNI\u201d com a\u00e7\u00f5es para o empoderamento feminino\">Ler mais<\/a><\/p>\n","protected":false},"author":1,"featured_media":0,"comment_status":"","ping_status":"","sticky":false,"template":"","format":"standard","meta":{"footnotes":""},"categories":[1],"tags":[],"class_list":["post-22437","post","type-post","status-publish","format-standard","hentry","category-sem-categoria"],"amp_enabled":true,"_links":{"self":[{"href":"https:\/\/superinteressantes.com.br\/index.php\/wp-json\/wp\/v2\/posts\/22437","targetHints":{"allow":["GET"]}}],"collection":[{"href":"https:\/\/superinteressantes.com.br\/index.php\/wp-json\/wp\/v2\/posts"}],"about":[{"href":"https:\/\/superinteressantes.com.br\/index.php\/wp-json\/wp\/v2\/types\/post"}],"author":[{"embeddable":true,"href":"https:\/\/superinteressantes.com.br\/index.php\/wp-json\/wp\/v2\/users\/1"}],"replies":[{"embeddable":true,"href":"https:\/\/superinteressantes.com.br\/index.php\/wp-json\/wp\/v2\/comments?post=22437"}],"version-history":[{"count":0,"href":"https:\/\/superinteressantes.com.br\/index.php\/wp-json\/wp\/v2\/posts\/22437\/revisions"}],"wp:attachment":[{"href":"https:\/\/superinteressantes.com.br\/index.php\/wp-json\/wp\/v2\/media?parent=22437"}],"wp:term":[{"taxonomy":"category","embeddable":true,"href":"https:\/\/superinteressantes.com.br\/index.php\/wp-json\/wp\/v2\/categories?post=22437"},{"taxonomy":"post_tag","embeddable":true,"href":"https:\/\/superinteressantes.com.br\/index.php\/wp-json\/wp\/v2\/tags?post=22437"}],"curies":[{"name":"wp","href":"https:\/\/api.w.org\/{rel}","templated":true}]}}