{"id":22436,"date":"2025-03-06T17:55:38","date_gmt":"2025-03-06T20:55:38","guid":{"rendered":"https:\/\/superinteressantes.com.br\/index.php\/2025\/03\/06\/gremio-x-internacional-gre-nal-445-palpites-assistir-ao-vivo-pelo-gauchao-de-2025-hoje-08-03-escalacoes\/"},"modified":"2025-03-06T17:55:38","modified_gmt":"2025-03-06T20:55:38","slug":"gremio-x-internacional-gre-nal-445-palpites-assistir-ao-vivo-pelo-gauchao-de-2025-hoje-08-03-escalacoes","status":"publish","type":"post","link":"https:\/\/superinteressantes.com.br\/index.php\/2025\/03\/06\/gremio-x-internacional-gre-nal-445-palpites-assistir-ao-vivo-pelo-gauchao-de-2025-hoje-08-03-escalacoes\/","title":{"rendered":"Gr\u00eamio x Internacional Gre-Nal 445, PALPITES, ASSISTIR AO VIVO pelo GA\u00daCH\u00c3O DE 2025, HOJE (08\/03), ESCALA\u00c7\u00d5ES"},"content":{"rendered":"<p><\/p>\n<div wp_automatic_readability=\"80.501948775056\">\n<p>Por: <a href=\"https:\/\/jblog.com.br\">jblog.com.br<\/a> Futebol na TV ao vivo: a <strong>partida Gr\u00eamio x Internacional<\/strong><strong>\u00a0<\/strong>acontece<strong> Hoje (08) \u00e0s 17h45 hs.<\/strong> O mandante da partida <strong>\u00e9 o Gr\u00eamio <\/strong>que busca a vit\u00f3ria em seus dom\u00ednios. A partida \u00e1 v\u00e1lida pelo\u00a0\u00a0<strong><a href=\"https:\/\/mrnews.com.br\/index.php\/category\/noticias\/esportes\/estaduais\/gauchao\/\">Campeonato Ga\u00facho<\/a> de 2025<\/strong>.\u00a0 A partida \u00e9 aguardada com ansiedade pelos torcedores dos dois times.<\/p>\n<p>A Globo det\u00e9m os direitos de transmiss\u00e3o do Campeonato Ga\u00facho na TV Aberta. A TV Globo, os canais SporTV, o Premiere transmitir\u00e3o o estadual. No entanto, vale destacar que apenas o primeiro caso se trata de TV aberta. Fiquei sendo, fique atento no site do <strong>MRNews<\/strong> para conferir as transmiss\u00f5es dos jogos e confira <a href=\"https:\/\/mrnews.com.br\/index.php\/category\/noticias\/esportes\/jogos-de-hoje\/\"><strong>todos os jogos e onde ser\u00e3o transmitidos hoje<\/strong><\/a>, e os <a href=\"https:\/\/mrnews.com.br\/index.php\/category\/noticias\/esportes\/jogos-de-amanha\/\"><strong>jogos de amanh\u00e3 na TV<\/strong><\/a>.<\/p>\n<p><strong>Gr\u00eamio x Internacional: onde assistir, hor\u00e1rio e prov\u00e1veis escala\u00e7\u00f5es da final do Gauch\u00e3o<\/strong><\/p>\n<p>O primeiro jogo da final do <strong>Campeonato Ga\u00facho 2025<\/strong> ser\u00e1 um <strong><a href=\"https:\/\/mrnews.com.br\/index.php\/2025\/03\/06\/gremio-x-internacional-gre-nal-445-palpites-assistir-ao-vivo-pelo-gauchao-de-2025-hoje-08-03-escalacoes\/\">Gre-Nal<\/a> eletrizante<\/strong>! Gr\u00eamio e Internacional se enfrentam neste s\u00e1bado (<strong>08\/03<\/strong>), \u00e0s <strong>17h45 (hor\u00e1rio de Bras\u00edlia)<\/strong>, na <strong>Arena do Gr\u00eamio<\/strong>, em Porto Alegre. O cl\u00e1ssico define quem dar\u00e1 o primeiro passo rumo ao t\u00edtulo estadual.<\/p>\n<h2><strong>Onde assistir Gr\u00eamio x Internacional ao vivo?<\/strong><\/h2>\n<p>\ud83d\udcfa <strong>Transmiss\u00e3o:<\/strong><br \/>\u2705 <strong>RBS TV<\/strong> (canal aberto \u2013 RS)<br \/>\u2705 <strong>Sportv<\/strong> (canal fechado)<br \/>\u2705 <strong>Premiere<\/strong> (pay-per-view)<\/p>\n<h2><strong>Como chegam as equipes<\/strong><\/h2>\n<h3><strong>Gr\u00eamio<\/strong><\/h3>\n<p>O Tricolor chega \u00e0 final depois de eliminar o Juventude nos p\u00eanaltis, em uma partida repleta de pol\u00eamicas. Com o t\u00e9cnico interino <strong>Leandro Des\u00e1bato<\/strong> no comando, a equipe precisa encontrar solu\u00e7\u00f5es para a defesa, j\u00e1 que <strong>Jemerson est\u00e1 suspenso<\/strong> e <strong>Rodrigo Ely lesionado<\/strong>.<\/p>\n<p>\ud83d\udfe2 <strong>Destaques:<\/strong> Cristian Olivera e Villasanti.<\/p>\n<h3><strong>Internacional<\/strong><\/h3>\n<p>O Colorado garantiu sua vaga com uma vit\u00f3ria tranquila sobre o Caxias. O t\u00e9cnico <strong>Roger Machado<\/strong> tem o time completo e aposta na experi\u00eancia de <strong>Enner Valencia e Alan Patrick<\/strong> para tentar quebrar o jejum e conquistar o t\u00edtulo estadual ap\u00f3s quatro anos.<\/p>\n<p>\ud83d\udfe2 <strong>Destaques:<\/strong> Alan Patrick e Enner Valencia.<\/p>\n<h2><strong>Retrospecto do Gre-Nal no Gauch\u00e3o<\/strong><\/h2>\n<p>\u2694\ufe0f <strong>140 jogos<\/strong> no Campeonato Ga\u00facho<br \/>\ud83d\udd34 <strong>45 vit\u00f3rias do Internacional<\/strong><br \/>\ud83d\udd35 <strong>43 vit\u00f3rias do Gr\u00eamio<\/strong><br \/>\u2696\ufe0f <strong>52 empates<\/strong><\/p>\n<p>Esta ser\u00e1 a <strong>39\u00aa final estadual<\/strong> entre os clubes em <strong>104 anos de competi\u00e7\u00e3o<\/strong>.<\/p>\n<h2><strong>Prov\u00e1veis escala\u00e7\u00f5es<\/strong><\/h2>\n<h3><strong>Gr\u00eamio<\/strong><\/h3>\n<p><strong>Tiago Volpi<\/strong>; Jo\u00e3o Pedro, Gustavo Martins, Wagner Leonardo e Lucas Esteves; <strong>Cu\u00e9llar e Villasanti<\/strong>; Cristian Olivera, Cristaldo (Monsalve) e Amuzu (Aravena); <strong>Braithwaite<\/strong>.<br \/><strong>T\u00e9cnico:<\/strong> Leandro Des\u00e1bato (interino).<\/p>\n<h3><strong>Internacional<\/strong><\/h3>\n<p><strong>Anthoni<\/strong>; Aguirre, Vit\u00e3o, Victor Gabriel e Bernabei; <strong>Fernando e Bruno Henrique (Ronaldo)<\/strong>; Vitinho, Gustavo Prado (Alan Patrick) e Carbonero; <strong>Enner Valencia (Borr\u00e9)<\/strong>.<br \/><strong>T\u00e9cnico:<\/strong> Roger Machado.<\/p>\n<h2><strong>Expectativa para o cl\u00e1ssico<\/strong><\/h2>\n<p>O Gr\u00eamio joga em casa e tenta se impor, enquanto o Inter chega motivado para encerrar o jejum no Gauch\u00e3o. A promessa \u00e9 de um cl\u00e1ssico pegado, com muita rivalidade e equil\u00edbrio.<\/p>\n<p>\ud83d\udd2e <strong>Palpite:<\/strong> Gr\u00eamio 1\u00d71 Internacional<\/p>\n<p>Fique ligado para acompanhar todos os lances do <strong>Gre-Nal 445<\/strong>, o maior cl\u00e1ssico do futebol ga\u00facho!<\/p>\n<p><!-- CONTENT END 2 --><\/p><\/div>\n","protected":false},"excerpt":{"rendered":"<p>Por: jblog.com.br Futebol na TV ao vivo: a partida Gr\u00eamio x Internacional\u00a0acontece Hoje (08) \u00e0s 17h45 hs. O mandante da partida \u00e9 o Gr\u00eamio que busca a vit\u00f3ria em seus dom\u00ednios. A partida \u00e1 v\u00e1lida pelo\u00a0\u00a0Campeonato Ga\u00facho de 2025.\u00a0 A partida \u00e9 aguardada com ansiedade pelos torcedores dos dois times. A Globo det\u00e9m os direitos &#8230; <a title=\"Gr\u00eamio x Internacional Gre-Nal 445, PALPITES, ASSISTIR AO VIVO pelo GA\u00daCH\u00c3O DE 2025, HOJE (08\/03), ESCALA\u00c7\u00d5ES\" class=\"read-more\" href=\"https:\/\/superinteressantes.com.br\/index.php\/2025\/03\/06\/gremio-x-internacional-gre-nal-445-palpites-assistir-ao-vivo-pelo-gauchao-de-2025-hoje-08-03-escalacoes\/\" aria-label=\"More on Gr\u00eamio x Internacional Gre-Nal 445, PALPITES, ASSISTIR AO VIVO pelo GA\u00daCH\u00c3O DE 2025, HOJE (08\/03), ESCALA\u00c7\u00d5ES\">Ler mais<\/a><\/p>\n","protected":false},"author":3,"featured_media":0,"comment_status":"","ping_status":"","sticky":false,"template":"","format":"standard","meta":{"footnotes":""},"categories":[1],"tags":[],"class_list":["post-22436","post","type-post","status-publish","format-standard","hentry","category-sem-categoria"],"amp_enabled":true,"_links":{"self":[{"href":"https:\/\/superinteressantes.com.br\/index.php\/wp-json\/wp\/v2\/posts\/22436","targetHints":{"allow":["GET"]}}],"collection":[{"href":"https:\/\/superinteressantes.com.br\/index.php\/wp-json\/wp\/v2\/posts"}],"about":[{"href":"https:\/\/superinteressantes.com.br\/index.php\/wp-json\/wp\/v2\/types\/post"}],"author":[{"embeddable":true,"href":"https:\/\/superinteressantes.com.br\/index.php\/wp-json\/wp\/v2\/users\/3"}],"replies":[{"embeddable":true,"href":"https:\/\/superinteressantes.com.br\/index.php\/wp-json\/wp\/v2\/comments?post=22436"}],"version-history":[{"count":0,"href":"https:\/\/superinteressantes.com.br\/index.php\/wp-json\/wp\/v2\/posts\/22436\/revisions"}],"wp:attachment":[{"href":"https:\/\/superinteressantes.com.br\/index.php\/wp-json\/wp\/v2\/media?parent=22436"}],"wp:term":[{"taxonomy":"category","embeddable":true,"href":"https:\/\/superinteressantes.com.br\/index.php\/wp-json\/wp\/v2\/categories?post=22436"},{"taxonomy":"post_tag","embeddable":true,"href":"https:\/\/superinteressantes.com.br\/index.php\/wp-json\/wp\/v2\/tags?post=22436"}],"curies":[{"name":"wp","href":"https:\/\/api.w.org\/{rel}","templated":true}]}}