{"id":22429,"date":"2025-03-06T14:42:00","date_gmt":"2025-03-06T17:42:00","guid":{"rendered":"https:\/\/superinteressantes.com.br\/index.php\/2025\/03\/06\/oficina-gratuita-de-cultivo-de-orquideas-e-realizada-no-jardim-botanico-de-sorocaba-agencia-de-noticias\/"},"modified":"2025-03-06T14:42:00","modified_gmt":"2025-03-06T17:42:00","slug":"oficina-gratuita-de-cultivo-de-orquideas-e-realizada-no-jardim-botanico-de-sorocaba-agencia-de-noticias","status":"publish","type":"post","link":"https:\/\/superinteressantes.com.br\/index.php\/2025\/03\/06\/oficina-gratuita-de-cultivo-de-orquideas-e-realizada-no-jardim-botanico-de-sorocaba-agencia-de-noticias\/","title":{"rendered":"Oficina gratuita de cultivo de orqu\u00eddeas \u00e9 realizada no Jardim Bot\u00e2nico de Sorocaba \u2013 Ag\u00eancia de Not\u00edcias"},"content":{"rendered":"<p><\/p>\n<div>\n<div class=\"col\">\n<p class=\"mt-0\">\n                        <strong><br \/>\n                            <span class=\"far fa-calendar mr-1 mt-2\"\/><br \/>\n                            6 de mar\u00e7o de 2025<br \/>\n                            <span class=\"far fa-clock ml-3 mt-2\"\/><br \/>\n                            13:02<br \/>\n                        <\/strong>\n                    <\/p>\n<p class=\"mb-0\">Por: <strong>Mariana Campos<\/strong><\/p>\n<\/p><\/div>\n<\/p><\/div>\n<div>\n<p>A popula\u00e7\u00e3o sorocabana pode participar, neste s\u00e1bado (8), das 9h \u00e0s 11h, da oficina de cultivo de orqu\u00eddeas no Jardim Bot\u00e2nico \u201cIrm\u00e3os Villas-B\u00f4as\u201d, ministrada pelo orquid\u00f3filo Valdemir Pincelli (Nen\u00ea), atual presidente do C\u00edrculo Orquid\u00f3filo Sorocabano (COS). A atividade \u00e9 gratuita, sem necessidade de inscri\u00e7\u00e3o pr\u00e9via.<\/p>\n<p>Promovida pela Prefeitura de Sorocaba, por meio da Secretaria do Meio Ambiente, Prote\u00e7\u00e3o e Bem-Estar Animal (Sema), a oficina abrir\u00e1 a programa\u00e7\u00e3o especial de anivers\u00e1rio de 11 anos do Jardim Bot\u00e2nico \u201cIrm\u00e3os Villas-B\u00f4as\u201d (15 de mar\u00e7o). As atividades ocorrer\u00e3o at\u00e9 o dia 29 de mar\u00e7o e incluir\u00e3o palestras, apresenta\u00e7\u00e3o musical, plantio simb\u00f3lico, inaugura\u00e7\u00e3o do Jardim das Plantas Suculentas e muito mais.<\/p>\n<p align=\"justify\">As orqu\u00eddeas, conhecidas pela beleza, comp\u00f5em cerca de 10% das plantas que t\u00eam flores do planeta e s\u00e3o encontradas em praticamente todos os lugares.<\/p>\n<p>Os participantes ter\u00e3o a oportunidade de conhecer mais sobre as orqu\u00eddeas, suas formas de vida na natureza (orqu\u00eddeas ep\u00edfitas, terrestres e rup\u00edcolas), as partes da planta e suas fun\u00e7\u00f5es, al\u00e9m de t\u00e9cnicas adequadas de nutri\u00e7\u00e3o, aduba\u00e7\u00e3o, poda e plantio.<\/p>\n<p>Administrado pela Sema, o Jardim Bot\u00e2nico de Sorocaba foi inaugurado no dia 15 de mar\u00e7o de 2014, em uma \u00e1rea de prote\u00e7\u00e3o permanente de, aproximadamente, 70 mil metros quadrados, no Jardim Dois Cora\u00e7\u00f5es, com vegeta\u00e7\u00e3o de transi\u00e7\u00e3o entre Cerrado e Mata Atl\u00e2ntica. Seu principal objetivo \u00e9 proteger e preservar as esp\u00e9cies locais e regionais da flora, al\u00e9m de servir para lazer, atividades culturais, pesquisas acad\u00eamicas e educa\u00e7\u00e3o ambiental.<\/p>\n<p>O Jardim Bot\u00e2nico \u201cIrm\u00e3os Villas-B\u00f4as\u201d est\u00e1 localizado na Rua Miguel Montoro Lozano, 340, no Jardim Dois Cora\u00e7\u00f5es, e funciona de ter\u00e7a a domingo, das 9h \u00e0s 17h, com entrada gratuita. Mais informa\u00e7\u00f5es podem ser obtidas pelo telefone: (15) 3235-1130 ou pelo e-mail: jardimbotanico@sorocaba.sp.gov.br.<\/p>\n<\/p><\/div>\n","protected":false},"excerpt":{"rendered":"<p>6 de mar\u00e7o de 2025 13:02 Por: Mariana Campos A popula\u00e7\u00e3o sorocabana pode participar, neste s\u00e1bado (8), das 9h \u00e0s 11h, da oficina de cultivo de orqu\u00eddeas no Jardim Bot\u00e2nico \u201cIrm\u00e3os Villas-B\u00f4as\u201d, ministrada pelo orquid\u00f3filo Valdemir Pincelli (Nen\u00ea), atual presidente do C\u00edrculo Orquid\u00f3filo Sorocabano (COS). A atividade \u00e9 gratuita, sem necessidade de inscri\u00e7\u00e3o pr\u00e9via. Promovida &#8230; <a title=\"Oficina gratuita de cultivo de orqu\u00eddeas \u00e9 realizada no Jardim Bot\u00e2nico de Sorocaba \u2013 Ag\u00eancia de Not\u00edcias\" class=\"read-more\" href=\"https:\/\/superinteressantes.com.br\/index.php\/2025\/03\/06\/oficina-gratuita-de-cultivo-de-orquideas-e-realizada-no-jardim-botanico-de-sorocaba-agencia-de-noticias\/\" aria-label=\"More on Oficina gratuita de cultivo de orqu\u00eddeas \u00e9 realizada no Jardim Bot\u00e2nico de Sorocaba \u2013 Ag\u00eancia de Not\u00edcias\">Ler mais<\/a><\/p>\n","protected":false},"author":1,"featured_media":0,"comment_status":"","ping_status":"","sticky":false,"template":"","format":"standard","meta":{"footnotes":""},"categories":[1],"tags":[],"class_list":["post-22429","post","type-post","status-publish","format-standard","hentry","category-sem-categoria"],"amp_enabled":true,"_links":{"self":[{"href":"https:\/\/superinteressantes.com.br\/index.php\/wp-json\/wp\/v2\/posts\/22429","targetHints":{"allow":["GET"]}}],"collection":[{"href":"https:\/\/superinteressantes.com.br\/index.php\/wp-json\/wp\/v2\/posts"}],"about":[{"href":"https:\/\/superinteressantes.com.br\/index.php\/wp-json\/wp\/v2\/types\/post"}],"author":[{"embeddable":true,"href":"https:\/\/superinteressantes.com.br\/index.php\/wp-json\/wp\/v2\/users\/1"}],"replies":[{"embeddable":true,"href":"https:\/\/superinteressantes.com.br\/index.php\/wp-json\/wp\/v2\/comments?post=22429"}],"version-history":[{"count":0,"href":"https:\/\/superinteressantes.com.br\/index.php\/wp-json\/wp\/v2\/posts\/22429\/revisions"}],"wp:attachment":[{"href":"https:\/\/superinteressantes.com.br\/index.php\/wp-json\/wp\/v2\/media?parent=22429"}],"wp:term":[{"taxonomy":"category","embeddable":true,"href":"https:\/\/superinteressantes.com.br\/index.php\/wp-json\/wp\/v2\/categories?post=22429"},{"taxonomy":"post_tag","embeddable":true,"href":"https:\/\/superinteressantes.com.br\/index.php\/wp-json\/wp\/v2\/tags?post=22429"}],"curies":[{"name":"wp","href":"https:\/\/api.w.org\/{rel}","templated":true}]}}