{"id":22428,"date":"2025-03-06T14:03:43","date_gmt":"2025-03-06T17:03:43","guid":{"rendered":"https:\/\/superinteressantes.com.br\/index.php\/2025\/03\/06\/corujao-exibe-hoje-quinta-06-03-na-globo-a-era-do-gelo-2\/"},"modified":"2025-03-06T14:03:43","modified_gmt":"2025-03-06T17:03:43","slug":"corujao-exibe-hoje-quinta-06-03-na-globo-a-era-do-gelo-2","status":"publish","type":"post","link":"https:\/\/superinteressantes.com.br\/index.php\/2025\/03\/06\/corujao-exibe-hoje-quinta-06-03-na-globo-a-era-do-gelo-2\/","title":{"rendered":"Coruj\u00e3o exibe Hoje Quinta (06\/03) na Globo, A Era Do Gelo 2"},"content":{"rendered":"<p> Por MRNews<br \/>\n<\/p>\n<div wp_automatic_readability=\"76.231729518856\">\n<p>COnfira a programa\u00e7\u00e3o da Globo\u00a0 <strong>hoje, 06\/03\/<\/strong><strong>2024 e que horas come\u00e7am os filmes de hoje.\u00a0<\/strong><\/p>\n<div wp_automatic_readability=\"41\">\n<p><strong>Quinta-feira, 06\/03\/2025<\/strong><\/p>\n<p>Sess\u00e3o da Tarde<\/p>\n<p>M\u00e3os Talentosas \u2013 A Hist\u00f3ria de Ben Carson<\/p>\n<p>T\u00edtulo Original: Gifted Hands<\/p>\n<p>Pa\u00eds de Origem: Americana<\/p>\n<p>Ano de Produ\u00e7\u00e3o: 2009<\/p>\n<p>Diretor: Thomas Carter<\/p>\n<p>Elenco: Cuba Gooding Jr., Kimberly Elise, Aunjanue Ellis, Gus Hoffman, Jaishon Fisher, Tajh Bellow<\/p>\n<p>Classe: Drama<\/p>\n<p>Menino pobre de Detroit, desmotivado, que tirava m\u00e1s notas, aos 33 anos se<\/p>\n<p>torna diretor do centro de neurologia pedi\u00e1trica do Hospital Johns Hopkins.<\/p>\n<p>Coruj\u00e3o I<\/p>\n<p>A Era Do Gelo 2<\/p>\n<p>T\u00edtulo Original: Ice Age: The Meltdown<\/p>\n<p>Pa\u00eds de Origem: Americana<\/p>\n<p>Ano de Produ\u00e7\u00e3o: 2006<\/p>\n<p>Diretor: Carlos Saldanha<\/p>\n<p>Elenco: Denis Leary, John Leguizamo, Josh Peck, Queen Latifah, Ray Romano, Seann William Scott<\/p>\n<p>Classe: Anima\u00e7\u00e3o<\/p>\n<p>Com o fim da Era Glacial, o vale onde vivem Manfred, Diego e Sid ser\u00e1 inundado. Eles precisam correr contra o tempo para encontrar um novo local para viver.<\/p>\n<\/div>\n<p><strong>Filmes da Quinta-feira (06\/03\/2025) na TV Globo<\/strong><\/p>\n<p>A TV Globo preparou uma programa\u00e7\u00e3o especial para esta quinta-feira (6), com filmes inspiradores e cheios de emo\u00e7\u00e3o. Na <strong>Sess\u00e3o da Tarde<\/strong>, o drama biogr\u00e1fico <strong>\u201cM\u00e3os Talentosas \u2013 A Hist\u00f3ria de Ben Carson\u201d<\/strong> traz uma hist\u00f3ria de supera\u00e7\u00e3o e determina\u00e7\u00e3o. J\u00e1 no <strong>Coruj\u00e3o I<\/strong>, a anima\u00e7\u00e3o <strong>\u201cA Era do Gelo 2\u201d<\/strong> promete divers\u00e3o para todas as idades. Confira os detalhes!<\/p>\n<hr\/>\n<h2><strong>Sess\u00e3o da Tarde \u2013 15h25 (Hor\u00e1rio de Bras\u00edlia)<\/strong><\/h2>\n<h3><strong>M\u00e3os Talentosas \u2013 A Hist\u00f3ria de Ben Carson (2009)<\/strong><\/h3>\n<ul>\n<li><strong>T\u00edtulo Original:<\/strong> Gifted Hands<\/li>\n<li><strong>Pa\u00eds de Origem:<\/strong> EUA<\/li>\n<li><strong>Ano de Produ\u00e7\u00e3o:<\/strong> 2009<\/li>\n<li><strong>Dire\u00e7\u00e3o:<\/strong> Thomas Carter<\/li>\n<li><strong>Elenco:<\/strong> Cuba Gooding Jr., Kimberly Elise, Aunjanue Ellis, Gus Hoffman, Jaishon Fisher, Tajh Bellow<\/li>\n<li><strong>G\u00eanero:<\/strong> Drama<\/li>\n<\/ul>\n<h3><strong>Sinopse:<\/strong><\/h3>\n<p>Baseado em uma hist\u00f3ria real, o filme conta a trajet\u00f3ria de Ben Carson, um menino pobre de Detroit que enfrentava dificuldades na escola e tinha notas ruins. Com incentivo da m\u00e3e e muita dedica\u00e7\u00e3o, ele supera os desafios e, aos 33 anos, se torna diretor do centro de neurologia pedi\u00e1trica do renomado Hospital Johns Hopkins.<\/p>\n<h3><strong>Motivos para assistir:<\/strong><\/h3>\n<p>\u2705 Hist\u00f3ria inspiradora sobre supera\u00e7\u00e3o e determina\u00e7\u00e3o.<br \/>\u2705 Baseado em fatos reais, mostrando o impacto da educa\u00e7\u00e3o e do esfor\u00e7o pessoal.<br \/>\u2705 Grande atua\u00e7\u00e3o de Cuba Gooding Jr. em um papel emocionante.<\/p>\n<hr\/>\n<h2><strong>Coruj\u00e3o I \u2013 02h15 (Hor\u00e1rio de Bras\u00edlia)<\/strong><\/h2>\n<h3><strong>A Era do Gelo 2 (2006)<\/strong><\/h3>\n<ul>\n<li><strong>T\u00edtulo Original:<\/strong> Ice Age: The Meltdown<\/li>\n<li><strong>Pa\u00eds de Origem:<\/strong> EUA<\/li>\n<li><strong>Ano de Produ\u00e7\u00e3o:<\/strong> 2006<\/li>\n<li><strong>Dire\u00e7\u00e3o:<\/strong> Carlos Saldanha<\/li>\n<li><strong>Elenco (dubladores no original):<\/strong> Denis Leary, John Leguizamo, Josh Peck, Queen Latifah, Ray Romano, Seann William Scott<\/li>\n<li><strong>G\u00eanero:<\/strong> Anima\u00e7\u00e3o<\/li>\n<\/ul>\n<h3><strong>Sinopse:<\/strong><\/h3>\n<p>Ap\u00f3s o fim da Era Glacial, o vale onde vivem Manny (o mamute), Diego (o tigre-dentes-de-sabre) e Sid (a pregui\u00e7a) est\u00e1 amea\u00e7ado por uma grande inunda\u00e7\u00e3o. Agora, eles precisam embarcar em uma aventura para encontrar um novo lar antes que a \u00e1gua tome conta de tudo.<\/p>\n<h3><strong>Motivos para assistir:<\/strong><\/h3>\n<p>\u2705 Continua\u00e7\u00e3o de uma das anima\u00e7\u00f5es mais queridas do cinema.<br \/>\u2705 Mistura de humor e aventura, com personagens carism\u00e1ticos.<br \/>\u2705 Perfeito para todas as idades, garantindo divers\u00e3o para a fam\u00edlia.<\/p>\n<hr\/>\n<p><strong>Prepare a pipoca e aproveite a programa\u00e7\u00e3o da TV Globo nesta quinta-feira!<\/strong><\/p>\n<p><!-- CONTENT END 2 --><\/p><\/div>\n","protected":false},"excerpt":{"rendered":"<p>Por MRNews COnfira a programa\u00e7\u00e3o da Globo\u00a0 hoje, 06\/03\/2024 e que horas come\u00e7am os filmes de hoje.\u00a0 Quinta-feira, 06\/03\/2025 Sess\u00e3o da Tarde M\u00e3os Talentosas \u2013 A Hist\u00f3ria de Ben Carson T\u00edtulo Original: Gifted Hands Pa\u00eds de Origem: Americana Ano de Produ\u00e7\u00e3o: 2009 Diretor: Thomas Carter Elenco: Cuba Gooding Jr., Kimberly Elise, Aunjanue Ellis, Gus Hoffman, &#8230; <a title=\"Coruj\u00e3o exibe Hoje Quinta (06\/03) na Globo, A Era Do Gelo 2\" class=\"read-more\" href=\"https:\/\/superinteressantes.com.br\/index.php\/2025\/03\/06\/corujao-exibe-hoje-quinta-06-03-na-globo-a-era-do-gelo-2\/\" aria-label=\"More on Coruj\u00e3o exibe Hoje Quinta (06\/03) na Globo, A Era Do Gelo 2\">Ler mais<\/a><\/p>\n","protected":false},"author":3,"featured_media":0,"comment_status":"","ping_status":"","sticky":false,"template":"","format":"standard","meta":{"footnotes":""},"categories":[1],"tags":[],"class_list":["post-22428","post","type-post","status-publish","format-standard","hentry","category-sem-categoria"],"amp_enabled":true,"_links":{"self":[{"href":"https:\/\/superinteressantes.com.br\/index.php\/wp-json\/wp\/v2\/posts\/22428","targetHints":{"allow":["GET"]}}],"collection":[{"href":"https:\/\/superinteressantes.com.br\/index.php\/wp-json\/wp\/v2\/posts"}],"about":[{"href":"https:\/\/superinteressantes.com.br\/index.php\/wp-json\/wp\/v2\/types\/post"}],"author":[{"embeddable":true,"href":"https:\/\/superinteressantes.com.br\/index.php\/wp-json\/wp\/v2\/users\/3"}],"replies":[{"embeddable":true,"href":"https:\/\/superinteressantes.com.br\/index.php\/wp-json\/wp\/v2\/comments?post=22428"}],"version-history":[{"count":0,"href":"https:\/\/superinteressantes.com.br\/index.php\/wp-json\/wp\/v2\/posts\/22428\/revisions"}],"wp:attachment":[{"href":"https:\/\/superinteressantes.com.br\/index.php\/wp-json\/wp\/v2\/media?parent=22428"}],"wp:term":[{"taxonomy":"category","embeddable":true,"href":"https:\/\/superinteressantes.com.br\/index.php\/wp-json\/wp\/v2\/categories?post=22428"},{"taxonomy":"post_tag","embeddable":true,"href":"https:\/\/superinteressantes.com.br\/index.php\/wp-json\/wp\/v2\/tags?post=22428"}],"curies":[{"name":"wp","href":"https:\/\/api.w.org\/{rel}","templated":true}]}}