{"id":22426,"date":"2025-03-06T13:07:53","date_gmt":"2025-03-06T16:07:53","guid":{"rendered":"https:\/\/superinteressantes.com.br\/index.php\/2025\/03\/06\/edital-no-42-2025-programa-partiuif-seleciona-monitores-de-turma-ifsp\/"},"modified":"2025-03-06T13:07:53","modified_gmt":"2025-03-06T16:07:53","slug":"edital-no-42-2025-programa-partiuif-seleciona-monitores-de-turma-ifsp","status":"publish","type":"post","link":"https:\/\/superinteressantes.com.br\/index.php\/2025\/03\/06\/edital-no-42-2025-programa-partiuif-seleciona-monitores-de-turma-ifsp\/","title":{"rendered":"Edital n\u00ba 42\/2025: Programa PartiuIF seleciona monitores de turma &#8211; IFSP"},"content":{"rendered":"<p><\/p>\n<div>\n<div class=\"subtitle\">\n<p>S\u00e3o 132 vagas para\u00a0atuar em 33 campi do IFSP; inscri\u00e7\u00f5es v\u00e3o at\u00e9 14 de mar\u00e7o<\/p>\n<\/div>\n<p><!-- fim .content-header-options-1 --><\/p>\n<p>Est\u00e3o abertas, at\u00e9 14 de mar\u00e7o, as inscri\u00e7\u00f5es para o processo seletivo de monitores de turma interessados em atuar no Programa Nacional de Promo\u00e7\u00e3o de Igualdade de Oportunidades para o acesso de estudantes da rede p\u00fablica de ensino \u00e0 Rede Federal de Educa\u00e7\u00e3o Profissional, Cient\u00edfica e Tecnol\u00f3gica \u2014\u00a0<strong>PartiuIF.<\/strong>\u00a0<\/p>\n<p>Podem se candidatar: estudantes, a partir do 4\u00ba semestre, dos cursos de Licenciatura presenciais regularmente matriculados nos cursos de gradua\u00e7\u00e3o de institui\u00e7\u00f5es p\u00fablicas de ensino; estudantes, a partir do 4\u00ba semestre, dos cursos de bacharelado e tecnologias presenciais regularmente matriculados nos cursos de gradua\u00e7\u00e3o de institui\u00e7\u00f5es p\u00fablicas de ensino; estudantes dos cursos t\u00e9cnicos subsequentes ao Ensino M\u00e9dio presenciais regularmente matriculados no IFSP e estudantes dos cursos t\u00e9cnicos Integrados ao Ensino M\u00e9dio presenciais regularmente matriculados no IFSP.<\/p>\n<p>O PartiuIF visa n\u00e3o s\u00f3 oferecer aulas e atividades voltadas para a recupera\u00e7\u00e3o de aprendizagens de estudantes do nono ano do Ensino Fundamental matriculados em escolas p\u00fablicas, mas tamb\u00e9m recompor as habilidades e as compet\u00eancias necess\u00e1rias para melhorar as oportunidades educacionais de acessar e permanecer no Ensino M\u00e9dio da Rede Federal de Educa\u00e7\u00e3o Profissional, Cient\u00edfica e Tecnol\u00f3gica.\u00a0<\/p>\n<p>No Instituto Federal de S\u00e3o Paulo (IFSP), s\u00e3o ofertadas 132 vagas de monitores\u00a0distribu\u00eddas em 33 campi no estado: Araraquara, Avar\u00e9, Barretos, Birigui, Boituva, Bragan\u00e7a Paulista, Cubat\u00e3o, Capivari, Caraguatatuba, Catanduva, Guarulhos, Hortol\u00e2ndia, Ilha Solteira, Itapetininga, Itaquaquecetuba, Jacare\u00ed, Jundia\u00ed, Mat\u00e3o, Presidente Epit\u00e1cio, Piracicaba, Pirituba \u2014 S\u00e3o Paulo, Rio Claro, Registro, S\u00e3o Carlos, S\u00e3o Jo\u00e3o da Boa Vista, S\u00e3o Jos\u00e9 dos Campos, S\u00e3o Jos\u00e9 do Rio Preto, S\u00e3o Paulo, Sorocaba, S\u00e3o Roque, Sert\u00e3ozinho, Suzano e Votuporanga.\u00a0\u00a0<\/p>\n<p>A carga hor\u00e1ria de trabalho ser\u00e1 de dez horas semanais, compreendendo o per\u00edodo de oito meses. Todos selecionados atuar\u00e3o no IFSP na condi\u00e7\u00e3o de bolsistas e receber\u00e3o o valor fixo de R$700, por meio da Funda\u00e7\u00e3o de Apoio ao Desenvolvimento da Extens\u00e3o, Pesquisa, Ensino Profissionalizante e Tecnol\u00f3gico (Fadema), tamb\u00e9m respons\u00e1vel pelo processo seletivo. \u00a0\u00a0<\/p>\n<p>As inscri\u00e7\u00f5es devem ser realizadas por meio do\u00a0formul\u00e1rio dispon\u00edvel aqui. A sele\u00e7\u00e3o se dar\u00e1 em fase \u00fanica, por meio de an\u00e1lise dos documentos enviados pelos candidatos.\u00a0\u00a0<\/p>\n<p>Todas as informa\u00e7\u00f5es sobre o processo seletivo est\u00e3o dispon\u00edveis no\u00a0Edital Fadema\u00a0 n\u00ba 42\/2025.\u00a0Leia atentamente todo o edital antes de realizar sua inscri\u00e7\u00e3o.\u00a0\u00a0<\/p>\n<p><strong>Partiu IF<\/strong>\u00a0<\/p>\n<p>O\u00a0Instituto Federal de S\u00e3o Paulo\u00a0(IFSP),\u00a0 em colabora\u00e7\u00e3o\u00a0com\u00a0Secretaria de Educa\u00e7\u00e3o Profissional e Tecnol\u00f3gica\u00a0(Setec)\u00a0e com a\u00a0Secretaria de Educa\u00e7\u00e3o Continuada, Alfabetiza\u00e7\u00e3o de Jovens e Adultos, Diversidade e Inclus\u00e3o\u00a0(Secadi), ambas do Minist\u00e9rio da Educa\u00e7\u00e3o, ofertar\u00e1\u00a044 turmas\u00a0do Programa Partiu IF distribu\u00eddas no estado de S\u00e3o Paulo. Ser\u00e3o oportunidades\u00a0destinadas a estudantes do 9\u00ba ano do Ensino Fundamental vindos de escolas p\u00fablicas, de baixa renda, autodeclarados pretos, pardos, quilombolas, ind\u00edgenas ou com defici\u00eancia. Os jovens ter\u00e3o aulas e atividades com conte\u00fados alinhados ao processo seletivo de cursos t\u00e9cnicos articulados ao Ensino M\u00e9dio das institui\u00e7\u00f5es da Rede Federal.\u00a0<\/p>\n<p>Saiba mais sobre o\u00a0Partiu IF aqui.\u00a0\u00a0<\/p>\n<p>\u00a0<\/p>\n<\/div>\n","protected":false},"excerpt":{"rendered":"<p>S\u00e3o 132 vagas para\u00a0atuar em 33 campi do IFSP; inscri\u00e7\u00f5es v\u00e3o at\u00e9 14 de mar\u00e7o Est\u00e3o abertas, at\u00e9 14 de mar\u00e7o, as inscri\u00e7\u00f5es para o processo seletivo de monitores de turma interessados em atuar no Programa Nacional de Promo\u00e7\u00e3o de Igualdade de Oportunidades para o acesso de estudantes da rede p\u00fablica de ensino \u00e0 Rede &#8230; <a title=\"Edital n\u00ba 42\/2025: Programa PartiuIF seleciona monitores de turma &#8211; IFSP\" class=\"read-more\" href=\"https:\/\/superinteressantes.com.br\/index.php\/2025\/03\/06\/edital-no-42-2025-programa-partiuif-seleciona-monitores-de-turma-ifsp\/\" aria-label=\"More on Edital n\u00ba 42\/2025: Programa PartiuIF seleciona monitores de turma &#8211; IFSP\">Ler mais<\/a><\/p>\n","protected":false},"author":1,"featured_media":0,"comment_status":"","ping_status":"","sticky":false,"template":"","format":"standard","meta":{"footnotes":""},"categories":[1],"tags":[],"class_list":["post-22426","post","type-post","status-publish","format-standard","hentry","category-sem-categoria"],"amp_enabled":true,"_links":{"self":[{"href":"https:\/\/superinteressantes.com.br\/index.php\/wp-json\/wp\/v2\/posts\/22426","targetHints":{"allow":["GET"]}}],"collection":[{"href":"https:\/\/superinteressantes.com.br\/index.php\/wp-json\/wp\/v2\/posts"}],"about":[{"href":"https:\/\/superinteressantes.com.br\/index.php\/wp-json\/wp\/v2\/types\/post"}],"author":[{"embeddable":true,"href":"https:\/\/superinteressantes.com.br\/index.php\/wp-json\/wp\/v2\/users\/1"}],"replies":[{"embeddable":true,"href":"https:\/\/superinteressantes.com.br\/index.php\/wp-json\/wp\/v2\/comments?post=22426"}],"version-history":[{"count":0,"href":"https:\/\/superinteressantes.com.br\/index.php\/wp-json\/wp\/v2\/posts\/22426\/revisions"}],"wp:attachment":[{"href":"https:\/\/superinteressantes.com.br\/index.php\/wp-json\/wp\/v2\/media?parent=22426"}],"wp:term":[{"taxonomy":"category","embeddable":true,"href":"https:\/\/superinteressantes.com.br\/index.php\/wp-json\/wp\/v2\/categories?post=22426"},{"taxonomy":"post_tag","embeddable":true,"href":"https:\/\/superinteressantes.com.br\/index.php\/wp-json\/wp\/v2\/tags?post=22426"}],"curies":[{"name":"wp","href":"https:\/\/api.w.org\/{rel}","templated":true}]}}