{"id":22384,"date":"2025-03-05T13:38:46","date_gmt":"2025-03-05T16:38:46","guid":{"rendered":"https:\/\/superinteressantes.com.br\/index.php\/2025\/03\/05\/qual-filme-vai-passar-quinta-06-03-na-globo-sessao-da-tarde-corujao\/"},"modified":"2025-03-05T13:38:46","modified_gmt":"2025-03-05T16:38:46","slug":"qual-filme-vai-passar-quinta-06-03-na-globo-sessao-da-tarde-corujao","status":"publish","type":"post","link":"https:\/\/superinteressantes.com.br\/index.php\/2025\/03\/05\/qual-filme-vai-passar-quinta-06-03-na-globo-sessao-da-tarde-corujao\/","title":{"rendered":"Qual filme vai passar Quinta (06\/03) na Globo? SESS\u00c3O DA TARDE, Coruj\u00e3o"},"content":{"rendered":"<p> Por MRNews<br \/>\n<\/p>\n<div wp_automatic_readability=\"57.662626262626\">\n<p>COnfira a programa\u00e7\u00e3o da Globo\u00a0 <strong>hoje, 06\/03\/<\/strong><strong>2024 e que horas come\u00e7am os filmes de hoje.\u00a0<\/strong><\/p>\n<p><strong>Filmes da Quinta-feira (06\/03\/2025) na TV Globo<\/strong><\/p>\n<p>A TV Globo preparou uma programa\u00e7\u00e3o especial para esta quinta-feira (6), com filmes inspiradores e cheios de emo\u00e7\u00e3o. Na <strong>Sess\u00e3o da Tarde<\/strong>, o drama biogr\u00e1fico <strong>\u201cM\u00e3os Talentosas \u2013 A Hist\u00f3ria de Ben Carson\u201d<\/strong> traz uma hist\u00f3ria de supera\u00e7\u00e3o e determina\u00e7\u00e3o. J\u00e1 no <strong>Coruj\u00e3o I<\/strong>, a anima\u00e7\u00e3o <strong>\u201cA Era do Gelo 2\u201d<\/strong> promete divers\u00e3o para todas as idades. Confira os detalhes!<\/p>\n<hr\/>\n<h2><strong>Sess\u00e3o da Tarde \u2013 15h25 (Hor\u00e1rio de Bras\u00edlia)<\/strong><\/h2>\n<h3><strong>M\u00e3os Talentosas \u2013 A Hist\u00f3ria de Ben Carson (2009)<\/strong><\/h3>\n<ul>\n<li><strong>T\u00edtulo Original:<\/strong> Gifted Hands<\/li>\n<li><strong>Pa\u00eds de Origem:<\/strong> EUA<\/li>\n<li><strong>Ano de Produ\u00e7\u00e3o:<\/strong> 2009<\/li>\n<li><strong>Dire\u00e7\u00e3o:<\/strong> Thomas Carter<\/li>\n<li><strong>Elenco:<\/strong> Cuba Gooding Jr., Kimberly Elise, Aunjanue Ellis, Gus Hoffman, Jaishon Fisher, Tajh Bellow<\/li>\n<li><strong>G\u00eanero:<\/strong> Drama<\/li>\n<\/ul>\n<h3><strong>Sinopse:<\/strong><\/h3>\n<p>Baseado em uma hist\u00f3ria real, o filme conta a trajet\u00f3ria de Ben Carson, um menino pobre de Detroit que enfrentava dificuldades na escola e tinha notas ruins. Com incentivo da m\u00e3e e muita dedica\u00e7\u00e3o, ele supera os desafios e, aos 33 anos, se torna diretor do centro de neurologia pedi\u00e1trica do renomado Hospital Johns Hopkins.<\/p>\n<h3><strong>Motivos para assistir:<\/strong><\/h3>\n<p>\u2705 Hist\u00f3ria inspiradora sobre supera\u00e7\u00e3o e determina\u00e7\u00e3o.<br \/>\u2705 Baseado em fatos reais, mostrando o impacto da educa\u00e7\u00e3o e do esfor\u00e7o pessoal.<br \/>\u2705 Grande atua\u00e7\u00e3o de Cuba Gooding Jr. em um papel emocionante.<\/p>\n<hr\/>\n<h2><strong>Coruj\u00e3o I \u2013 02h15 (Hor\u00e1rio de Bras\u00edlia)<\/strong><\/h2>\n<h3><strong>A Era do Gelo 2 (2006)<\/strong><\/h3>\n<ul>\n<li><strong>T\u00edtulo Original:<\/strong> Ice Age: The Meltdown<\/li>\n<li><strong>Pa\u00eds de Origem:<\/strong> EUA<\/li>\n<li><strong>Ano de Produ\u00e7\u00e3o:<\/strong> 2006<\/li>\n<li><strong>Dire\u00e7\u00e3o:<\/strong> Carlos Saldanha<\/li>\n<li><strong>Elenco (dubladores no original):<\/strong> Denis Leary, John Leguizamo, Josh Peck, Queen Latifah, Ray Romano, Seann William Scott<\/li>\n<li><strong>G\u00eanero:<\/strong> Anima\u00e7\u00e3o<\/li>\n<\/ul>\n<h3><strong>Sinopse:<\/strong><\/h3>\n<p>Ap\u00f3s o fim da Era Glacial, o vale onde vivem Manny (o mamute), Diego (o tigre-dentes-de-sabre) e Sid (a pregui\u00e7a) est\u00e1 amea\u00e7ado por uma grande inunda\u00e7\u00e3o. Agora, eles precisam embarcar em uma aventura para encontrar um novo lar antes que a \u00e1gua tome conta de tudo.<\/p>\n<h3><strong>Motivos para assistir:<\/strong><\/h3>\n<p>\u2705 Continua\u00e7\u00e3o de uma das anima\u00e7\u00f5es mais queridas do cinema.<br \/>\u2705 Mistura de humor e aventura, com personagens carism\u00e1ticos.<br \/>\u2705 Perfeito para todas as idades, garantindo divers\u00e3o para a fam\u00edlia.<\/p>\n<hr\/>\n<p><strong>Prepare a pipoca e aproveite a programa\u00e7\u00e3o da TV Globo nesta quinta-feira!<\/strong><\/p>\n<p><!-- CONTENT END 2 --><\/p><\/div>\n","protected":false},"excerpt":{"rendered":"<p>Por MRNews COnfira a programa\u00e7\u00e3o da Globo\u00a0 hoje, 06\/03\/2024 e que horas come\u00e7am os filmes de hoje.\u00a0 Filmes da Quinta-feira (06\/03\/2025) na TV Globo A TV Globo preparou uma programa\u00e7\u00e3o especial para esta quinta-feira (6), com filmes inspiradores e cheios de emo\u00e7\u00e3o. Na Sess\u00e3o da Tarde, o drama biogr\u00e1fico \u201cM\u00e3os Talentosas \u2013 A Hist\u00f3ria de &#8230; <a title=\"Qual filme vai passar Quinta (06\/03) na Globo? SESS\u00c3O DA TARDE, Coruj\u00e3o\" class=\"read-more\" href=\"https:\/\/superinteressantes.com.br\/index.php\/2025\/03\/05\/qual-filme-vai-passar-quinta-06-03-na-globo-sessao-da-tarde-corujao\/\" aria-label=\"More on Qual filme vai passar Quinta (06\/03) na Globo? SESS\u00c3O DA TARDE, Coruj\u00e3o\">Ler mais<\/a><\/p>\n","protected":false},"author":3,"featured_media":0,"comment_status":"","ping_status":"","sticky":false,"template":"","format":"standard","meta":{"footnotes":""},"categories":[1],"tags":[],"class_list":["post-22384","post","type-post","status-publish","format-standard","hentry","category-sem-categoria"],"amp_enabled":true,"_links":{"self":[{"href":"https:\/\/superinteressantes.com.br\/index.php\/wp-json\/wp\/v2\/posts\/22384","targetHints":{"allow":["GET"]}}],"collection":[{"href":"https:\/\/superinteressantes.com.br\/index.php\/wp-json\/wp\/v2\/posts"}],"about":[{"href":"https:\/\/superinteressantes.com.br\/index.php\/wp-json\/wp\/v2\/types\/post"}],"author":[{"embeddable":true,"href":"https:\/\/superinteressantes.com.br\/index.php\/wp-json\/wp\/v2\/users\/3"}],"replies":[{"embeddable":true,"href":"https:\/\/superinteressantes.com.br\/index.php\/wp-json\/wp\/v2\/comments?post=22384"}],"version-history":[{"count":0,"href":"https:\/\/superinteressantes.com.br\/index.php\/wp-json\/wp\/v2\/posts\/22384\/revisions"}],"wp:attachment":[{"href":"https:\/\/superinteressantes.com.br\/index.php\/wp-json\/wp\/v2\/media?parent=22384"}],"wp:term":[{"taxonomy":"category","embeddable":true,"href":"https:\/\/superinteressantes.com.br\/index.php\/wp-json\/wp\/v2\/categories?post=22384"},{"taxonomy":"post_tag","embeddable":true,"href":"https:\/\/superinteressantes.com.br\/index.php\/wp-json\/wp\/v2\/tags?post=22384"}],"curies":[{"name":"wp","href":"https:\/\/api.w.org\/{rel}","templated":true}]}}