{"id":22377,"date":"2025-03-05T08:53:37","date_gmt":"2025-03-05T11:53:37","guid":{"rendered":"https:\/\/superinteressantes.com.br\/index.php\/2025\/03\/05\/procon-jp-reune-pais-de-pacientes-com-transtorno-do-espectro-autista-na-tarde-desta-quarta-feira\/"},"modified":"2025-03-05T08:53:37","modified_gmt":"2025-03-05T11:53:37","slug":"procon-jp-reune-pais-de-pacientes-com-transtorno-do-espectro-autista-na-tarde-desta-quarta-feira","status":"publish","type":"post","link":"https:\/\/superinteressantes.com.br\/index.php\/2025\/03\/05\/procon-jp-reune-pais-de-pacientes-com-transtorno-do-espectro-autista-na-tarde-desta-quarta-feira\/","title":{"rendered":"Procon-JP re\u00fane pais de pacientes com Transtorno do Espectro Autista na tarde desta quarta-feira"},"content":{"rendered":"<p><\/p>\n<div>\n<p>A Secretaria Municipal de Prote\u00e7\u00e3o e Defesa do Consumidor vai reunir, na tarde desta quarta-feira (5), os pais dos pacientes com Transtorno do Espectro Autista (TEA) para discutir as falhas por parte dos planos de sa\u00fade na assist\u00eancia ao atendimento m\u00e9dico e ao tratamento prescrito. O encontro ocorre \u00e0s 14h na sede do Procon-JP, na Avenida Pedro I, n\u00ba 473.<\/p>\n<figure class=\"wp-block-image size-large\"><\/figure>\n<p>No \u00faltimo dia 26, o Procon-JP lavrou um Auto de Constata\u00e7\u00e3o para a cl\u00ednica Mais Sa\u00fade, vinculada ao plano de sa\u00fade Smile, por descumprimento \u00e0 legisla\u00e7\u00e3o prevista na Resolu\u00e7\u00e3o Normativa 539\/2022, da Ag\u00eancia Nacional de Sa\u00fade Complementar (ANS), que disp\u00f5e sobre as regras da cobertura assistencial para usu\u00e1rios de planos de sa\u00fade com Transtornos Globais do Desenvolvimento, inclusive o TEA.<\/p>\n<p>A cl\u00ednica recebeu, durante a fiscaliza\u00e7\u00e3o, um Auto de Constata\u00e7\u00e3o dando ci\u00eancia para o cumprimento de um check list de leis. \u201cO Procon-JP tamb\u00e9m entregou uma notifica\u00e7\u00e3o avisando sobre a reuni\u00e3o no dia 5 de mar\u00e7o, \u00e0s 14h, na sede da Secretaria, com todos os envolvidos na quest\u00e3o, inclusive os pais e as m\u00e3es de crian\u00e7as com TEA\u201d, informa o secret\u00e1rio de Prote\u00e7\u00e3o e Defesa do Consumidor, J\u00fanior Pires.<\/p>\n<p><strong>Cumprimento da legisla\u00e7\u00e3o<\/strong> \u2013 De acordo com o secret\u00e1rio, as m\u00e3es e os pais das crian\u00e7as com TEA reclamam que os filhos n\u00e3o est\u00e3o recebendo o atendimento necess\u00e1rio por parte da cl\u00ednica e do plano de sa\u00fade, com preju\u00edzo dos tratamentos previstos no rol da ANS. \u201cNessa reuni\u00e3o vamos abordar todos esses aspectos e tentar resolver esses problemas de uma vez por todas. Se existe uma legisla\u00e7\u00e3o que norteia essas quest\u00f5es, ela precisa ser cumprida\u201d, ressaltou.<\/p>\n<p><strong>Cobertura obrigat\u00f3ria<\/strong> \u2013 Desde julho de 2022 que a Ag\u00eancia Nacional de Sa\u00fade Complementar tornou obrigat\u00f3ria a cobertura para qualquer m\u00e9todo ou t\u00e9cnica indicada pelo m\u00e9dico assistente para o paciente que tenha um transtorno enquadrado na CID F84, de acordo com a classifica\u00e7\u00e3o internacional da doen\u00e7a e que inclui o Transtorno do Espectro Autista.<\/p>\n<\/p><\/div>\n","protected":false},"excerpt":{"rendered":"<p>A Secretaria Municipal de Prote\u00e7\u00e3o e Defesa do Consumidor vai reunir, na tarde desta quarta-feira (5), os pais dos pacientes com Transtorno do Espectro Autista (TEA) para discutir as falhas por parte dos planos de sa\u00fade na assist\u00eancia ao atendimento m\u00e9dico e ao tratamento prescrito. O encontro ocorre \u00e0s 14h na sede do Procon-JP, na &#8230; <a title=\"Procon-JP re\u00fane pais de pacientes com Transtorno do Espectro Autista na tarde desta quarta-feira\" class=\"read-more\" href=\"https:\/\/superinteressantes.com.br\/index.php\/2025\/03\/05\/procon-jp-reune-pais-de-pacientes-com-transtorno-do-espectro-autista-na-tarde-desta-quarta-feira\/\" aria-label=\"More on Procon-JP re\u00fane pais de pacientes com Transtorno do Espectro Autista na tarde desta quarta-feira\">Ler mais<\/a><\/p>\n","protected":false},"author":1,"featured_media":0,"comment_status":"","ping_status":"","sticky":false,"template":"","format":"standard","meta":{"footnotes":""},"categories":[1],"tags":[],"class_list":["post-22377","post","type-post","status-publish","format-standard","hentry","category-sem-categoria"],"amp_enabled":true,"_links":{"self":[{"href":"https:\/\/superinteressantes.com.br\/index.php\/wp-json\/wp\/v2\/posts\/22377","targetHints":{"allow":["GET"]}}],"collection":[{"href":"https:\/\/superinteressantes.com.br\/index.php\/wp-json\/wp\/v2\/posts"}],"about":[{"href":"https:\/\/superinteressantes.com.br\/index.php\/wp-json\/wp\/v2\/types\/post"}],"author":[{"embeddable":true,"href":"https:\/\/superinteressantes.com.br\/index.php\/wp-json\/wp\/v2\/users\/1"}],"replies":[{"embeddable":true,"href":"https:\/\/superinteressantes.com.br\/index.php\/wp-json\/wp\/v2\/comments?post=22377"}],"version-history":[{"count":0,"href":"https:\/\/superinteressantes.com.br\/index.php\/wp-json\/wp\/v2\/posts\/22377\/revisions"}],"wp:attachment":[{"href":"https:\/\/superinteressantes.com.br\/index.php\/wp-json\/wp\/v2\/media?parent=22377"}],"wp:term":[{"taxonomy":"category","embeddable":true,"href":"https:\/\/superinteressantes.com.br\/index.php\/wp-json\/wp\/v2\/categories?post=22377"},{"taxonomy":"post_tag","embeddable":true,"href":"https:\/\/superinteressantes.com.br\/index.php\/wp-json\/wp\/v2\/tags?post=22377"}],"curies":[{"name":"wp","href":"https:\/\/api.w.org\/{rel}","templated":true}]}}