{"id":22357,"date":"2025-03-04T18:46:59","date_gmt":"2025-03-04T21:46:59","guid":{"rendered":"https:\/\/superinteressantes.com.br\/index.php\/2025\/03\/04\/carnaval-2025-segundo-dia-de-desfiles-do-grupo-especial-e-marcado-por-homenagens-prefeitura-da-cidade-do-rio-de-janeiro\/"},"modified":"2025-03-04T18:46:59","modified_gmt":"2025-03-04T21:46:59","slug":"carnaval-2025-segundo-dia-de-desfiles-do-grupo-especial-e-marcado-por-homenagens-prefeitura-da-cidade-do-rio-de-janeiro","status":"publish","type":"post","link":"https:\/\/superinteressantes.com.br\/index.php\/2025\/03\/04\/carnaval-2025-segundo-dia-de-desfiles-do-grupo-especial-e-marcado-por-homenagens-prefeitura-da-cidade-do-rio-de-janeiro\/","title":{"rendered":"Carnaval 2025: Segundo dia de desfiles do Grupo Especial \u00e9 marcado por homenagens &#8211; Prefeitura da Cidade do Rio de Janeiro"},"content":{"rendered":"<p><\/p>\n<div wp_automatic_readability=\"654.9824507859\">\n<div class=\"image-post\" wp_automatic_readability=\"34\">\n                     Desfile da Beija-Flor, durante o segundo dia de desfile das Escolas de Samba do Grupo Especial &#8211; Foto: F\u00e1bio Motta\/Prefeitura do Rio                  <\/div>\n<p><span style=\"font-weight: 400\">No segundo dia de desfiles do Grupo Especial, Unidos da Tijuca, Beija-Flor, Salgueiro e\u00a0 Vila Isabel entraram na avenida, em noite marcada por homenagens.\u00a0<\/span><\/p>\n<p><span style=\"font-weight: 400\">A Unidos da Tijuca contou a hist\u00f3ria do orix\u00e1 representado pelas cores da escola e desfilou sem a rainha de bateria, Lexa, afastada ap\u00f3s a perda de sua filha. A Beija-Flor emocionou o p\u00fablico com enredo em homenagem ao seu hist\u00f3rico carnavalesco, La\u00edla, e pela despedida de seu principal int\u00e9rprete, Neguinho da Beija-Flor.\u00a0<\/span><\/p>\n<p><span style=\"font-weight: 400\">O Salgueiro trouxe o enredo: Salgueiro de Corpo Fechado, baseado na religiosidade brasileira. A Vila fechou a noite com assombra\u00e7\u00f5es em seu criativo desfile, entretanto, um drone, que fazia parte da comiss\u00e3o de frente da escola, desabou na pista, mas sem incidentes graves. Na Pra\u00e7a da Apoteose, a roda de samba que encerrou o segundo dia foi o Beco do Rato.<\/span><\/p>\n<p><span style=\"font-weight: 400\">J\u00e1 na pista do maior carnaval popular da cidade, a Intendente Magalh\u00e3es, mais 10 escolas da S\u00e9rie Prata se apresentaram em busca de uma vaga na Sapuca\u00ed. Os desfiles ocorreram sem intercorr\u00eancias durante toda a noite, entretanto, a \u00faltima escola a se apresentar, Alegria de Copacabana, n\u00e3o conseguiu deslocar seus carros aleg\u00f3ricos e desfilou apenas com os integrantes da agremia\u00e7\u00e3o, sem as alegorias.\u00a0<\/span><\/p>\n<p><span style=\"font-weight: 400\">No Terreir\u00e3o do Samba, a segunda-feira de Carnaval foi embalada com os shows do cantor Ferrugem, Yan, Grupo No Lance, Grupo Coisa S\u00e9ria e DJ da FM O Dia.\u00a0<\/span><\/p>\n<p><span style=\"font-weight: 400\">No Centro, o tradicional Baile da Cinel\u00e2ndia e o cortejo dos Blocos de Embalo e de Enredo, na Avenida Chile, completaram a programa\u00e7\u00e3o da noite.<\/span><\/p>\n<p><span style=\"font-weight: 400\">Al\u00e9m dos palcos oficiais da folia, a festa dos blocos segue por todas as partes da cidade. Nesta segunda-feira (03\/03) foram <\/span><b>48 <\/b><span style=\"font-weight: 400\">no total.\u00a0 Os destaques ficaram por conta do Vem C\u00e1 Minha Flor, no Centro; Que Pena Amor, na Pra\u00e7a M\u00e1rio Lago; e do Sargento Pimenta, cl\u00e1ssico que junta Beatles e Carnaval, no Aterro. Na parte da tarde, foi a vez de A Rocha, da G\u00e1vea, fazer a alegria dos foli\u00f5es na Lagoa, na Zona Sul.<\/span><\/p>\n<p><span style=\"font-weight: 400\">At\u00e9 a quarta-feira de Cinzas, <\/span><b>243 blocos<\/b><span style=\"font-weight: 400\"> desfilam pela cidade. E, outros <\/span><b>38 <\/b><span style=\"font-weight: 400\">no final de semana ap\u00f3s o carnaval.<\/span><\/p>\n<p><strong>FOTOGRAFIAS<\/strong><\/p>\n<p>Em www.carnaval.rio voc\u00ea encontra as not\u00edcias de tudo que envolve o mundo do Carnaval e do samba.<\/p>\n<p>As fotos dos desfiles do Grupo Especial, dos shows no Terreir\u00e3o e do carnaval de rua est\u00e3o dispon\u00edveis no Flickr da Riotur (https:\/\/www.flickr.com\/photos\/riotur\/albums\/)<\/p>\n<p>Mais fotos, no Flickr da Prefeitura do Rio:\u00a0https:\/\/flic.kr\/ps\/3Z6AUB<\/p>\n<p><strong>ORDEM P\u00daBLICA E GUARDA MUNICIPAL<\/strong><\/p>\n<p><strong>Agentes aplicam 194 multas por estacionamento irregular<\/strong><br \/><em>Mais de 1.800 produtos irregulares foram apreendidos nos quatro primeiros dias de carnaval<\/em><\/p>\n<p>Nesta segunda-feira, 03 de mar\u00e7o, a Secretaria de Ordem P\u00fablica (SEOP) e a Guarda Municipal do Rio (GM-Rio) realizaram a\u00e7\u00f5es de ordenamento, fiscaliza\u00e7\u00e3o e controle de tr\u00e2nsito em toda a cidade, com foco nas zonas Sul e Central \u2014 regi\u00f5es que concentram o maior n\u00famero de blocos de rua \u2014 al\u00e9m do Samb\u00f3dromo, para garantir o cumprimento das normas durante os desfiles das escolas de samba.<\/p>\n<p>Durante as opera\u00e7\u00f5es, agentes da SEOP apreenderam centenas de produtos irregulares, como bebidas diversas e garrafas de vidro, cuja venda \u00e9 proibida por quest\u00f5es de seguran\u00e7a.<\/p>\n<p>Nas fiscaliza\u00e7\u00f5es de tr\u00e2nsito foram aplicadas 789 autua\u00e7\u00f5es, al\u00e9m de 73 remo\u00e7\u00f5es e 194 multas por estacionamento irregular.<\/p>\n<p><strong>Ocorr\u00eancias Guarda Municipal<\/strong><\/p>\n<p>As equipes da GM-Rio realizaram nove condu\u00e7\u00f5es de suspeitos para delegacias nesta segunda de Carnaval, sendo oito no Samb\u00f3dromo e um no bloco Sargento Pimenta. Entre os suspeitos conduzidos no entorno do Samb\u00f3dromo estava um adolescente de 16 anos, acusado de roubar o telefone celular de uma turista mexicana. A a\u00e7\u00e3o foi realizada por guardas motociclistas em conjunto com a Pol\u00edcia Militar. No momento que o adolescente foi apreendido, um taxista passou pelo local e informou que ele tamb\u00e9m estava atacando seus passageiros com um grupo maior. Entre as v\u00edtimas estavam dois turistas holandeses que foram feridos na abordagem do grupo. Os turistas tamb\u00e9m foram para a delegacia para registrar a ocorr\u00eancia. J\u00e1 a pris\u00e3o no bloco Sargento Pimenta foi de um ambulante n\u00e3o autorizado, que estava vendendo bebidas e resistiu \u00e0 abordagem de guardas do Grupamento de Opera\u00e7\u00f5es Especiais (GOE).<\/p>\n<p>Tamb\u00e9m houve um registro de crian\u00e7a perdida que foi devolvida aos respons\u00e1veis, al\u00e9m de 15 apoios a v\u00edtimas de mal s\u00fabito e duas interven\u00e7\u00f5es em princ\u00edpios de tumulto.<\/p>\n<p><strong>Balan\u00e7o parcial do carnaval<\/strong><\/p>\n<p>Ao longo do carnaval (28\/02 a 03\/03) j\u00e1 foram apreendidos mais de 1.800 de produtos irregulares, incluindo bebidas diversas e garrafas de vidro, cuja venda \u00e9 proibida por quest\u00f5es de seguran\u00e7a. Al\u00e9m disso, foram retidos objetos e estruturas, como carrinhos de carga e um triciclo. Duas credencias e coletes de ambulantes foram apreendidos por estarem sendo usados indevidamente por terceiros n\u00e3o autorizados.<\/p>\n<p><strong>Fiscaliza\u00e7\u00e3o de tr\u00e2nsito<\/strong><\/p>\n<p>Entre sexta e domingo, agentes da SEOP e da GM-Rio aplicaram cerca de 1.653 multas por infra\u00e7\u00f5es diversas. Na fiscaliza\u00e7\u00e3o estacionamento irregular foram realizadas<br \/>233 remo\u00e7\u00f5es e 691 autua\u00e7\u00f5es.<\/p>\n<p><strong>CET-RIO<\/strong><\/p>\n<p>Nos dias de Carnaval, durante as interven\u00e7\u00f5es no tr\u00e2nsito para os desfiles no Samb\u00f3dromo, a \u00c1rea de Lazer da Pra\u00e7a da Cruz Vermelha e o estacionamento da Avenida Presidente Vargas para o com\u00e9rcio da SAARA, estar\u00e3o suspensos.<\/p>\n<p><strong>ALTERNATIVAS DE CIRCULA\u00c7\u00c3O NO PER\u00cdODO DO CARNAVAL<\/strong><\/p>\n<p>Os ve\u00edculos vindos da Avenida Francisco Bicalho, sentido Centro, dever\u00e3o seguir pela Avenida Paulo de Frontin, Pra\u00e7a Condessa Paulo de Frontin, Rua Estrela e Rua Itapiru at\u00e9 o acesso ao T\u00fanel Martim de S\u00e1.<\/p>\n<p>Os ve\u00edculos vindos da Pra\u00e7a da Bandeira, sentido Centro, dever\u00e3o acessar a Rua do Matoso, Rua Haddock Lobo, Avenida Paulo de Frontin, Rua Estrela, Rua Itapiru e, sob a sa\u00edda do T\u00fanel Santa B\u00e1rbara, seguir pelo T\u00fanel Martim de S\u00e1 at\u00e9 a Rua Riachuelo.<br \/>Os ve\u00edculos vindos da Avenida Brasil e da Ponte Rio-Niter\u00f3i, com destino ao Centro e Zona Sul, dever\u00e3o utilizar o T\u00fanel Marcello Alencar, exceto durante as madrugadas quando houver deslocamento dos carros aleg\u00f3ricos.<\/p>\n<p>Os ve\u00edculos vindos da Pra\u00e7a da Bandeira, sentido Centro ou Botafogo, pelo T\u00fanel Santa B\u00e1rbara, dever\u00e3o seguir a Rua do Matoso, Rua Haddock Lobo, Avenida Paulo de Frontin, Pra\u00e7a Condessa Paulo de Frontin, Rua Estrela, Rua Itapiru, Rua Dr. Agra e T\u00fanel Martim de S\u00e1, para o Centro. Para Botafogo, dever\u00e1 seguir o mesmo trajeto at\u00e9 a Rua Dr. Agra e pegar o retorno para o acesso ao T\u00fanel Santa B\u00e1rbara.<\/p>\n<p><em>\u00c9 RECOMENDADO O USO DO TRANSPORTE P\u00daBLICO COLETIVO, DE PREFER\u00caNCIA TREM OU METR\u00d4, NOS ACESSOS AO CENTRO E AO SAMB\u00d3DROMO, DEVIDO AO GRANDE N\u00daMERO DE INTERDI\u00c7\u00d5ES DE VIAS NESTES DIAS, TANTO PARA A REALIZA\u00c7\u00c3O DOS DESFILES, QUANTO EM DECORR\u00caNCIA DO DESLOCAMENTO DOS CARROS ALEG\u00d3RICOS.<\/em><\/p>\n<p><strong>PROIBI\u00c7\u00c3O DO ESTACIONAMENTO<\/strong><\/p>\n<p>Para preservar a circula\u00e7\u00e3o de sa\u00edda dos carros aleg\u00f3ricos e pedestres, al\u00e9m dos locais onde j\u00e1 existe regulamenta\u00e7\u00e3o de proibi\u00e7\u00e3o, o estacionamento no entorno do Samb\u00f3dromo estar\u00e1 proibido, at\u00e9 \u00e0s 10h de quarta-feira, 05\/03, e no desfile das campe\u00e3s, das 6h de s\u00e1bado, 08\/03 at\u00e9 \u00e0s 12h de domingo, 09\/03, nas vias internas aos bloqueios e nas principais ruas e avenidas da regi\u00e3o central:<\/p>\n<p><strong>COMO CHEGAR AO SAMB\u00d3DROMO:<\/strong><\/p>\n<p>\u2013 <strong>METR\u00d4<\/strong><br \/>O p\u00fablico destinado ao setor par poder\u00e1 utilizar as esta\u00e7\u00f5es Cidade Nova, Est\u00e1cio e Pra\u00e7a Onze e aqueles destinados ao setor \u00edmpar dever\u00e3o utilizar a esta\u00e7\u00e3o Central do Brasil.<\/p>\n<p>\u2013 <strong>TREM<\/strong><br \/>Dever\u00e3o utilizar a esta\u00e7\u00e3o Central do Brasil.<\/p>\n<p><strong>\u2013 \u00d4NIBUS DE LINHAS REGULARES<\/strong><br \/>Mais de 50 linhas passam pela \u00e1rea do evento, vindo de diversas regi\u00f5es da cidade.<\/p>\n<p><strong>SA\u00daDE<\/strong><\/p>\n<p><strong>Postos no Samb\u00f3dromo atenderam 452 pessoas na quarta noite de desfiles<\/strong><br \/><em>Em quatro noites, Secretaria de Sa\u00fade realizou 1.586 atendimentos na Sapuca\u00ed<\/em><\/p>\n<p>Na quarta noite de desfiles no samb\u00f3dromo, segunda do Grupo Especial, os seis postos m\u00e9dicos da Secretaria Municipal de Sa\u00fade (SMS) atenderam 452 pessoas das 19h do dia 3 \u00e0s 6h do dia 4 de mar\u00e7o. Dessas, 32 precisaram de cuidados mais complexos e foram transferidas para os hospitais municipais Souza Aguiar e Miguel Couto e os centros de emerg\u00eancia regional (CER) Centro e Leblon. No total das quatro noites, foram realizados at\u00e9 o momento 1.586 atendimentos com 112 remo\u00e7\u00f5es. A maior parte dos pacientes apresentava traumas por quedas, contus\u00f5es, cortes, entorses, intoxica\u00e7\u00e3o ex\u00f3gena por bebida alco\u00f3lica em excesso e mal-estar e pico de press\u00e3o devido ao esfor\u00e7o do desfile.<\/p>\n<p>A estrutura especial da SMS no samb\u00f3dromo conta com 32 leitos, sendo sete de suporte avan\u00e7ado, e 12 poltronas de hidrata\u00e7\u00e3o, distribu\u00eddos entre os seis postos. Ao todo, s\u00e3o 200 profissionais e 16 ambul\u00e2ncias com suporte avan\u00e7ado (UTI m\u00f3vel).<\/p>\n<p>A Secretaria Municipal de Sa\u00fade tem expertise de mais de tr\u00eas d\u00e9cadas no atendimento a grandes eventos e a ocorr\u00eancias com m\u00faltiplas v\u00edtimas. O plano de conting\u00eancia de carnaval tamb\u00e9m prepara a rede hospitalar para dar suporte \u00e0 estrutura montada no samb\u00f3dromo e nos blocos de rua, principalmente as unidades de urg\u00eancia e emerg\u00eancia, que t\u00eam os plant\u00f5es refor\u00e7ados para receber pacientes transferidos dos postos pr\u00e9-hospitalares quando necess\u00e1rio.<\/p>\n<p><strong>A\u00e7\u00f5es da Vigil\u00e2ncia Sanit\u00e1ria<\/strong><\/p>\n<p>J\u00e1 as equipes do Instituto Municipal de Vigil\u00e2ncia Sanit\u00e1ria, Vigil\u00e2ncia de Zoonoses e Inspe\u00e7\u00e3o Agropecu\u00e1ria (Ivisa-Rio) fizeram 58 visitas a servi\u00e7os de alimenta\u00e7\u00e3o, postos de atendimento m\u00e9dico, ambul\u00e2ncias, estandes e instala\u00e7\u00f5es no Samb\u00f3dromo. Ao todo, 17 amostras de alimentos foram coletadas para an\u00e1lise pelo Laborat\u00f3rio Municipal de Sa\u00fade P\u00fablica (LASP).<\/p>\n<p>Tamb\u00e9m foram entregues 225 placas adesivadas com informa\u00e7\u00f5es sobre a legisla\u00e7\u00e3o referente \u00e0s restri\u00e7\u00f5es de fumo em ambientes de uso coletivo total ou parcialmente fechados para afixa\u00e7\u00e3o nos camarotes.<\/p>\n<p><strong>COMLURB<\/strong><\/p>\n<p><strong>Comlurb recolhe 66,5 toneladas de res\u00edduos ap\u00f3s segunda noite de desfiles do Grupo Especial<\/strong><br \/><em>Nos blocos, equipes recolheram 61,4 toneladas de lixo<\/em><\/p>\n<p>A segunda noite dos desfiles das grandes escolas de samba do Carnaval Carioca, nesta segunda-feira (03\/03) no Samb\u00f3dromo, gerou 66,5 toneladas de res\u00edduos. Na \u00e1rea interna, foram 44 toneladas, sendo 5 toneladas de materiais potencialmente recicl\u00e1veis. J\u00e1 na \u00e1rea externa e no entorno do Samb\u00f3dromo, a companhia recolheu 17,5 toneladas. A limpeza da Passarela do Samba \u00e9 finalizada com a lavagem, que com ess\u00eancia de lavanda d\u00e1 um toque especial no servi\u00e7o.<\/p>\n<p>J\u00e1 os blocos de rua que sa\u00edram na segunda-feira somaram 61,4 toneladas de res\u00edduos, com destaque para o bloco Que Pena Amor, que gerou 9,2 toneladas. O bloco das Divas acumulou 6,8 toneladas, e o bloco do Sargento Pimenta, 3,7 toneladas.<\/p>\n<p>Os desfiles na Intendente Magalh\u00e3es e na Avenida Chile e os bailes populares nos bairros geraram 105 toneladas de res\u00edduos ao longo da segunda-feira.<\/p>\n<p>A Comlurb mobilizou cerca de 8.500 garis durante o Carnaval, trabalhando em todos os pontos de festa, como o Samb\u00f3dromo, blocos de rua, Intendente Magalh\u00e3es e bailes populares. A limpeza est\u00e1 sendo realizada com mais de 200 ve\u00edculos motorizados e com a disponibiliza\u00e7\u00e3o de aproximadamente 12.500 cont\u00eaineres de 240 litros e de grande capacidade, com 1.200 litros, para que os foli\u00f5es possam descartar corretamente seus res\u00edduos.<\/p>\n<p>A megaopera\u00e7\u00e3o de limpeza da Comlurb acontece antes, durante e ap\u00f3s os desfiles das escolas de samba e blocos, abrangendo as vias principais e ruas adjacentes, com servi\u00e7os de varri\u00e7\u00e3o mecanizada, lavagem, esvaziamento de papeleiras e cont\u00eaineres, al\u00e9m da remo\u00e7\u00e3o de res\u00edduos. Para garantir a limpeza dos ambientes, a Companhia contou com 20 mil litros de sab\u00e3o e 5 mil litros de ess\u00eancia de eucalipto, mais que o dobro da quantidade utilizada no ano passado. Esses produtos s\u00e3o aplicados ap\u00f3s a limpeza hidr\u00e1ulica e nos pulverizadores, especialmente nas \u00e1reas de banheiros qu\u00edmicos, proporcionando um ambiente mais agrad\u00e1vel para os foli\u00f5es.<\/p>\n<p>A Comlurb tamb\u00e9m realiza a limpeza dos dois postos m\u00e9dicos instalados nas \u00e1reas de desfile dos megablocos, no Centro, e dos quatro postos m\u00e9dicos do Samb\u00f3dromo. Cada posto de sa\u00fade conta com dois garis dedicados \u00e0 limpeza.<\/p>\n<p>Imagens: https:\/\/drive.google.com\/drive\/folders\/1c-9htTOdne2oZr69aE70zwSvQdG1f-7V?usp=sharing<\/p>\n<p><b>ASSIST\u00caNCIA SOCIAL\u00a0<\/b><\/p>\n<p><b>Equipes distribuem 1.142 pulseiras na quarta noite de carnaval no Rio<\/b><\/p>\n<p><i><span style=\"font-weight: 400\">SMAS atendeu 33 crian\u00e7as no Espa\u00e7o de Conviv\u00eancia oferecido aos filhos de ambulantes que atuam perto da Sapuca\u00ed<\/span><\/i><\/p>\n<p><span style=\"font-weight: 400\">A Secretaria Municipal de Assist\u00eancia Social (SMAS) seguiu atuando na prote\u00e7\u00e3o de crian\u00e7as e adolescentes durante o Carnaval. Na segunda-feira (03\/03), segundo dia de desfiles do Grupo Especial, 1.142 crian\u00e7as e adolescentes receberam pulseiras de identifica\u00e7\u00e3o em diferentes pontos da cidade.<\/span><\/p>\n<ul>\n<li style=\"font-weight: 400\"><span style=\"font-weight: 400\">Marqu\u00eas de Sapuca\u00ed (Grupo Especial) \u2013 236 pulseiras<\/span><\/li>\n<li style=\"font-weight: 400\"><span style=\"font-weight: 400\">Av. Intendente Magalh\u00e3es (blocos de enredo) \u2013 540 pulseiras<\/span><\/li>\n<li style=\"font-weight: 400\"><span style=\"font-weight: 400\">Parque Realengo Susana Naspolini \u2013 87 pulseiras<\/span><\/li>\n<li style=\"font-weight: 400\"><span style=\"font-weight: 400\">Sa\u00edda do Metr\u00f4 na Pra\u00e7a General Os\u00f3rio \u2013 279 pulseiras<\/span><\/li>\n<\/ul>\n<p><span style=\"font-weight: 400\">Al\u00e9m da identifica\u00e7\u00e3o, 33 crian\u00e7as foram atendidas no Espa\u00e7o de Conviv\u00eancia, no EDI Rachel de Queiroz, vizinho ao Samb\u00f3dromo. O servi\u00e7o \u00e9 oferecido aos filhos de ambulantes que trabalham perto da Sapuca\u00ed.<\/span><\/p>\n<p><span style=\"font-weight: 400\">Essas a\u00e7\u00f5es integram a campanha de Carnaval da SMAS: \u201cRespeite o meu samba, a inf\u00e2ncia e os nossos direitos: prote\u00e7\u00e3o \u00e9 o bloco de geral\u201d.<\/span><\/p>\n<p><b>CONSERVA\u00c7\u00c3O<\/b><\/p>\n<p><b>Equipes perfumam a Sapuca\u00ed e mant\u00e9m as galerias de escoamento limpas<\/b><\/p>\n<p><i><span style=\"font-weight: 400\">Pela primeira vez, durante os desfiles, os ralos da Passarela do Samba recebem desodorizadores<\/span><\/i><\/p>\n<p><span style=\"font-weight: 400\">Em um trabalho in\u00e9dito, a Coordenadoria Geral de Opera\u00e7\u00f5es Especiais, da Secretaria Municipal de Conserva\u00e7\u00e3o e Servi\u00e7os P\u00fablicos, em parceria com a Comlurb, aplicou ess\u00eancia aromatizante nos ralos da Marqu\u00eas de Sapuca\u00ed, ap\u00f3s a passagem de cada escola, durante o segundo dia de desfiles do Grupo. Segundo o secret\u00e1rio Diego Vaz, o objetivo \u00e9 dar um melhor conforto aos sambistas e ao p\u00fablico. Foram 138 aplica\u00e7\u00f5es dos desodorizadores na Passarela do Samba, em conjunto com o trabalho de limpeza da pista, realizado pela Comlurb.<\/span><\/p>\n<p><span style=\"font-weight: 400\">Durante o dia, os oper\u00e1rios da Secretaria de Conserva\u00e7\u00e3o fizeram reparos na Sapuca\u00ed, nivelando pequenas fissuras pr\u00f3ximas a tampas de bueiros.<\/span><\/p>\n<p><span style=\"font-weight: 400\">Ap\u00f3s mais uma noite, a equipe limpou os 46 ralos e desobstruiu os ramais do Samb\u00f3dromo.<\/span><\/p>\n<p><b>MULHERES<\/b><\/p>\n<p><b>Equipes atendem sete mulheres em noite de desfiles na Sapuca\u00ed e na Intendente Magalh\u00e3es<\/b><\/p>\n<p><i><span style=\"font-weight: 400\">Agentes da campanha Carnaval Mais Seguro para as Mulheres est\u00e3o nos principais pontos da folia no Rio<\/span><\/i><\/p>\n<p><span style=\"font-weight: 400\">A Secretaria Especial de Pol\u00edticas para Mulheres e Cuidados da Prefeitura do Rio realizou, na segunda-feira (3\/3), sete atendimentos na cidade (seis na Sapuca\u00ed e um na Estrada Intendente Magalh\u00e3es). As equipes da campanha Carnaval mais Seguro para as Mulheres est\u00e3o nos principais blocos e pontos da folia no Rio. O objetivo \u00e9 apoiar foli\u00e3s, turistas e trabalhadoras, al\u00e9m de promover conscientiza\u00e7\u00e3o sobre viol\u00eancia e importuna\u00e7\u00e3o sexual. A secretaria triplicou o n\u00famero de profissionais especializadas para oferecer acolhimento e suporte imediato \u00e0s mulheres em casos de ass\u00e9dio ou de viol\u00eancia e tamb\u00e9m encaminhamento de maneira emergencial, por meio de uma parceria com a L\u2019Or\u00e9al Paris. Ano passado, eram 88 mobilizadoras; este ano, s\u00e3o 270.<\/span><\/p>\n<p><b>MEIO AMBIENTE<\/b><\/p>\n<p><b>Folia Verde atinge 28,55 toneladas de res\u00edduos coletados neste Carnaval<\/b><\/p>\n<p><i><span style=\"font-weight: 400\">Equipes da SMAC trabalharam para garantir a limpeza e a destina\u00e7\u00e3o correta dos res\u00edduos gerados durante os desfiles<\/span><\/i><\/p>\n<p><span style=\"font-weight: 400\">A segunda-feira de Carnaval foi marcada por mais um dia de sucesso da campanha Folia Verde, promovida pela Secretaria Municipal de Meio Ambiente e Clima (SMAC). As a\u00e7\u00f5es de educa\u00e7\u00e3o ambiental e coleta seletiva continuaram a todo vapor, tanto na Marqu\u00eas de Sapuca\u00ed quanto nos diversos blocos de rua que animaram a cidade. Ao todo, 28,55 toneladas foram coletadas at\u00e9 o momento. O trabalho segue nesta ter\u00e7a-feira.<\/span><\/p>\n<p><span style=\"font-weight: 400\">Na Sapuca\u00ed, as equipes da SMAC trabalharam para garantir a limpeza e a destina\u00e7\u00e3o correta dos res\u00edduos gerados durante os desfiles das escolas de samba. Nos blocos de rua, os educadores ambientais interagiram com os foli\u00f5es, promovendo atividades l\u00fadicas e informativas sobre a import\u00e2ncia da sustentabilidade.<\/span><\/p>\n<p><span style=\"font-weight: 400\">Um dos pontos altos do dia foi a entrega do Selo Folia Verde para os blocos que se destacaram por suas pr\u00e1ticas sustent\u00e1veis. O reconhecimento \u00e9 um incentivo para que cada vez mais grupos adotem medidas que minimizem o impacto ambiental do Carnaval.<\/span><\/p>\n<p><span style=\"font-weight: 400\">At\u00e9 o pr\u00f3ximo domingo (9\/3), cerca de 13 blocos e megablocos ter\u00e3o recebido o Selo, que tamb\u00e9m foi entregue \u00e0 Rio Carnaval\/Liesa.<\/span><\/p>\n<p><b>DEFESA DO CONSUMIDOR<\/b><\/p>\n<p><b>Procon Carioca j\u00e1 realizou 81 fiscaliza\u00e7\u00f5es na Sapuca\u00ed em quatro noites de desfiles<\/b><\/p>\n<p><i><span style=\"font-weight: 400\">No segundo dia de desfiles do Grupo Especial, agentes retornaram a seis estabelecimentos que j\u00e1 haviam sido fiscalizados<\/span><\/i><\/p>\n<p><span style=\"font-weight: 400\">No segundo dia do desfile do Grupo Especial, nesta segunda-feira (3), a Secretaria de Prote\u00e7\u00e3o e Defesa do Consumidor, atrav\u00e9s do Procon Carioca, retornou a seis estabelecimentos na Sapuca\u00ed, que j\u00e1 tinham sido fiscalizados e receberam orienta\u00e7\u00e3o para adequa\u00e7\u00f5es \u00e0s normas. Todos eles regularizaram suas pend\u00eancias. Nos quatro dias de desfiles, os fiscais do Procon Carioca realizaram 81 fiscaliza\u00e7\u00f5es no total.<\/span><\/p>\n<p><b>Fiscaliza\u00e7\u00f5es<\/b><\/p>\n<p><span style=\"font-weight: 400\">28\/02 (sexta) \u2013 23<\/span><\/p>\n<p><span style=\"font-weight: 400\">01\/03 (s\u00e1bado) \u2013 31<\/span><\/p>\n<p><span style=\"font-weight: 400\">02\/03 (domingo) \u2013 21<\/span><\/p>\n<p><span style=\"font-weight: 400\">03\/03 (segunda) \u2013 06<\/span><\/p>\n<p><b><br \/>PROGRAMA\u00c7\u00c3O\u00a0<\/b><\/p>\n<p><b>TER\u00c7A-FEIRA (04\/3)\u00a0<\/b><\/p>\n<p><b>Desfiles na Marqu\u00eas de Sapuca\u00ed\u00a0<\/b><\/p>\n<p><span style=\"font-weight: 400\">Na ter\u00e7a-feira (04\/3), a partir das 22h, quatro escolas do Grupo Especial se apresentam na Marqu\u00eas de Sapuca\u00ed e encerram o hist\u00f3rico desfile das escolas do Grupo Especial do Carnaval carioca. Mocidade Independente de Padre Miguel abre a noite, seguida de Para\u00edso do Tuiuti e Acad\u00eamicos do Grande Rio. A Portela encerra a noite de desfiles.\u00a0<\/span><\/p>\n<p><span style=\"font-weight: 400\">A Mocidade far\u00e1 uma viagem intergal\u00e1ctica, onde ela se reconecta com seu brilho mais intenso, o de uma Estrela jovem, para questionar os pr\u00f3ximos passos em um manifesto pelo futuro da humanidade. O Para\u00edso do Tuiuti trar\u00e1 para a Sapuca\u00ed a hist\u00f3ria de Xica Manicongo, considerada a primeira travesti do Brasil. A Grande Rio far\u00e1 uma viagem pelas \u00e1guas misteriosas do Par\u00e1, com o enredo Pororocas Parawaras: As \u00c1guas dos Meus Encantos nas Contas dos Curimb\u00f3s. Para fechar a noite, Portela homenagear\u00e1 Milton Nascimento.\u00a0<\/span><\/p>\n<p><b>Confira a programa\u00e7\u00e3o desta ter\u00e7a-feira na Marques de Sapuca\u00ed:\u00a0<\/b><\/p>\n<p><b>GRUPO ESPECIAL:<\/b><\/p>\n<p><b>Ter\u00e7a, 04\/03\/2025:\u00a0<\/b><\/p>\n<p><span style=\"font-weight: 400\">22h \u2013 Mocidade\u00a0<\/span><\/p>\n<p><span style=\"font-weight: 400\">23h20 \u2013 23h30 \u2013 Para\u00edso do Tuiuti\u00a0<\/span><\/p>\n<p><span style=\"font-weight: 400\">0h40 \u2013 1h \u2013 Grande Rio\u00a0<\/span><\/p>\n<p><span style=\"font-weight: 400\">2h \u2013 2h30 \u2013 Portela\u00a0<\/span><\/p>\n<p><b>Terreir\u00e3o do Samba\u00a0<\/b><\/p>\n<p><span style=\"font-weight: 400\">A festa no Terreir\u00e3o do Samba segue a pleno vapor! No oitavo dia de apresenta\u00e7\u00f5es, o Terreir\u00e3o do Samba recebe Suel, Dilsinho, Matheus Santos, Pagode do Adame e DJ da FM O Dia para abrir e fechar o evento com chave de ouro. Nessa edi\u00e7\u00e3o, o p\u00fablico vai poder curtir shows de \u00edcones do samba, al\u00e9m de diversos destaques da nova gera\u00e7\u00e3o, a pre\u00e7o popular: R$ 20 (meia-entrada ou entrada solid\u00e1ria, com 1kg de alimento n\u00e3o perec\u00edvel).\u00a0<\/span><\/p>\n<p><span style=\"font-weight: 400\">Os port\u00f5es da casa mais democr\u00e1tica e ic\u00f4nica do samba abrem sempre \u00e0s 20h. Para facilitar, o foli\u00e3o pode antecipar a compra do seu ingresso pela plataforma: www.bilheteriadigital.com.br, mas se preferir pode comprar na hora tamb\u00e9m. Hor\u00e1rio de funcionamento da bilheteria do Terreir\u00e3o: a partir do dia 20\/02, das 12h \u00e0s 19h, e nos dias de eventos, das 17h \u00e0s 3h.<\/span><\/p>\n<p>\u00a0<\/p>\n<p><b>Confira a programa\u00e7\u00e3o desta ter\u00e7a-feira no Terreir\u00e3o do Samba:\u00a0<\/b><\/p>\n<p><b>Ter\u00e7a-feira | 04\/03<\/b><\/p>\n<p><span style=\"font-weight: 400\">20h \u2013 21h30 \u2013 DJ FM O Dia<\/span><\/p>\n<p><span style=\"font-weight: 400\">21h30 \u2013 23h \u2013 Matheus Santos<\/span><\/p>\n<p><span style=\"font-weight: 400\">23h30 \u2013 0h40 \u2013 Pagode do Adame<\/span><\/p>\n<p><span style=\"font-weight: 400\">01h10 \u2013 2h20 \u2013 Suel<\/span><\/p>\n<p><span style=\"font-weight: 400\">02h50 \u2013 4h20 \u2013 Dilsinho<\/span><\/p>\n<p><span style=\"font-weight: 400\">04h20 \u2013 5h \u2013 DJ FM O Dia<\/span><\/p>\n<p><b>SERVI\u00c7O:<\/b><\/p>\n<p><span style=\"font-weight: 400\">Terreir\u00e3o do Samba<\/span><\/p>\n<p><span style=\"font-weight: 400\">Local: Rua Benedito Hip\u00f3lito 66, Pra\u00e7a Onze<\/span><\/p>\n<p><span style=\"font-weight: 400\">Ingressos: a partir de R$ 20, \u00e0 venda pelo site e <\/span><span style=\"font-weight: 400\">www.bilheteriadigital.com.br<\/span><span style=\"font-weight: 400\"> e na Bilheteria do Terreir\u00e3o<\/span><\/p>\n<p><b>Bailes da Cinel\u00e2ndia<\/b><\/p>\n<p><span style=\"font-weight: 400\">Muito al\u00e9m dos blocos de rua e dos desfiles apote\u00f3ticos da Sapuca\u00ed, h\u00e1 outra op\u00e7\u00e3o de folia que j\u00e1 virou tradi\u00e7\u00e3o na cidade: os bailes da Cinel\u00e2ndia! No palco armado diante das escadarias da C\u00e2mara Municipal, artistas diversos e Orquestra, fazem a festa com uma sele\u00e7\u00e3o de temas carnavalescos e marchinhas cl\u00e1ssicas durante os quatro dias de programa\u00e7\u00e3o!<\/span><\/p>\n<p><span style=\"font-weight: 400\">Nesta ter\u00e7a-feira (04\/03), o palco do Baile da Cinel\u00e2ndia contar\u00e1 com 11 apresenta\u00e7\u00f5es, abrindo e encerrando a noite com a Orquestra Tupy. Tamb\u00e9m ser\u00e3o realizados os Concursos do Foli\u00e3o Original nas Bexiga\/Sombrinha. \u00c0s 20h, o baile come\u00e7a com a Orquestra Tupy e, ao longo da programa\u00e7\u00e3o, artistas como S\u00f4nia Delphino, Alberto Gino, Osmar do Bregue, Reginaldo Bessa, Marcio Gomes, Ellen de Lima, entre outros animar\u00e3o o p\u00fablico.\u00a0<\/span><\/p>\n<p><b>Confira a programa\u00e7\u00e3o desta ter\u00e7a-feira no Baile da Cinel\u00e2ndia:\u00a0<\/b><\/p>\n<p><b>4 DE MAR\u00c7O DE 2025 \u2013 TER\u00c7A-FEIRA<\/b><\/p>\n<p><b>HOR\u00c1RIO: a partir das 19h30<\/b><\/p>\n<p><span style=\"font-weight: 400\">20h \u2013 20h30 \u2013 Orquestra Tupy<\/span><\/p>\n<p><span style=\"font-weight: 400\">20h30 \u2013\u00a0 20h50 \u2013 S\u00f4nia Delphino\u00a0<\/span><\/p>\n<p><span style=\"font-weight: 400\">20h50 \u2013 21h10 \u2013 Alberto Gino\u00a0<\/span><\/p>\n<p><span style=\"font-weight: 400\">21h10 \u2013 21h30 \u2013 Osmar do Bregue\u00a0<\/span><\/p>\n<p><span style=\"font-weight: 400\">21h30 \u2013 21h50 \u2013 Reginaldo Bessa\u00a0<\/span><\/p>\n<p><span style=\"font-weight: 400\">21h50 \u2013 22h10 \u2013 Tom da Bahia<\/span><\/p>\n<p><span style=\"font-weight: 400\">22h10 \u2013 22h30 \u2013 Intervalo Locutor\/DJ<\/span><\/p>\n<p><span style=\"font-weight: 400\">22h30 \u2013 22h50 \u2013 Marcio Gomes<\/span><\/p>\n<p><span style=\"font-weight: 400\">22h50 \u2013\u00a0 23h10 \u2013 Ellen de Lima<\/span><\/p>\n<p><span style=\"font-weight: 400\">23h10 \u2013 23h30 \u2013 Gottsha<\/span><\/p>\n<p><span style=\"font-weight: 400\">23h30 \u2013 23h50 \u2013 Luis Cesar<\/span><\/p>\n<p><span style=\"font-weight: 400\">23h50 \u2013 1h \u2013 Encerramento Orquestra Tupy<\/span><\/p>\n<p><b>Blocos de embalo e de enredo da Avenida Chile e Intendente Magalh\u00e3es<\/b><\/p>\n<p><span style=\"font-weight: 400\">A cidade \u00e9 folia por todos os cantos, dos blocos de rua aos desfiles no Samb\u00f3dromo. A festa n\u00e3o para! E, fugindo dos roteiros tradicionais, o Carnaval carioca ganha refor\u00e7o com uma programa\u00e7\u00e3o variada pelo Centro do Rio, com desfiles na Avenida Chile, e na Zona Norte, na conhecida Intendente Magalh\u00e3es.<\/span><\/p>\n<p><b>Confira abaixo a ordem dos desfiles da S\u00e9rie Prata da Intendente Magalh\u00e3es nesta ter\u00e7a-feira (04\/03):<\/b><\/p>\n<p><b><i>S\u00e9rie Prata: desfiles em 2, 3 e 4 de mar\u00e7o<\/i><\/b><\/p>\n<p><b>Ter\u00e7a, 4 de mar\u00e7o<\/b><\/p>\n<p><span style=\"font-weight: 400\">Avalia\u00e7\u00e3o :<\/span><\/p>\n<p><span style=\"font-weight: 400\">18h \u2013 Am\u00e9rica Samba e Paix\u00e3o\u00a0<\/span><\/p>\n<p><span style=\"font-weight: 400\">18h30 \u2013 Coroado de Jacarepagu\u00e1\u00a0<\/span><\/p>\n<p><span style=\"font-weight: 400\">Desfiles:<\/span><\/p>\n<p><span style=\"font-weight: 400\">20h \u2013 Boi da Ilha do Governador<\/span><\/p>\n<p><span style=\"font-weight: 400\">\u00a020h40 \u2013 Imp\u00e9rio da Uva\u00a0<\/span><\/p>\n<p><span style=\"font-weight: 400\">21h20 \u2013 Tubar\u00e3o de Mesquita\u00a0<\/span><\/p>\n<p><span style=\"font-weight: 400\">22h \u2013 Acad\u00eamicos da Aboli\u00e7\u00e3o\u00a0<\/span><\/p>\n<p><span style=\"font-weight: 400\">22h40 \u2013 Alegria do Vilar\u00a0<\/span><\/p>\n<p><span style=\"font-weight: 400\">23h20 \u2013 Unidos do Jacarezinho\u00a0<\/span><\/p>\n<p><span style=\"font-weight: 400\">0h \u2013 Concentra Imperial\u00a0<\/span><\/p>\n<p><span style=\"font-weight: 400\">0h40 \u2013 Imp\u00e9rio da Tijuca<\/span><\/p>\n<p><span style=\"font-weight: 400\">1h20 \u2013 Cubango\u00a0<\/span><\/p>\n<p><span style=\"font-weight: 400\">2h \u2013 Vila Santa Tereza<\/span><\/p>\n<p>\u00a0<\/p>\n<p><b>Confira abaixo a ordem dos desfiles da Av. Chile neste ter\u00e7a-feira (04\/03):<\/b><\/p>\n<p><b>Ter\u00e7a-feira, 4 de mar\u00e7o \u2013 Desfiles de Blocos de Embalo \u2013 LIBERJ<\/b><\/p>\n<p><span style=\"font-weight: 400\">14h \u2013 Chorou Cu\u00edca\u00a0<\/span><\/p>\n<p><span style=\"font-weight: 400\">14h30 \u2013\u00a0 BIS \u2013 Imperadores\u00a0<\/span><\/p>\n<p><span style=\"font-weight: 400\">14h30 \u2013 Banda da Folia\u00a0<\/span><\/p>\n<p><span style=\"font-weight: 400\">15h \u2013 Cobras do Arsenal\u00a0<\/span><\/p>\n<p><span style=\"font-weight: 400\">15h30 \u2013 Banda 40 graus\u00a0<\/span><\/p>\n<p><span style=\"font-weight: 400\">16h- Embaixadores da Folia<\/span><\/p>\n<p><b><br \/>Blocos de Rua\u00a0<\/b><\/p>\n<p><b>54 blocos desfilam pelas ruas da cidade hoje, ter\u00e7a-feira (04\/03)<\/b><\/p>\n<p><span style=\"font-weight: 400\">A ter\u00e7a-feira de carnaval ser\u00e1 animada!\u00a0<\/span><\/p>\n<p><span style=\"font-weight: 400\">Na ter\u00e7a-feira (4), tem como destaque o Fervo da Lud, megabloco da cantora Ludmilla, que arrasta multid\u00f5es pela Primeira de Mar\u00e7o. Al\u00e9m disso, a Orquestra Voadora vai agitar o Aterro do Flamengo, a partir das 14h. O Clube do Samba com Diogo Nogueira levar\u00e1\u00a0 muita m\u00fasica e alegria para a orla de Copacabana e o tradicional, Vagalume, O Verde, vai fazer a festa no Jardim Bot\u00e2nico. Ser\u00e3o <\/span><b>243 <\/b><span style=\"font-weight: 400\">blocos at\u00e9 a quarta-feira de Cinzas. E outros <\/span><b>38 <\/b><span style=\"font-weight: 400\">no final de semana ap\u00f3s o carnaval.<\/span><\/p>\n<p>\u00a0<\/p>\n<p><b>PROGRAMA\u00c7\u00c3O<\/b><\/p>\n<p><span style=\"font-weight: 400\">Para ver a programa\u00e7\u00e3o completa dos blocos, com data, hor\u00e1rio e percurso, basta baixar o aplicativo Blocos do Rio 2025, dispon\u00edvel em todas as plataformas digitais. A ferramenta \u00e9 gratuita e funciona por geolocaliza\u00e7\u00e3o. Para mais informa\u00e7\u00f5es, basta acessar o site carnavalderua.rio, que, al\u00e9m da programa\u00e7\u00e3o, apresenta not\u00edcias, galerias e as informa\u00e7\u00f5es mais atualizadas do Carnaval de Rua Rio 2025.<\/span><\/p>\n<p><span style=\"font-weight: 400\">App Store: <\/span><span style=\"font-weight: 400\">https:\/\/apps.apple.com\/us\/app\/blocos-do-rio-2025\/id6740534225<\/span><span style=\"font-weight: 400\">\u00a0<\/span><\/p>\n<p><span style=\"font-weight: 400\">Google Play: <\/span><span style=\"font-weight: 400\">https:\/\/play.google.com\/store\/apps\/details?id=br.com.roadmaps.BlocosRio2025&amp;hl=pt_BR&amp;pli=1<\/span><span style=\"font-weight: 400\">\u00a0<\/span><\/p>\n<p><b><br \/>Recomenda\u00e7\u00f5es Importantes<\/b><\/p>\n<ul>\n<li><span style=\"font-weight: 400\">Use preferencialmente o transporte p\u00fablico (trem ou metr\u00f4);<\/span><\/li>\n<li><span style=\"font-weight: 400\">Se for embarcar no Aeroporto Santos Dumont e Rodovi\u00e1ria do Rio procure antecipar a sua chegada;<\/span><\/li>\n<li><span style=\"font-weight: 400\">Evite circular de carro nas regi\u00f5es por onde vai haver deslocamento de blocos e de carros aleg\u00f3ricos;<\/span><\/li>\n<li><span style=\"font-weight: 400\">Busque rotas alternativas. H\u00e1 um grande n\u00famero de interdi\u00e7\u00f5es pela cidade, com <\/span><span style=\"font-weight: 400\">movimenta\u00e7\u00e3o de carros aleg\u00f3ricos, blocos e cortejos;<\/span><\/li>\n<li><span style=\"font-weight: 400\">Nos dias de Carnaval, a Prefeitura do Rio monitora a concentra\u00e7\u00e3o de p\u00fablico na regi\u00e3o da Lapa, contudo n\u00e3o est\u00e3o previstas interdi\u00e7\u00f5es ao tr\u00e1fego na localidade;<\/span><\/li>\n<li><span style=\"font-weight: 400\">Respeite os locais de proibi\u00e7\u00e3o de estacionamento e fique atento aos hor\u00e1rios de restri\u00e7\u00e3o,pois reboques est\u00e3o circulando pela cidade;<\/span><\/li>\n<li><span style=\"font-weight: 400\">Para garantir a seguran\u00e7a dos foli\u00f5es, informamos que a travessia deve ser realizada exclusivamente na faixa de pedestres e sempre com aten\u00e7\u00e3o redobrada;<\/span><\/li>\n<li><span style=\"font-weight: 400\">\u00c9 muito importante que sejam respeitadas as orienta\u00e7\u00f5es dos agentes de tr\u00e2nsito e tamb\u00e9m de toda a sinaliza\u00e7\u00e3o implantada na \u00e1rea;<\/span><\/li>\n<li><span style=\"font-weight: 400\">Moradores que possuam carro particular e vaga de garagem e que necessitem acessar a regi\u00e3o interditada do Samb\u00f3dromo devem faz\u00ea-lo pelo Largo do Est\u00e1cio, sempre portando comprovante de resid\u00eancia (conta de luz, g\u00e1s, telefone) em seu nome.<\/span><\/li>\n<\/ul>\n<p>             <!-- Compartilhe ---><\/p>\n<p>\t\t\t <!-- TAGS --><\/p>\n<section class=\"category-tags\">\n<div class=\"marcacao-category\">\n<article class=\"category-post\">\n<p>Categoria: <\/p>\n<\/article>\n<li>4 de mar\u00e7o de 2025<\/li><\/div>\n<article class=\"tags\">\n\t\t\t\t\tMarca\u00e7\u00f5es: Beija-Flor Carnaval Carnaval 2025 Prefeitura do Rio Salgueiro Samb\u00f3dromo Servi\u00e7os Unidos da Tijuca Vila Isabel<br \/><\/article>\n<\/section>\n<p>            <!-- Mais Not&iacute;cias --><\/p>\n<p>\t\t<!-- Conte&uacute;do SIDEBAR --><\/p><\/div>\n","protected":false},"excerpt":{"rendered":"<p>Desfile da Beija-Flor, durante o segundo dia de desfile das Escolas de Samba do Grupo Especial &#8211; Foto: F\u00e1bio Motta\/Prefeitura do Rio No segundo dia de desfiles do Grupo Especial, Unidos da Tijuca, Beija-Flor, Salgueiro e\u00a0 Vila Isabel entraram na avenida, em noite marcada por homenagens.\u00a0 A Unidos da Tijuca contou a hist\u00f3ria do orix\u00e1 &#8230; <a title=\"Carnaval 2025: Segundo dia de desfiles do Grupo Especial \u00e9 marcado por homenagens &#8211; Prefeitura da Cidade do Rio de Janeiro\" class=\"read-more\" href=\"https:\/\/superinteressantes.com.br\/index.php\/2025\/03\/04\/carnaval-2025-segundo-dia-de-desfiles-do-grupo-especial-e-marcado-por-homenagens-prefeitura-da-cidade-do-rio-de-janeiro\/\" aria-label=\"More on Carnaval 2025: Segundo dia de desfiles do Grupo Especial \u00e9 marcado por homenagens &#8211; Prefeitura da Cidade do Rio de Janeiro\">Ler mais<\/a><\/p>\n","protected":false},"author":1,"featured_media":0,"comment_status":"","ping_status":"","sticky":false,"template":"","format":"standard","meta":{"footnotes":""},"categories":[1],"tags":[],"class_list":["post-22357","post","type-post","status-publish","format-standard","hentry","category-sem-categoria"],"amp_enabled":true,"_links":{"self":[{"href":"https:\/\/superinteressantes.com.br\/index.php\/wp-json\/wp\/v2\/posts\/22357","targetHints":{"allow":["GET"]}}],"collection":[{"href":"https:\/\/superinteressantes.com.br\/index.php\/wp-json\/wp\/v2\/posts"}],"about":[{"href":"https:\/\/superinteressantes.com.br\/index.php\/wp-json\/wp\/v2\/types\/post"}],"author":[{"embeddable":true,"href":"https:\/\/superinteressantes.com.br\/index.php\/wp-json\/wp\/v2\/users\/1"}],"replies":[{"embeddable":true,"href":"https:\/\/superinteressantes.com.br\/index.php\/wp-json\/wp\/v2\/comments?post=22357"}],"version-history":[{"count":0,"href":"https:\/\/superinteressantes.com.br\/index.php\/wp-json\/wp\/v2\/posts\/22357\/revisions"}],"wp:attachment":[{"href":"https:\/\/superinteressantes.com.br\/index.php\/wp-json\/wp\/v2\/media?parent=22357"}],"wp:term":[{"taxonomy":"category","embeddable":true,"href":"https:\/\/superinteressantes.com.br\/index.php\/wp-json\/wp\/v2\/categories?post=22357"},{"taxonomy":"post_tag","embeddable":true,"href":"https:\/\/superinteressantes.com.br\/index.php\/wp-json\/wp\/v2\/tags?post=22357"}],"curies":[{"name":"wp","href":"https:\/\/api.w.org\/{rel}","templated":true}]}}