{"id":22354,"date":"2025-03-04T17:12:12","date_gmt":"2025-03-04T20:12:12","guid":{"rendered":"https:\/\/superinteressantes.com.br\/index.php\/2025\/03\/04\/salas-de-vacinas-e-pontos-moveis-retomam-a-programacao-preventiva-nesta-quarta-feira-de-cinzas\/"},"modified":"2025-03-04T17:12:12","modified_gmt":"2025-03-04T20:12:12","slug":"salas-de-vacinas-e-pontos-moveis-retomam-a-programacao-preventiva-nesta-quarta-feira-de-cinzas","status":"publish","type":"post","link":"https:\/\/superinteressantes.com.br\/index.php\/2025\/03\/04\/salas-de-vacinas-e-pontos-moveis-retomam-a-programacao-preventiva-nesta-quarta-feira-de-cinzas\/","title":{"rendered":"Salas de vacinas e pontos m\u00f3veis retomam a programa\u00e7\u00e3o preventiva nesta Quarta-feira de Cinzas"},"content":{"rendered":"<p><\/p>\n<div>\n<p>Durante as festividades de Carnaval, a Prefeitura de Jo\u00e3o Pessoa manteve os servi\u00e7os destinados \u00e0 vacina\u00e7\u00e3o, pontos m\u00f3veis e salas de vacinas, suspensos. As atividades ser\u00e3o retomadas nesta Quarta-feira de Cinzas (5), com a oferta dos imunizantes dispon\u00edveis no Calend\u00e1rio Nacional de Vacina\u00e7\u00e3o para toda popula\u00e7\u00e3o que precise atualizar a caderneta ou tomar as vacinas das campanhas ativas.<\/p>\n<figure class=\"wp-block-image size-large\"><\/figure>\n<p>\u201cChamamos e alertamos aquelas pessoas que est\u00e3o com a caderneta ou o cart\u00e3o de vacina aprazados, com datas de retorno para iniciar ou completar o esquema vacinal, que pode ser feito em qualquer servi\u00e7o de sa\u00fade mais pr\u00f3ximo da sua resid\u00eancia. Nesta Quarta-feira de Cinzas, os servi\u00e7os da Rede Municipal de Sa\u00fade e pontos m\u00f3veis disponibilizar\u00e3o essa assist\u00eancia preventiva a partir das 12h\u201d, destacou Fernando Virgolino, chefe da Se\u00e7\u00e3o de Imuniza\u00e7\u00e3o da Prefeitura de Jo\u00e3o Pessoal.<\/p>\n<p>Para garantir a assist\u00eancia, a Prefeitura de Jo\u00e3o Pessoa disponibiliza diversos servi\u00e7os de sa\u00fade e os tr\u00eas pontos m\u00f3veis para vacina\u00e7\u00e3o, com hor\u00e1rios diferenciados. Os pontos m\u00f3veis est\u00e3o localizados no Home Center Ferreira Costa, no Shopping Sul e no Shopping Tambi\u00e1, atendendo a popula\u00e7\u00e3o com servi\u00e7os de vacina\u00e7\u00e3o at\u00e9 as 21h, com a oferta de todos os imunizantes que integram o Calend\u00e1rio Nacional.<\/p>\n<p>Para ter acesso \u00e0 vacina\u00e7\u00e3o, o cidad\u00e3o deve apresentar um documento oficial com foto ou certid\u00e3o de nascimento da crian\u00e7a ou adolescente, al\u00e9m do Cart\u00e3o SUS e o cart\u00e3o ou caderneta de vacina.<\/p>\n<p><strong>Locais e hor\u00e1rios para vacina\u00e7\u00e3o em Jo\u00e3o Pessoa nesta semana:<\/strong><\/p>\n<p><strong>Unidades de Sa\u00fade da Fam\u00edlia (USFs)<\/strong><\/p>\n<p>Vacinas do calend\u00e1rio de rotina;<\/p>\n<p>Vacinas de campanha:<\/p>\n<p>-Dengue: adolescentes de 10 a 14 anos;<\/p>\n<p>Hor\u00e1rio: 7h \u00e0s 11h e das 12h \u00e0s 16h;<\/p>\n<p><strong>USF Integrada Cruz das Armas<\/strong><\/p>\n<p>-Covid-19: crian\u00e7as menores de 5 anos e grupos priorit\u00e1rios.<\/p>\n<p>Hor\u00e1rio: 7h \u00e0s 11h e das 12h \u00e0s 16h;<\/p>\n<p><strong>Policl\u00ednicas Municipais<\/strong><\/p>\n<p>Vacinas do calend\u00e1rio de rotina;<\/p>\n<p>Vacinas de campanha:<\/p>\n<p>\u2013 Dengue: adolescentes de 10 a 14 anos;<\/p>\n<p>\u2013 Covid-19: crian\u00e7as menores de 5 anos e grupos priorit\u00e1rios;<\/p>\n<p>Hor\u00e1rio: 8h \u00e0s 16h;<\/p>\n<p><strong>Centro Municipal de Imuniza\u00e7\u00e3o<\/strong><\/p>\n<p>Vacinas do calend\u00e1rio de rotina;<\/p>\n<p>Vacinas de campanha:<\/p>\n<p>\u2013 Dengue: adolescentes de 10 a 14 anos;<\/p>\n<p>\u2013 Covid-19: crian\u00e7as menores de 5 anos e grupos priorit\u00e1rios;<\/p>\n<p>Hor\u00e1rio: 8h \u00e0s 16h;<\/p>\n<p><strong>Home Center Ferreira Costa<\/strong><\/p>\n<p>Vacinas do calend\u00e1rio de rotina;<\/p>\n<p>Vacinas de campanha:<\/p>\n<p>\u2013 Dengue: adolescentes de 10 a 14 anos;<\/p>\n<p>\u2013 Covid-19: crian\u00e7as menores de 5 anos e grupos priorit\u00e1rios;<\/p>\n<p>Hor\u00e1rio: 12h \u00e0s 21h (segunda a sexta-feira) e das 8h \u00e0s 16h (aos s\u00e1bados)<\/p>\n<p><strong>Shopping Sul<\/strong><\/p>\n<p>Vacinas do calend\u00e1rio de rotina;<\/p>\n<p>Vacinas de campanha:<\/p>\n<p>\u2013 Dengue: adolescentes de 10 a 14 anos;<\/p>\n<p>\u2013 Covid-19: crian\u00e7as menores de 5 anos e grupos priorit\u00e1rios;<\/p>\n<p>Hor\u00e1rio: 12h \u00e0s 21h (segunda a sexta-feira) e das 10h \u00e0s 16h (aos s\u00e1bados)<\/p>\n<p><strong>Shopping Tambi\u00e1<\/strong><\/p>\n<p>Vacinas do calend\u00e1rio de rotina;<\/p>\n<p>Vacinas de campanha:<\/p>\n<p>\u2013 Dengue: adolescentes de 10 a 14 anos;<\/p>\n<p>\u2013 Covid-19: crian\u00e7as menores de 5 anos e grupos priorit\u00e1rios;<\/p>\n<p>Hor\u00e1rio: 12h \u00e0s 21h (segunda a sexta-feira) e das 9h \u00e0s 16h (aos s\u00e1bados)<\/p>\n<\/p><\/div>\n","protected":false},"excerpt":{"rendered":"<p>Durante as festividades de Carnaval, a Prefeitura de Jo\u00e3o Pessoa manteve os servi\u00e7os destinados \u00e0 vacina\u00e7\u00e3o, pontos m\u00f3veis e salas de vacinas, suspensos. As atividades ser\u00e3o retomadas nesta Quarta-feira de Cinzas (5), com a oferta dos imunizantes dispon\u00edveis no Calend\u00e1rio Nacional de Vacina\u00e7\u00e3o para toda popula\u00e7\u00e3o que precise atualizar a caderneta ou tomar as vacinas &#8230; <a title=\"Salas de vacinas e pontos m\u00f3veis retomam a programa\u00e7\u00e3o preventiva nesta Quarta-feira de Cinzas\" class=\"read-more\" href=\"https:\/\/superinteressantes.com.br\/index.php\/2025\/03\/04\/salas-de-vacinas-e-pontos-moveis-retomam-a-programacao-preventiva-nesta-quarta-feira-de-cinzas\/\" aria-label=\"More on Salas de vacinas e pontos m\u00f3veis retomam a programa\u00e7\u00e3o preventiva nesta Quarta-feira de Cinzas\">Ler mais<\/a><\/p>\n","protected":false},"author":1,"featured_media":0,"comment_status":"","ping_status":"","sticky":false,"template":"","format":"standard","meta":{"footnotes":""},"categories":[1],"tags":[],"class_list":["post-22354","post","type-post","status-publish","format-standard","hentry","category-sem-categoria"],"amp_enabled":true,"_links":{"self":[{"href":"https:\/\/superinteressantes.com.br\/index.php\/wp-json\/wp\/v2\/posts\/22354","targetHints":{"allow":["GET"]}}],"collection":[{"href":"https:\/\/superinteressantes.com.br\/index.php\/wp-json\/wp\/v2\/posts"}],"about":[{"href":"https:\/\/superinteressantes.com.br\/index.php\/wp-json\/wp\/v2\/types\/post"}],"author":[{"embeddable":true,"href":"https:\/\/superinteressantes.com.br\/index.php\/wp-json\/wp\/v2\/users\/1"}],"replies":[{"embeddable":true,"href":"https:\/\/superinteressantes.com.br\/index.php\/wp-json\/wp\/v2\/comments?post=22354"}],"version-history":[{"count":0,"href":"https:\/\/superinteressantes.com.br\/index.php\/wp-json\/wp\/v2\/posts\/22354\/revisions"}],"wp:attachment":[{"href":"https:\/\/superinteressantes.com.br\/index.php\/wp-json\/wp\/v2\/media?parent=22354"}],"wp:term":[{"taxonomy":"category","embeddable":true,"href":"https:\/\/superinteressantes.com.br\/index.php\/wp-json\/wp\/v2\/categories?post=22354"},{"taxonomy":"post_tag","embeddable":true,"href":"https:\/\/superinteressantes.com.br\/index.php\/wp-json\/wp\/v2\/tags?post=22354"}],"curies":[{"name":"wp","href":"https:\/\/api.w.org\/{rel}","templated":true}]}}