{"id":22347,"date":"2025-03-04T13:17:37","date_gmt":"2025-03-04T16:17:37","guid":{"rendered":"https:\/\/superinteressantes.com.br\/index.php\/2025\/03\/04\/chuva-nao-atrapalha-desfiles-e-publico-lota-arquibancadas-na-terceira-noite-do-carnaval-tradicao\/"},"modified":"2025-03-04T13:17:37","modified_gmt":"2025-03-04T16:17:37","slug":"chuva-nao-atrapalha-desfiles-e-publico-lota-arquibancadas-na-terceira-noite-do-carnaval-tradicao","status":"publish","type":"post","link":"https:\/\/superinteressantes.com.br\/index.php\/2025\/03\/04\/chuva-nao-atrapalha-desfiles-e-publico-lota-arquibancadas-na-terceira-noite-do-carnaval-tradicao\/","title":{"rendered":"Chuva n\u00e3o atrapalha desfiles e p\u00fablico lota arquibancadas na terceira noite do Carnaval Tradi\u00e7\u00e3o"},"content":{"rendered":"<p><\/p>\n<div>\n<p>A chuva veio, mas n\u00e3o atrapalhou a terceira noite do Carnaval Tradi\u00e7\u00e3o 2025 que recebeu, nesta segunda-feira (3), 13 agremia\u00e7\u00f5es na Avenida Duarte da Silveira. O evento, que \u00e9 uma realiza\u00e7\u00e3o da Prefeitura de Jo\u00e3o Pessoa, por meio da sua Funda\u00e7\u00e3o Cultural (Funjope), e Liga Carnavalesca de Jo\u00e3o Pessoa, segue at\u00e9 esta ter\u00e7a-feira (4), a partir das 17h.<\/p>\n<figure class=\"wp-block-gallery has-nested-images columns-default is-cropped wp-block-gallery-1 is-layout-flex wp-block-gallery-is-layout-flex\">\n<figure class=\"wp-block-image size-large\"><\/figure>\n<figure class=\"wp-block-image size-large\"><\/figure>\n<figure class=\"wp-block-image size-large\"><\/figure>\n<figure class=\"wp-block-image size-large\"><\/figure>\n<figure class=\"wp-block-image size-large\"><\/figure>\n<\/figure>\n<p>\u201cEstamos constatando neste ano de 2025 um forte crescimento do nosso Carnaval Tradi\u00e7\u00e3o. A nossa pol\u00edtica de cultura, de prote\u00e7\u00e3o e de acolhimento \u00e0s culturas populares, culturas carnavalescas, come\u00e7a a dar resultados. A prova \u00e9 esse bel\u00edssimo Carnaval Tradi\u00e7\u00e3o. Todas as agremia\u00e7\u00f5es est\u00e3o muito mais qualificadas. Elas vieram preparadas para uma bel\u00edssima disputa\u201d, avaliou o diretor executivo da Funjope, Marcus Alves.<\/p>\n<p>Ele tamb\u00e9m comentou a import\u00e2ncia da valoriza\u00e7\u00e3o das culturas populares. \u201cN\u00f3s sabemos que \u00e9 muito importante para a Prefeitura de Jo\u00e3o Pessoa esse movimento de est\u00edmulo e fortalecimento das culturas populares de perfil carnavalesco. Cada ala ursa, cada tribo ind\u00edgena carnavalesca, cada clube de orquestra e escola de samba, assim como os maracatus, desenvolvem a nossa mem\u00f3ria, a nossa hist\u00f3ria e carregam marcas das nossas identidades enquanto povo, enquanto cidade. Da\u00ed a import\u00e2ncia de valorizarmos, promovermos e estimularmos o Carnaval Tradi\u00e7\u00e3o\u201d, acrescentou o diretor.<\/p>\n<figure class=\"wp-block-gallery has-nested-images columns-default is-cropped wp-block-gallery-2 is-layout-flex wp-block-gallery-is-layout-flex\">\n<figure class=\"wp-block-image\"><\/figure>\n<figure class=\"wp-block-image\"><\/figure>\n<figure class=\"wp-block-image\"><\/figure>\n<\/figure>\n<p><strong>Terceira noite \u2013 <\/strong>Nesta segunda-feira (3), as estrelas da programa\u00e7\u00e3o foram os convidados Maracatu P\u00e9 de Elefante, Maracatu Baque Mulher e Ala Ursa Urso Alpha. Desfilaram ainda as ala ursas Treme Terra (A), Gorila Louco (A), Urso Branco (A), Urso da Paz (A), Gavi\u00e3o (A), Santa Cruz (A), Sem Len\u00e7o e Sem Documento (A), Solit\u00e1rio (A), Panda (A) e Jamaica (A).<\/p>\n<p><strong>P\u00fablico \u2013 <\/strong>A cada noite do Carnaval Tradi\u00e7\u00e3o o p\u00fablico mostra que \u00e9 apaixonado pelo evento, por suas agremia\u00e7\u00f5es e faz quest\u00e3o de prestigi\u00e1-las. Nesta segunda-feira, mesmo com a chuva, a dona de casa Luci Medeiros foi para a avenida.<\/p>\n<p>\u201cPassei o dia torcendo para a chuva parar e n\u00e3o atrapalhar os desfiles, mas mesmo se tivesse chovendo muito eu teria vindo. Eu amo o Carnaval Tradi\u00e7\u00e3o. Essa chuvinha que passou por aqui serviu para aliviar o calor. Fica at\u00e9 mais emocionante. Est\u00e1 maravilhoso\u201d, disse.<\/p>\n<p>O servente de pedreiro Willison Santiago tamb\u00e9m n\u00e3o perde o evento. \u201cEu venho sempre para o Carnaval Tradi\u00e7\u00e3o. Acho muito bacana, organizado. \u00c9 uma cultura antiga e \u00e9 bom sempre estar apresentando isso ao pessoal mais jovem. Valoriza as escolas de samba, mas tamb\u00e9m as ala ursas, as tribos ind\u00edgenas e os clubes de frevo. Vim curtir e me sinto bem tranq\u00fcilo, porque \u00e9 um ambiente muito seguro\u201d, observou.<\/p>\n<figure class=\"wp-block-gallery has-nested-images columns-default is-cropped wp-block-gallery-3 is-layout-flex wp-block-gallery-is-layout-flex\">\n<figure class=\"wp-block-image\"><\/figure>\n<figure class=\"wp-block-image\"><\/figure>\n<figure class=\"wp-block-image\"><\/figure>\n<figure class=\"wp-block-image\"><\/figure>\n<\/figure>\n<p>A lavadeira Sueli F\u00e9lix tamb\u00e9m \u00e9 uma admiradora do Carnaval Tradi\u00e7\u00e3o. \u201cEu gosto muito desse evento. N\u00e3o perco nunca e todo ano estou aqui. Al\u00e9m de ser uma valoriza\u00e7\u00e3o da nossa cultura, com essa beleza que est\u00e1 desfilando, eu me sinto bastante segura aqui, porque a gente v\u00ea que tem policiamento. Venho sempre com a minha fam\u00edlia\u201d, afirmou.<\/p>\n<p>Alexandra da Silva \u00e9 t\u00e9cnica de enfermagem e aproveitou a folga para prestigiar o desfile. \u201cEu gosto muito do Carnaval Tradi\u00e7\u00e3o. Venho todos os anos e vejo que est\u00e1 melhor, a arquibancada, tem espa\u00e7o, seguran\u00e7a tamb\u00e9m. Estou preparada para ficar at\u00e9 o final. Essa \u00e9 a nossa cultura viva\u201d, comentou.<\/p>\n<p><strong>Comerciantes \u2013 <\/strong>Enquanto o p\u00fablico se diverte assistindo aos desfiles, os ambulantes cadastrados pela Prefeitura trabalham para servir da melhor forma, oferecendo uma variedade de alimentos e bebidas.<\/p>\n<p>\u201cJ\u00e1 trabalhei no Carnaval Tradi\u00e7\u00e3o e estamos vendo muito movimento, muitas pessoas. Ano passado teve muita gente tamb\u00e9m e este ano uma das coisas boas \u00e9 que aumentou os clientes. Ent\u00e3o, a gente tem mais chance de vender e faturar. O movimento at\u00e9 agora est\u00e1 \u00f3timo\u201d, afirmou Joyce Livramento.<\/p>\n<figure class=\"wp-block-gallery has-nested-images columns-default is-cropped wp-block-gallery-4 is-layout-flex wp-block-gallery-is-layout-flex\">\n<figure class=\"wp-block-image\"><\/figure>\n<figure class=\"wp-block-image\"><\/figure>\n<figure class=\"wp-block-image\"><\/figure>\n<figure class=\"wp-block-image\"><\/figure>\n<figure class=\"wp-block-image\"><\/figure>\n<\/figure>\n<p>Audilene Quirino da Silva comemorou as boas vendas. \u201cEsse Carnaval est\u00e1 muito bom para mim. Estou vendendo bem e n\u00e3o tenho do que reclamar. A clientela est\u00e1 chegando e o melhor \u00e9 que temos mais um dia para trabalhar\u201d, disse.<\/p>\n<p>A comerciante Elisabeth Dias da Concei\u00e7\u00e3o tamb\u00e9m afirmou que est\u00e1 tendo um bom retorno. \u201cAqui est\u00e1 muito bom. Estamos conseguindo uma rendinha para levar para casa. As pessoas est\u00e3o procurando muito meus produtos, caipifruta, hamb\u00farguer, cachorro quente, espetinho, batata frita, caldinhos\u201d, destacou.<\/p>\n<figure class=\"wp-block-gallery has-nested-images columns-default is-cropped wp-block-gallery-5 is-layout-flex wp-block-gallery-is-layout-flex\">\n<figure class=\"wp-block-image\"><\/figure>\n<figure class=\"wp-block-image\"><\/figure>\n<figure class=\"wp-block-image\"><\/figure>\n<figure class=\"wp-block-image\"><\/figure>\n<figure class=\"wp-block-image\"><\/figure>\n<\/figure>\n<p><strong>Sa\u00fade \u2013 <\/strong>A Secretaria Municipal de Sa\u00fade (SMS) montou um posto especial oferecendo servi\u00e7os de teste r\u00e1pido de hepatite, s\u00edfilis e HIV, al\u00e9m de distribui\u00e7\u00e3o de preservativos e orienta\u00e7\u00e3o \u00e0 popula\u00e7\u00e3o com rela\u00e7\u00e3o \u00e0 preven\u00e7\u00e3o durante o Carnaval. Os foli\u00f5es podem fazer testagem r\u00e1pida no ponto fixo e a equipe da Sa\u00fade distribui preservativos na avenida com o p\u00fablico.<\/p>\n<figure class=\"wp-block-gallery has-nested-images columns-default is-cropped wp-block-gallery-6 is-layout-flex wp-block-gallery-is-layout-flex\">\n<figure class=\"wp-block-image\"><\/figure>\n<figure class=\"wp-block-image\"><\/figure>\n<figure class=\"wp-block-image\"><\/figure>\n<\/figure>\n<p>\u201cA procura est\u00e1 muito boa. Nesses tr\u00eas dias, uma m\u00e9dia de 400 pessoas nos procuraram. A receptividade est\u00e1 sendo importante. \u00c9 sinal de que est\u00e3o entendendo a import\u00e2ncia da preven\u00e7\u00e3o, do diagn\u00f3stico precoce para poder fazer o tratamento o quanto mais cedo para ter melhor efic\u00e1cia\u201d, explicou J\u00e9ssica Mendon\u00e7a, chefe da Se\u00e7\u00e3o de DST\/Aids e Hepatites Virais.<\/p>\n<figure class=\"wp-block-gallery has-nested-images columns-default is-cropped wp-block-gallery-7 is-layout-flex wp-block-gallery-is-layout-flex\">\n<figure class=\"wp-block-image\"><\/figure>\n<figure class=\"wp-block-image\"><\/figure>\n<figure class=\"wp-block-image\"><\/figure>\n<figure class=\"wp-block-image\"><\/figure>\n<figure class=\"wp-block-image\"><\/figure>\n<figure class=\"wp-block-image\"><\/figure>\n<\/figure>\n<p><strong>Seguran\u00e7a \u2013 <\/strong>Durante a programa\u00e7\u00e3o do Carnaval de Jo\u00e3o Pessoa, desde as pr\u00e9vias at\u00e9 o Carnaval Tradi\u00e7\u00e3o, os foli\u00f5es contam com um aparato de seguran\u00e7a que envolve a Pol\u00edcia Militar, Pol\u00edcia Civil, Guarda Civil Metropolitana e Corpo de Bombeiros. Por noite, somente a Pol\u00edcia Militar conta com um efetivo m\u00e9dio de 50 policiais a p\u00e9 e no servi\u00e7o motorizado, utilizando cinco viaturas.<\/p>\n<p>A a\u00e7\u00e3o tamb\u00e9m conta com o apoio de diversas secretarias municipais, a exemplo da Superintend\u00eancia Executiva de Mobilidade Urbana (Semob), Desenvolvimento Urbano (Sedurb), Infraestrutura (Seinfra), Sa\u00fade (SMS) e da Autarquia Especial Municipal de Limpeza Urbana (Emlur).<\/p>\n<figure class=\"wp-block-gallery has-nested-images columns-default is-cropped wp-block-gallery-8 is-layout-flex wp-block-gallery-is-layout-flex\">\n<figure class=\"wp-block-image\"><\/figure>\n<figure class=\"wp-block-image\"><\/figure>\n<figure class=\"wp-block-image\"><\/figure>\n<figure class=\"wp-block-image\"><\/figure>\n<figure class=\"wp-block-image\"><\/figure>\n<\/figure>\n<p><strong>Programa\u00e7\u00e3o desta ter\u00e7a-feira (4) \u2013 17h<\/strong><\/p>\n<p>Maracatu Quilombo Nag\u00f4 (convidado)<\/p>\n<p>Nova Gera\u00e7\u00e3o (convidado)<\/p>\n<p>Acorda V\u00e1rzea Nova (convidado)<\/p>\n<p>Anos Dourados (B)<\/p>\n<p>Branco do 13 (B)<\/p>\n<p>Ala Ursa Selvagem (B)<\/p>\n<p>Ala Ursa Canibal (B)<\/p>\n<p>Ala Ursa Alegria do Panda (B)<\/p>\n<p>Ala Ursa Macaco Louco (B)<\/p>\n<p>Ala Ursa Pardo (B)<\/p>\n<p>Ala Ursa Foli\u00e3o (B)<\/p>\n<p>Celebridade (B)<\/p>\n<\/p><\/div>\n","protected":false},"excerpt":{"rendered":"<p>A chuva veio, mas n\u00e3o atrapalhou a terceira noite do Carnaval Tradi\u00e7\u00e3o 2025 que recebeu, nesta segunda-feira (3), 13 agremia\u00e7\u00f5es na Avenida Duarte da Silveira. O evento, que \u00e9 uma realiza\u00e7\u00e3o da Prefeitura de Jo\u00e3o Pessoa, por meio da sua Funda\u00e7\u00e3o Cultural (Funjope), e Liga Carnavalesca de Jo\u00e3o Pessoa, segue at\u00e9 esta ter\u00e7a-feira (4), a &#8230; <a title=\"Chuva n\u00e3o atrapalha desfiles e p\u00fablico lota arquibancadas na terceira noite do Carnaval Tradi\u00e7\u00e3o\" class=\"read-more\" href=\"https:\/\/superinteressantes.com.br\/index.php\/2025\/03\/04\/chuva-nao-atrapalha-desfiles-e-publico-lota-arquibancadas-na-terceira-noite-do-carnaval-tradicao\/\" aria-label=\"More on Chuva n\u00e3o atrapalha desfiles e p\u00fablico lota arquibancadas na terceira noite do Carnaval Tradi\u00e7\u00e3o\">Ler mais<\/a><\/p>\n","protected":false},"author":1,"featured_media":0,"comment_status":"","ping_status":"","sticky":false,"template":"","format":"standard","meta":{"footnotes":""},"categories":[1],"tags":[],"class_list":["post-22347","post","type-post","status-publish","format-standard","hentry","category-sem-categoria"],"amp_enabled":true,"_links":{"self":[{"href":"https:\/\/superinteressantes.com.br\/index.php\/wp-json\/wp\/v2\/posts\/22347","targetHints":{"allow":["GET"]}}],"collection":[{"href":"https:\/\/superinteressantes.com.br\/index.php\/wp-json\/wp\/v2\/posts"}],"about":[{"href":"https:\/\/superinteressantes.com.br\/index.php\/wp-json\/wp\/v2\/types\/post"}],"author":[{"embeddable":true,"href":"https:\/\/superinteressantes.com.br\/index.php\/wp-json\/wp\/v2\/users\/1"}],"replies":[{"embeddable":true,"href":"https:\/\/superinteressantes.com.br\/index.php\/wp-json\/wp\/v2\/comments?post=22347"}],"version-history":[{"count":0,"href":"https:\/\/superinteressantes.com.br\/index.php\/wp-json\/wp\/v2\/posts\/22347\/revisions"}],"wp:attachment":[{"href":"https:\/\/superinteressantes.com.br\/index.php\/wp-json\/wp\/v2\/media?parent=22347"}],"wp:term":[{"taxonomy":"category","embeddable":true,"href":"https:\/\/superinteressantes.com.br\/index.php\/wp-json\/wp\/v2\/categories?post=22347"},{"taxonomy":"post_tag","embeddable":true,"href":"https:\/\/superinteressantes.com.br\/index.php\/wp-json\/wp\/v2\/tags?post=22347"}],"curies":[{"name":"wp","href":"https:\/\/api.w.org\/{rel}","templated":true}]}}