{"id":22339,"date":"2025-03-04T08:21:02","date_gmt":"2025-03-04T11:21:02","guid":{"rendered":"https:\/\/superinteressantes.com.br\/index.php\/2025\/03\/04\/the-masked-singer-brasil-5-descobrimos-quem-e-odete-roitman-ator-e-cantor\/"},"modified":"2025-03-04T08:21:02","modified_gmt":"2025-03-04T11:21:02","slug":"the-masked-singer-brasil-5-descobrimos-quem-e-odete-roitman-ator-e-cantor","status":"publish","type":"post","link":"https:\/\/superinteressantes.com.br\/index.php\/2025\/03\/04\/the-masked-singer-brasil-5-descobrimos-quem-e-odete-roitman-ator-e-cantor\/","title":{"rendered":"The Masked Singer Brasil 5, Descobrimos Quem \u00e9 Odete Roitman, ator e cantor"},"content":{"rendered":"<p> Por MRNews<br \/>\n<\/p>\n<div wp_automatic_readability=\"84.19602106495\">\n<p>No The Masked Singer Brasil 2025, ainda h\u00e1 v\u00e1rios mascarados n\u00e3o revelados, como Odete Roitman, Nazar\u00e9 Tedesco, Carminha, Tieta, Sol, Foguinho, conde Vlad<\/p>\n<p><strong>Quem \u00e9 a Odete Roitman do \u2018The Masked Singer Brasil\u2019 5?<\/strong><\/p>\n<p>O \u201cThe Masked Singer Brasil\u201d 5 segue surpreendendo os telespectadores com suas revela\u00e7\u00f5es e performances. Na edi\u00e7\u00e3o de 02 de fevereiro de 2025, um dos grandes mist\u00e9rios do programa envolve a identidade da famosa Odete Roitman, personagem ic\u00f4nica da novela <em>Vale Tudo<\/em>. A grande expectativa foi finalmente revelada: por tr\u00e1s da m\u00e1scara de Odete Roitman est\u00e1 o ator <strong>Diego Martins<\/strong>.<\/p>\n<p>Diego, que se tornou conhecido por seu trabalho na televis\u00e3o, escondeu sua identidade sob a fantasia da vil\u00e3 imortalizada por Beatriz Segall, em <em>Vale Tudo<\/em>, em 1988. A personagem Odete Roitman \u00e9 considerada uma das mais lembradas pela audi\u00eancia, e a escolha de um ator para interpret\u00e1-la no programa \u00e9 uma homenagem clara a essa figura marcante da teledramaturgia brasileira.<\/p>\n<p>O epis\u00f3dio do <em>The Masked Singer Brasil<\/em> tamb\u00e9m celebrou o legado do <em>Video Show<\/em>, ic\u00f4nico programa da TV Globo, com a presen\u00e7a de duas ex-apresentadoras que fizeram hist\u00f3ria na atra\u00e7\u00e3o: Ang\u00e9lica e Cissa Guimar\u00e3es. Elas se juntaram ao j\u00fari, composto por Belo, Tata Werneck, Tony Ramos e Sabrina Sato, na miss\u00e3o de adivinhar as identidades por tr\u00e1s das fantasias de grandes personagens das novelas que marcaram os 60 anos da TV Globo.<\/p>\n<p>Al\u00e9m de Odete Roitman, outros personagens tamb\u00e9m chamaram aten\u00e7\u00e3o, como Bruno Mezenga, Foguinho e Tieta, que abrilhantaram as apresenta\u00e7\u00f5es do reality. A din\u00e2mica do programa envolveu performances musicais seguidas de vota\u00e7\u00e3o do p\u00fablico e um duelo entre os dois participantes com menor pontua\u00e7\u00e3o. O j\u00fari, ent\u00e3o, teve a responsabilidade de desmascarar um deles, mantendo o outro na competi\u00e7\u00e3o.<\/p>\n<p>A revela\u00e7\u00e3o de Diego Martins como a Odete Roitman foi um dos momentos mais aguardados da temporada, que, at\u00e9 o momento, continua a emocionar e divertir o p\u00fablico com suas surpresas e homenagens \u00e0 cultura pop brasileira.<\/p>\n<p>A competi\u00e7\u00e3o seguir\u00e1 at\u00e9 o dia 06 de abril de 2025, e os f\u00e3s podem esperar mais performances incr\u00edveis e revela\u00e7\u00f5es de outras personalidades mascaradas nas pr\u00f3ximas semanas.<\/p>\n<p>Se nada mudar, o ator <strong>Diego Martins<\/strong> ser\u00e1 o respons\u00e1vel por dar vida \u00e0 ic\u00f4nica fantasia de Odete Roitman na quinta temporada do <em>The Masked Singer Brasil 5<\/em>. Conhecido por sua versatilidade e carisma, Diego promete encantar o p\u00fablico ao homenagear uma das vil\u00e3s mais marcantes da teledramaturgia nacional, trazendo uma interpreta\u00e7\u00e3o que une irrever\u00eancia e eleg\u00e2ncia, e reafirmando o compromisso do programa em mesclar entretenimento de alta qualidade com refer\u00eancias inesquec\u00edveis da nossa cultura televisiva.<\/p>\n<p>.<\/p>\n<p><!-- CONTENT END 2 --><\/p><\/div>\n","protected":false},"excerpt":{"rendered":"<p>Por MRNews No The Masked Singer Brasil 2025, ainda h\u00e1 v\u00e1rios mascarados n\u00e3o revelados, como Odete Roitman, Nazar\u00e9 Tedesco, Carminha, Tieta, Sol, Foguinho, conde Vlad Quem \u00e9 a Odete Roitman do \u2018The Masked Singer Brasil\u2019 5? O \u201cThe Masked Singer Brasil\u201d 5 segue surpreendendo os telespectadores com suas revela\u00e7\u00f5es e performances. Na edi\u00e7\u00e3o de 02 &#8230; <a title=\"The Masked Singer Brasil 5, Descobrimos Quem \u00e9 Odete Roitman, ator e cantor\" class=\"read-more\" href=\"https:\/\/superinteressantes.com.br\/index.php\/2025\/03\/04\/the-masked-singer-brasil-5-descobrimos-quem-e-odete-roitman-ator-e-cantor\/\" aria-label=\"More on The Masked Singer Brasil 5, Descobrimos Quem \u00e9 Odete Roitman, ator e cantor\">Ler mais<\/a><\/p>\n","protected":false},"author":3,"featured_media":0,"comment_status":"","ping_status":"","sticky":false,"template":"","format":"standard","meta":{"footnotes":""},"categories":[1],"tags":[],"class_list":["post-22339","post","type-post","status-publish","format-standard","hentry","category-sem-categoria"],"amp_enabled":true,"_links":{"self":[{"href":"https:\/\/superinteressantes.com.br\/index.php\/wp-json\/wp\/v2\/posts\/22339","targetHints":{"allow":["GET"]}}],"collection":[{"href":"https:\/\/superinteressantes.com.br\/index.php\/wp-json\/wp\/v2\/posts"}],"about":[{"href":"https:\/\/superinteressantes.com.br\/index.php\/wp-json\/wp\/v2\/types\/post"}],"author":[{"embeddable":true,"href":"https:\/\/superinteressantes.com.br\/index.php\/wp-json\/wp\/v2\/users\/3"}],"replies":[{"embeddable":true,"href":"https:\/\/superinteressantes.com.br\/index.php\/wp-json\/wp\/v2\/comments?post=22339"}],"version-history":[{"count":0,"href":"https:\/\/superinteressantes.com.br\/index.php\/wp-json\/wp\/v2\/posts\/22339\/revisions"}],"wp:attachment":[{"href":"https:\/\/superinteressantes.com.br\/index.php\/wp-json\/wp\/v2\/media?parent=22339"}],"wp:term":[{"taxonomy":"category","embeddable":true,"href":"https:\/\/superinteressantes.com.br\/index.php\/wp-json\/wp\/v2\/categories?post=22339"},{"taxonomy":"post_tag","embeddable":true,"href":"https:\/\/superinteressantes.com.br\/index.php\/wp-json\/wp\/v2\/tags?post=22339"}],"curies":[{"name":"wp","href":"https:\/\/api.w.org\/{rel}","templated":true}]}}