{"id":22337,"date":"2025-03-03T23:55:58","date_gmt":"2025-03-04T02:55:58","guid":{"rendered":"https:\/\/superinteressantes.com.br\/index.php\/2025\/03\/03\/carnaval-tradicao-conta-com-desfiles-dos-maracatus-pe-de-elefante-baque-mulher-e-quilombo-nago\/"},"modified":"2025-03-03T23:55:58","modified_gmt":"2025-03-04T02:55:58","slug":"carnaval-tradicao-conta-com-desfiles-dos-maracatus-pe-de-elefante-baque-mulher-e-quilombo-nago","status":"publish","type":"post","link":"https:\/\/superinteressantes.com.br\/index.php\/2025\/03\/03\/carnaval-tradicao-conta-com-desfiles-dos-maracatus-pe-de-elefante-baque-mulher-e-quilombo-nago\/","title":{"rendered":"Carnaval Tradi\u00e7\u00e3o conta com desfiles dos maracatus P\u00e9 de Elefante, Baque Mulher e Quilombo Nag\u00f4"},"content":{"rendered":"<p><\/p>\n<div>\n<p>Os grupos de Maracatu Na\u00e7\u00e3o P\u00e9 de Elefante, Baque Mulher e Quilombo Nag\u00f4 desfilam nesta segunda (3) e ter\u00e7a-feira (4) na Avenida Duarte da Silveira, no Centro de Jo\u00e3o Pessoa. Os desfiles marcam a estreia oficial dos desfiles de maracatus na programa\u00e7\u00e3o do Carnaval Tradi\u00e7\u00e3o, promovido pela Prefeitura Municipal, por meio da sua Funda\u00e7\u00e3o Cultural (Funjope), dentro do projeto \u2018Folia em Sol Maior\u2019. O acesso \u00e9 gratuito. Seis grupos de maracatus desfilar\u00e3o, ao todo. Os desfiles come\u00e7am \u00e0s 17h.<\/p>\n<figure class=\"wp-block-gallery has-nested-images columns-default is-cropped wp-block-gallery-1 is-layout-flex wp-block-gallery-is-layout-flex\">\n<figure class=\"wp-block-image\"><\/figure>\n<figure class=\"wp-block-image\"><\/figure>\n<figure class=\"wp-block-image\"><\/figure>\n<\/figure>\n<p>O diretor da Funjope, Marcus Alves destacou a inclus\u00e3o oficial dos Maracatus no Carnaval Tradi\u00e7\u00e3o. \u201cN\u00f3s fizemos esse trabalho j\u00e1 h\u00e1 cerca de dois anos. Nesse per\u00edodo a gente vem conversando, dialogando com os Maracatus, organizando para dar visibilidade e para promover o fortalecimento da cultura do Maracatu na cidade de Jo\u00e3o Pessoa. E o resultado \u00e9 esse que n\u00f3s estamos vendo agora no Carnaval Tradi\u00e7\u00e3o, eles passaram a ser parte integrante do processo\u201d, comentou.<\/p>\n<p>Para Marcus Alves, os maracatus s\u00e3o merecedores desse tratamento e contam com o compromisso do governo de C\u00edcero Lucena com as culturas populares, de valorizar, estimular, proteger a tradi\u00e7\u00e3o e a mem\u00f3ria da cidade de Jo\u00e3o Pessoa. Ao todo foram inclu\u00eddos seis grupos \u2013 Maracastelo, Tambores do Tempo, Batuque de Raiz, programados para desfilar no final de semana de carnaval, e Maracatus Na\u00e7\u00e3o P\u00e9 de Elefante, Baque Mulher e Quilombo Nag\u00f4.<\/p>\n<p>Em m\u00e9dia, s\u00e3o 20 minutos de apresenta\u00e7\u00e3o de cada grupo na avenida. Os desfiles do Carnaval Tradi\u00e7\u00e3o acontecem de 1\u00ba a 4 de mar\u00e7o, datas oficiais do carnaval em todo o pa\u00eds. Al\u00e9m dos grupos de Maracatu, tomam conta da avenida os desfiles de ala-ursas, tribos ind\u00edgenas, orquestras de frevo e escolas de samba.<\/p>\n<p><strong>Maracatu Na\u00e7\u00e3o P\u00e9 de Elefante \u2013<\/strong> O grupo se apresenta na segunda-feira (3) de carnaval das 17h \u00e0s 17h20. \u201cA gente vem com grande expectativa para este ano, confeccionando novos figurinos, uma estampa pr\u00f3pria, roupas novas para as nossas caterinas, adere\u00e7os para nossas damas, nossas bonecas calungas tamb\u00e9m, al\u00e9m de construindo um novo estandarte e buscando trazer toda novidade e toda evolu\u00e7\u00e3o que a gente puder para esse momento. A gente vem com um repert\u00f3rio bem trabalhado, com evolu\u00e7\u00e3o de percuss\u00e3o, cantos, dan\u00e7a, coreografia. Vai ser muito bacana esse ano\u201d, explica Mestre Fernando Trajano.<\/p>\n<figure class=\"wp-block-gallery has-nested-images columns-default is-cropped wp-block-gallery-2 is-layout-flex wp-block-gallery-is-layout-flex\">\n<figure class=\"wp-block-image\"><\/figure>\n<\/figure>\n<p>Ele exalta a inclus\u00e3o dos Maracatus na programa\u00e7\u00e3o do Carnaval Tradi\u00e7\u00e3o este ano e acrescenta que isso representa um marco hist\u00f3rico. \u201c\u00c9 muito importante essa inclus\u00e3o dos maracatus no Carnaval Tradi\u00e7\u00e3o porque al\u00e9m de todo o movimento que a gente vem buscando construir e fortalecer, a gente vem fazendo uma retomada dessa cultura do maracatu que existiu na nossa cidade em d\u00e9cadas passadas. Hoje temos seis grupos e temos essa garantia de que todo ano os maracatus estar\u00e3o dentro do Carnaval Tradi\u00e7\u00e3o. A gente recebe esse incentivo para se organizar com os figurinos, estandartes, adere\u00e7os e log\u00edsticas de transporte, alimenta\u00e7\u00e3o, \u00e1gua, que \u00e9 bem puxado para os grupos\u201d.<\/p>\n<p>O Maracatu Na\u00e7\u00e3o P\u00e9 de Elefante foi fundado em maio de 2008, no bairro de Mangabeira, em Jo\u00e3o Pessoa, e atualmente tem suas atividades concentradas no bairro do Varadouro. A iniciativa foi do artista popular Fernando Trajano, sob influ\u00eancias de manifesta\u00e7\u00f5es culturais locais e regionais, com o apoio do Maracatu Na\u00e7\u00e3o Estrela Brilhante, de Recife (PE) que se tornou o padrinho cultural do Maracatu P\u00e9 de Elefante.<\/p>\n<p>\u201cO processo de cria\u00e7\u00e3o no Maracatu foi bem extenso. Eu sempre tive essa conex\u00e3o com a percuss\u00e3o, com a confec\u00e7\u00e3o e tinha amigos que se juntavam para fazer m\u00fasica, trabalhos culturais. Comecei a ampliar a quest\u00e3o da percuss\u00e3o, dando oficinas de percuss\u00e3o e explorando os ritmos nordestinos (\u2026) e da\u00ed explorando a ideia e o projeto de fundar um maracatu verdadeiro, um maracatu de tradi\u00e7\u00e3o, de raiz. Atualmente, o trabalho do grupo vai al\u00e9m das festividades carnavalescas e contribui social e culturalmente ao realizar oficinas abertas de percuss\u00e3o, dan\u00e7a e confec\u00e7\u00e3o e manuten\u00e7\u00e3o de instrumentos, roupas e adere\u00e7os durante todo o ano\u201d.<\/p>\n<p>Maria Isabel, designer gr\u00e1fico, conta como tem sido sua experi\u00eancia no grupo de maracatu. \u201cParticipar do Maracatu Na\u00e7\u00e3o P\u00e9 de Elefante \u00e9 mais do que fazer parte de um grupo cultural, \u00e9 viver a resist\u00eancia e a ancestralidade na pele. Mais do que tocar e dan\u00e7ar, fazemos parte de uma tradi\u00e7\u00e3o que resgata e fortalece nossas ra\u00edzes afro-ind\u00edgenas, aprendemos sobre ritmo, hist\u00f3ria, resist\u00eancia e pertencimento, ao mesmo tempo em que constru\u00edmos um espa\u00e7o de inclus\u00e3o e acolhimento. \u00c9 um lugar onde a cultura se mant\u00e9m viva, n\u00e3o apenas nas apresenta\u00e7\u00f5es, mas no dia a dia, nas trocas, nas oficinas e no compromisso de levar o maracatu adiante\u201d.<\/p>\n<p><strong>Baque Mulher \u2013<\/strong> Fundado em 2008 pela l\u00edder social e religiosa, Joana D\u2019Arc Cavalcante, o movimento nasceu na Comunidade do Bode, bairro do Pina, em Recife-PE e se estendeu pelo Brasil e pelo exterior, contando atualmente com 36 filiais no Brasil, na B\u00e9lgica e Portugal. H\u00e1 cerca de 30 anos as mulheres n\u00e3o podiam tocar os tambores do maracatu, vinham apenas como apoio, tinham que se travestir de homem, botar cal\u00e7a, prender cabelo. Em 2008, a Mestra Joana quebra esta barreira e o Movimento Baque Rosa e Laranja se espalha pelo Brasil e exterior, colocando a mulher para tocar alfaia, que \u00e9 o tambor, agb\u00ea, gongu\u00ea, ganz\u00e1, caixa, timbal e para apitar.<\/p>\n<figure class=\"wp-block-image size-large\"><\/figure>\n<p>\u201cEm Jo\u00e3o Pessoa o maracatu nasceu em 2017 como um movimento musical e social, atuando como uma rede de apoio e forma\u00e7\u00e3o sociocultural voltada a mulheres e crian\u00e7as no enfrentamento ao machismo, racismo, viol\u00eancia contra a mulher, a LGBTfobia e apoio a demandas decorrentes de vulnerabilidades sociais\u201d, explicou Aniely Mirtes, coordenadora do grupo na capital.<\/p>\n<p>Segundo ela, o Baque Mulher \u00e9 formado por crian\u00e7as, jovens e adultos, pessoas de 6 a 70 anos de idade, e apresenta m\u00fasicas autorais, da percuss\u00e3o e da dan\u00e7a, voltada ao resgate e manuten\u00e7\u00e3o da diversidade cultural existente no pa\u00eds. \u201cO grupo une uma apresenta\u00e7\u00e3o carregada de energia \u00e0 express\u00e3o feminina de luta e resist\u00eancia contra o racismo e machismo ainda presentes na sociedade\u201d.<\/p>\n<p>A t\u00e9cnica de enfermagem, Anely M\u00f4nica (Lila) participa desde 2020 e diz que encontra no Baque Mulher um ref\u00fagio. \u201cPara mim \u00e9 um lugar de conforto, onde eu renovo as minhas energias, cantando as loas, que s\u00e3o as m\u00fasicas tocadas pelo Maracatu, que falam dos orix\u00e1s e sobre a import\u00e2ncia da Lei Maria da Penha, por que n\u00f3s temos m\u00fasicas autorais de Mestre Joana Cavalcanti e de outras manas. Cantar essas loas me empodera, me conecta aos meus ancestrais, \u00e0 espiritualidade, aos orix\u00e1s, \u00e0 jurema sagrada, aos exus, \u00e0s pombas giras. \u00c9 um lugar que eu posso ser a mulher que eu sou, preta de periferia. Eu estou no meu lugar. \u00c9 um lugar de tranquilidade\u201d.<\/p>\n<p><strong>Maracatu Quilombo Nag\u00f4 \u2013<\/strong> O maracatu Quilombo Nag\u00f4 desfila na avenida entre 17h e 17h20 da ter\u00e7a-feira (4). \u201cEste ano o grupo contou com a prepara\u00e7\u00e3o da art\u00edstica visual B\u00e1rbara Quintino, que fez o figurino em di\u00e1logo com o Mestre Marc\u00edlio Alc\u00e2ntara, com base no contexto da espiritualidade e dos seus s\u00edmbolos\u201d, explica C\u00ednthia Ara\u00fajo, membro da diretoria do Quilombo Nag\u00f4.<\/p>\n<figure class=\"wp-block-image size-large\"><\/figure>\n<p>O grupo surgiu no bairro de Mangabeira com a inten\u00e7\u00e3o de ser um espa\u00e7o de encontro, de valoriza\u00e7\u00e3o da cultura popular e da cultura negra e dos seus elementos simb\u00f3licos religiosos, principalmente voltados para os jovens. \u201cO grupo foi criado em 2 de fevereiro de 2023, mas a vontade que ele existisse, \u00e9 muito anterior. Foi idealizado pelo pernambucano Mestre Marc\u00edlio Alc\u00e2ntara, nascido em Recife, no bairro de \u00c1gua Fria, no Alto do Pascal, lugar onde nasceu o maracatu de baque virado\u201d.<\/p>\n<p>O Mestre Marc\u00edlio tem suas origens na escola de samba Gigante do Samba e no Maracatu Estrela Brilhante do Recife e no Maracatu Ra\u00edzes de \u00c1frica. \u201cEm Jo\u00e3o Pessoa, foi um dos fundadores do Maracatu \u2018P\u00e9 de Elefante\u2019, junto com Fernando Trajano e do \u2018Tambores do Tempo\u2019, na condi\u00e7\u00e3o de educador da Escola Viva Olho do Tempo. A funda\u00e7\u00e3o do grupo Quilombo Nag\u00f4 tem rela\u00e7\u00e3o com esse processo coletivo\u201d, explica C\u00ednthia.<\/p>\n<p>\u201c\u00c9 importante frisar que a gente consegue perceber que o maracatu \u00e9 feito para qualquer pessoa. Maracatu n\u00e3o tem idade, g\u00eanero, n\u00e3o \u00e9 homem, n\u00e3o \u00e9 mulher, n\u00e3o faz discrimina\u00e7\u00e3o de sexualidade, de idade\u201d, conclui.<\/p>\n<p><strong>Programa\u00e7\u00e3o dos Grupos de Maracatu no Carnaval Tradi\u00e7\u00e3o 2025 na Avenida Duarte da Silveira \u2013 Centro<\/strong><\/p>\n<ul class=\"wp-block-list\">\n<li>P\u00e9 de Elefante \u2013 segunda (3) \u2013 17h \u00e0s 17h20<\/li>\n<li>Baque Mulher- segunda (3) \u2013 17h20 \u00e0s 17h40<\/li>\n<li>Quilombo Nag\u00f4 \u2013 ter\u00e7a (4) \u2013 17h \u00e0s 17h20<\/li>\n<\/ul><\/div>\n","protected":false},"excerpt":{"rendered":"<p>Os grupos de Maracatu Na\u00e7\u00e3o P\u00e9 de Elefante, Baque Mulher e Quilombo Nag\u00f4 desfilam nesta segunda (3) e ter\u00e7a-feira (4) na Avenida Duarte da Silveira, no Centro de Jo\u00e3o Pessoa. Os desfiles marcam a estreia oficial dos desfiles de maracatus na programa\u00e7\u00e3o do Carnaval Tradi\u00e7\u00e3o, promovido pela Prefeitura Municipal, por meio da sua Funda\u00e7\u00e3o Cultural &#8230; <a title=\"Carnaval Tradi\u00e7\u00e3o conta com desfiles dos maracatus P\u00e9 de Elefante, Baque Mulher e Quilombo Nag\u00f4\" class=\"read-more\" href=\"https:\/\/superinteressantes.com.br\/index.php\/2025\/03\/03\/carnaval-tradicao-conta-com-desfiles-dos-maracatus-pe-de-elefante-baque-mulher-e-quilombo-nago\/\" aria-label=\"More on Carnaval Tradi\u00e7\u00e3o conta com desfiles dos maracatus P\u00e9 de Elefante, Baque Mulher e Quilombo Nag\u00f4\">Ler mais<\/a><\/p>\n","protected":false},"author":1,"featured_media":0,"comment_status":"","ping_status":"","sticky":false,"template":"","format":"standard","meta":{"footnotes":""},"categories":[1],"tags":[],"class_list":["post-22337","post","type-post","status-publish","format-standard","hentry","category-sem-categoria"],"amp_enabled":true,"_links":{"self":[{"href":"https:\/\/superinteressantes.com.br\/index.php\/wp-json\/wp\/v2\/posts\/22337","targetHints":{"allow":["GET"]}}],"collection":[{"href":"https:\/\/superinteressantes.com.br\/index.php\/wp-json\/wp\/v2\/posts"}],"about":[{"href":"https:\/\/superinteressantes.com.br\/index.php\/wp-json\/wp\/v2\/types\/post"}],"author":[{"embeddable":true,"href":"https:\/\/superinteressantes.com.br\/index.php\/wp-json\/wp\/v2\/users\/1"}],"replies":[{"embeddable":true,"href":"https:\/\/superinteressantes.com.br\/index.php\/wp-json\/wp\/v2\/comments?post=22337"}],"version-history":[{"count":0,"href":"https:\/\/superinteressantes.com.br\/index.php\/wp-json\/wp\/v2\/posts\/22337\/revisions"}],"wp:attachment":[{"href":"https:\/\/superinteressantes.com.br\/index.php\/wp-json\/wp\/v2\/media?parent=22337"}],"wp:term":[{"taxonomy":"category","embeddable":true,"href":"https:\/\/superinteressantes.com.br\/index.php\/wp-json\/wp\/v2\/categories?post=22337"},{"taxonomy":"post_tag","embeddable":true,"href":"https:\/\/superinteressantes.com.br\/index.php\/wp-json\/wp\/v2\/tags?post=22337"}],"curies":[{"name":"wp","href":"https:\/\/api.w.org\/{rel}","templated":true}]}}